{"id":616333,"date":"2026-08-03T23:02:29","date_gmt":"2026-08-03T23:02:29","guid":{"rendered":"https:\/\/www.europesays.com\/it\/616333\/"},"modified":"2026-08-03T23:02:29","modified_gmt":"2026-08-03T23:02:29","slug":"cofidis-ufficiale-la-firma-di-valentin-madouas-fino-a-fine-2028-questa-scelta-e-stata-un-colpo-di-fulmine","status":"publish","type":"post","link":"https:\/\/www.europesays.com\/it\/616333\/","title":{"rendered":"Cofidis, ufficiale la firma di Valentin Madouas fino a fine 2028: &#8220;Questa scelta \u00e8 stata un colpo di fulmine&#8221;"},"content":{"rendered":"<p>\t\t<img width=\"1200\" height=\"800\" src=\"https:\/\/www.europesays.com\/it\/wp-content\/uploads\/2026\/07\/1276922920.jpg\" class=\"attachment-full size-full wp-post-image\" alt=\"\" data-main-img=\"1\" decoding=\"async\" fetchpriority=\"high\"  \/><\/p>\n<p>\t\t\t\t\t\t\t \u00a9 Sirotti<\/p>\n<p>\t\t\t\t\t<a href=\"https:\/\/cyclingpro.net\/spaziociclismo\/altro\/scopri-lapp-ufficiale-di-spaziociclismo\/\" title=\"\" rel=\"nofollow noopener\" target=\"_blank\"><br \/>\n\t\t\t\t\t\t<img loading=\"lazy\" decoding=\"async\" src=\"https:\/\/www.europesays.com\/it\/wp-content\/uploads\/2025\/09\/1758060682_662_Banner-App-SpazioCiclismo.png\" alt=\"\" width=\"728\" height=\"91\"\/><br \/>\n\t\t\t\t\t<\/a><\/p>\n<p><strong>Valentin Madouas<\/strong> difender\u00e0 i colori della <strong>Cofidis<\/strong> per i prossimi due anni. Dopo nove stagioni trascorse alla <strong>Groupama-FDJ United<\/strong>, squadra con la quale era passato professionista nel 2018, il corridore bretone si unir\u00e0 alla compagine diretta da <strong>Rapha\u00ebl Jeune<\/strong> a partire dal prossimo 1\u00b0 gennaio e (almeno) fino a fine 2028. Argento olimpico nella prova in linea dei Giochi di <strong>Parigi 2024<\/strong>, il 30enne \u00e8 un uomo da classiche (anche se nel 2022 riusc\u00ec a chiudere addirittura decimo nella classifica finale del Tour de France) capace di conquistare in carriera sette successi, tra i quali spiccano il titolo nazionale nel 2023 e la <strong>Bretagne Classic<\/strong> dello stesso anno. Questa resta per\u00f2 la sua ultima affermazione, non essendo riuscito nelle ultime annate a trovare gli stessi buoni risultati che aveva colto nella prima parte di carriera, che cercher\u00e0 quindi di rilanciare con questa nuova avventura nella compagine Professional transalpina.<\/p>\n<p> <a href=\"https:\/\/cyclingpro.net\/spaziociclismo\/abbonati\/\" rel=\"nofollow noopener\" target=\"_blank\"><img decoding=\"async\" src=\"https:\/\/www.europesays.com\/it\/wp-content\/uploads\/2026\/07\/Banner-AdFree-SpazioCiclismo.png\"\/><\/a><\/p>\n<p>\u201cSono rimasto molto colpito dai colloqui positivi che ho avuto con Rapha\u00ebl Jeune e la squadra Cofidis \u2013 ha commentato Madouas \u2013 <strong>Questa scelta \u00e8 stata un colpo di fulmine. Ho percepito molta sincerit\u00e0 e ho davvero apprezzato la volont\u00e0 della squadra di darmi una nuova opportunit\u00e0 e di riporre in me la propria fiducia<\/strong>. Il mio obiettivo \u00e8 semplice: ottenere buoni risultati e contribuire a dare prova di un atteggiamento esemplare nelle grandi gare. Sono un lavoratore e mi piace far parte di un gruppo in cui mi sento a mio agio per esprimermi al 100%. Provo sempre lo stesso piacere in sella alla bicicletta e voglio dare il meglio di me stesso. <strong>La mia esperienza \u00e8 un punto di forza e spero anche di trasmetterla ai pi\u00f9 giovani della squadra affinch\u00e9 continuino a crescere e a dare il meglio di s\u00e9<\/strong>\u201c.<\/p>\n<p>Seguici<\/p>\n<p>\t\t\t\t\t\t\t\t\t\t<a href=\"https:\/\/news.google.com\/publications\/CAAqKQgKIiNDQklTRkFnTWFoQUtEbU41WTJ4cGJtZHdjbTh1Ym1WMEtBQVAB?hl=it&amp;gl=IT&amp;ceid=IT%3Ait\" title=\"Google News\" target=\"_blank\" rel=\"nofollow noopener\" class=\"post-followus-btn google-new-btn\"><br \/>\n\t\t\t\t\t\t<img decoding=\"async\" src=\"https:\/\/cyclingpro.net\/spaziociclismo\/wp-content\/themes\/jannah\/assets\/images\/google-news.svg\" alt=\"Google News\" loading=\"lazy\" width=\"120\" height=\"22\"\/><br \/>\n\t\t\t\t\t<\/a><br \/>\n\t\t\t\t\t\t\t\t\t\t<a href=\"https:\/\/flipboard.com\/@SpazioCiclismo\" title=\"Flipboard\" target=\"_blank\" rel=\"nofollow noopener\" class=\"post-followus-btn flipboard-btn\"><br \/>\n\t\t\t\t\t\t<img decoding=\"async\" src=\"https:\/\/cyclingpro.net\/spaziociclismo\/wp-content\/themes\/jannah\/assets\/images\/flipboard.svg\" alt=\"Flipboard\" loading=\"lazy\" width=\"152\" height=\"30\"\/><br \/>\n\t\t\t\t\t<\/a><\/p>\n","protected":false},"excerpt":{"rendered":"\u00a9 Sirotti Valentin Madouas difender\u00e0 i colori della Cofidis per i prossimi due anni. Dopo nove stagioni trascorse&hellip;\n","protected":false},"author":3,"featured_media":598745,"comment_status":"","ping_status":"","sticky":false,"template":"","format":"standard","meta":{"footnotes":"","_share_on_mastodon":"0"},"categories":[1456],"tags":[1824,139641,112740,1825,1537,90,89,245,244,177164],"class_list":["post-616333","post","type-post","status-publish","format-standard","has-post-thumbnail","category-ciclismo","tag-ciclismo","tag-ciclomercato-2027","tag-cofidis-2026","tag-cycling","tag-it","tag-italia","tag-italy","tag-sport","tag-sports","tag-valentin-madouas"],"share_on_mastodon":{"url":"https:\/\/pubeurope.com\/@it\/117034074782715249","error":""},"_links":{"self":[{"href":"https:\/\/www.europesays.com\/it\/wp-json\/wp\/v2\/posts\/616333","targetHints":{"allow":["GET"]}}],"collection":[{"href":"https:\/\/www.europesays.com\/it\/wp-json\/wp\/v2\/posts"}],"about":[{"href":"https:\/\/www.europesays.com\/it\/wp-json\/wp\/v2\/types\/post"}],"author":[{"embeddable":true,"href":"https:\/\/www.europesays.com\/it\/wp-json\/wp\/v2\/users\/3"}],"replies":[{"embeddable":true,"href":"https:\/\/www.europesays.com\/it\/wp-json\/wp\/v2\/comments?post=616333"}],"version-history":[{"count":0,"href":"https:\/\/www.europesays.com\/it\/wp-json\/wp\/v2\/posts\/616333\/revisions"}],"wp:featuredmedia":[{"embeddable":true,"href":"https:\/\/www.europesays.com\/it\/wp-json\/wp\/v2\/media\/598745"}],"wp:attachment":[{"href":"https:\/\/www.europesays.com\/it\/wp-json\/wp\/v2\/media?parent=616333"}],"wp:term":[{"taxonomy":"category","embeddable":true,"href":"https:\/\/www.europesays.com\/it\/wp-json\/wp\/v2\/categories?post=616333"},{"taxonomy":"post_tag","embeddable":true,"href":"https:\/\/www.europesays.com\/it\/wp-json\/wp\/v2\/tags?post=616333"}],"curies":[{"name":"wp","href":"https:\/\/api.w.org\/{rel}","templated":true}]}}