{"id":616361,"date":"2026-08-03T23:29:28","date_gmt":"2026-08-03T23:29:28","guid":{"rendered":"https:\/\/www.europesays.com\/it\/616361\/"},"modified":"2026-08-03T23:29:28","modified_gmt":"2026-08-03T23:29:28","slug":"xds-astana-il-greco-arvanitou-pronto-per-uno-stage-ricco-di-impegni","status":"publish","type":"post","link":"https:\/\/www.europesays.com\/it\/616361\/","title":{"rendered":"XDS ASTANA. IL GRECO ARVANITOU PRONTO PER UNO STAGE RICCO DI IMPEGNI"},"content":{"rendered":"<p>            <a class=\"category\" href=\"https:\/\/www.tuttobiciweb.it\/articles\/category\/MERCATO\" itemprop=\"about\" rel=\"nofollow noopener\" target=\"_blank\">MERCATO<\/a> | 03\/08\/2026 | 08:15<br \/>\n            <a class=\"author\" href=\"https:\/\/www.tuttobiciweb.it\/articles\/author\/comunicato%20stampa\" rel=\"nofollow noopener\" target=\"_blank\">di comunicato stampa<\/a><\/p>\n<p>Il ventitreenne ciclista greco <strong>Nikiforos Arvanitou<\/strong> entra a far parte del team UCI WorldTeam <strong>XDS Astana come stagista.<\/strong> Durante il suo periodo di tirocinio, Arvanitou parteciper\u00e0 a diverse gare con la squadra, a partire dall&#8217;<strong>Arctic Race of Norway.<\/strong> Il suo calendario agonistico include anche diverse corse di un giorno in Belgio a settembre e il Tour of Kyushu a ottobre.\n            <\/p>\n<p><strong>Nikifros Arvanitou \u00e8 il campione nazionale greco in carica su strada.<\/strong> Tra i suoi successi pi\u00f9 importanti figurano la vittoria finale al Tour of Bulgaria (2025), le vittorie al Grand Prix di Rodi (2026) e al Grand Prix di Polonia, la Visegrad 4 Bicycle Race (2026). Nella stagione 2026, Arvanitou ha gi\u00e0 conquistato sei vittorie.\n            <\/p>\n<p>\u201cUnirmi al Team XDS Astana, anche solo come tirocinante per ora, <strong>\u00e8 un sogno che si avvera<\/strong>. \u00c8 una delle migliori squadre al mondo, con una storia straordinaria e corridori eccezionali, quindi entrare a far parte di questo progetto \u00e8 qualcosa di veramente speciale. Insieme al team correr\u00f2 diverse corse a tappe e di un giorno, e <strong>per me \u00e8 una grande opportunit\u00e0 per mettermi alla prova a un livello completamente nuovo.<\/strong> Spero di imparare molto in questi mesi, di conoscere meglio i miei nuovi compagni di squadra e, si spera, di ottenere ottimi risultati\u201d, ha dichiarato Nikiforos Arvanitou.<\/p>\n<p>\u201cAvere un team di sviluppo ci d\u00e0 l&#8217;opportunit\u00e0 di seguire da vicino i giovani corridori di talento durante tutta la stagione. Questo vale sia per i corridori kazaki che per gli atleti di altri paesi. <strong>Allo stesso tempo, inserire nuovi corridori come stagisti per la parte finale della stagione \u00e8 anche uno strumento molto efficace<\/strong>. Ecco perch\u00e9 quest&#8217;anno abbiamo invitato Nikiforos Arvanitou. Lo teniamo d&#8217;occhio da un po&#8217; di tempo, ha gi\u00e0 ottenuto risultati notevoli e ora vogliamo vedere cosa pu\u00f2 fare con la nostra squadra\u201d, ha affermato Alexandr Vinokurov.<\/p>\n<p>\n    <a href=\"https:\/\/www.tuttobiciweb.it\/article\/2026\/08\/03\/1785696568\/cycling-xds-astana-nikiforos-arvanitou-emerging-talents-worldteam?lang=en\" rel=\"nofollow noopener\" target=\"_blank\"><img decoding=\"async\" src=\"https:\/\/www.europesays.com\/it\/wp-content\/uploads\/2025\/12\/enver.png\"\/><\/a><\/p>\n<p>Copyright &amp;copy TBW<\/p>\n","protected":false},"excerpt":{"rendered":"MERCATO | 03\/08\/2026 | 08:15 di comunicato stampa Il ventitreenne ciclista greco Nikiforos Arvanitou entra a far parte&hellip;\n","protected":false},"author":3,"featured_media":616362,"comment_status":"","ping_status":"","sticky":false,"template":"","format":"standard","meta":{"footnotes":"","_share_on_mastodon":"0"},"categories":[1456],"tags":[1824,1825,1537,90,89,335874,245,244,35266,28267,99138],"class_list":["post-616361","post","type-post","status-publish","format-standard","has-post-thumbnail","category-ciclismo","tag-ciclismo","tag-cycling","tag-it","tag-italia","tag-italy","tag-nikiforos-arvanitou","tag-sport","tag-sports","tag-talenti-emergenti","tag-worldteam","tag-xds-astana"],"share_on_mastodon":{"url":"https:\/\/pubeurope.com\/@it\/117034180066601588","error":""},"_links":{"self":[{"href":"https:\/\/www.europesays.com\/it\/wp-json\/wp\/v2\/posts\/616361","targetHints":{"allow":["GET"]}}],"collection":[{"href":"https:\/\/www.europesays.com\/it\/wp-json\/wp\/v2\/posts"}],"about":[{"href":"https:\/\/www.europesays.com\/it\/wp-json\/wp\/v2\/types\/post"}],"author":[{"embeddable":true,"href":"https:\/\/www.europesays.com\/it\/wp-json\/wp\/v2\/users\/3"}],"replies":[{"embeddable":true,"href":"https:\/\/www.europesays.com\/it\/wp-json\/wp\/v2\/comments?post=616361"}],"version-history":[{"count":0,"href":"https:\/\/www.europesays.com\/it\/wp-json\/wp\/v2\/posts\/616361\/revisions"}],"wp:featuredmedia":[{"embeddable":true,"href":"https:\/\/www.europesays.com\/it\/wp-json\/wp\/v2\/media\/616362"}],"wp:attachment":[{"href":"https:\/\/www.europesays.com\/it\/wp-json\/wp\/v2\/media?parent=616361"}],"wp:term":[{"taxonomy":"category","embeddable":true,"href":"https:\/\/www.europesays.com\/it\/wp-json\/wp\/v2\/categories?post=616361"},{"taxonomy":"post_tag","embeddable":true,"href":"https:\/\/www.europesays.com\/it\/wp-json\/wp\/v2\/tags?post=616361"}],"curies":[{"name":"wp","href":"https:\/\/api.w.org\/{rel}","templated":true}]}}