{"id":616533,"date":"2026-08-04T01:57:16","date_gmt":"2026-08-04T01:57:16","guid":{"rendered":"https:\/\/www.europesays.com\/it\/616533\/"},"modified":"2026-08-04T01:57:16","modified_gmt":"2026-08-04T01:57:16","slug":"francia-lo-chef-star-jean-imbert-fermato-dalla-polizia-tre-ex-lo-accusano-di-violenza","status":"publish","type":"post","link":"https:\/\/www.europesays.com\/it\/616533\/","title":{"rendered":"Francia, lo chef star Jean Imbert fermato dalla polizia: tre ex lo accusano di violenza"},"content":{"rendered":"<p>Vincitore di Top Chef France ed ex chef del Plaza Ath\u00e9n\u00e9e, \u00e8 stato posto in stato di fermo a Parigi nell&#8217;ambito di un&#8217;indagine per presunte violenze denunciate da tre ex compagne, tra cui la ex miss Francia\u00a0Alexandra Rosenfeld<\/p>\n<p>Lo chef star francese Jean Imbert \u00e8 stato posto in stato di fermo dalla polizia nella capitale francese nell&#8217;ambito di un&#8217;indagine per presunte violenze domestiche denunciate da tre sue ex compagne. Secondo quanto riportato da BFMTV, lo chef\u00a0uno tra i volti pi\u00f9 noti della gastronomia d&#8217;Oltralpe dopo essere stato vincitore dell&#8217;edizione francese di Top Chef nel 2012,\u00a0si \u00e8 presentato spontaneamente davanti agli investigatori dopo essere stato convocato ed \u00e8 stato successivamente trattenuto.<\/p>\n<p>\t\t\tLe accuse delle tre ex compagne<\/p>\n<p>Le denunce riguardano presunti episodi di violenza fisica e psicologica. Tra le persone che hanno denunciato Jean Imbert figura l&#8217;ex Miss Francia Alexandra Rosenfeld, che nei mesi scorsi aveva raccontato pubblicamente di aver vissuto una relazione caratterizzata da controllo, umiliazioni, disprezzo e aggressioni fisiche.<\/p>\n<p>Un&#8217;altra denuncia \u00e8 stata presentata dall&#8217;ex attrice Lila Salet per fatti che, secondo l&#8217;accusa, risalirebbero al periodo compreso tra il 2012 e il 2013. Tra gli episodi contestati compare anche un presunto sequestro di persona che sarebbe avvenuto durante un fine settimana trascorso in Italia.\u00a0Una terza denuncia \u00e8 stata sporta da un&#8217;ex modella.<\/p>\n<p>\t        <img decoding=\"async\" src=\"https:\/\/www.europesays.com\/it\/wp-content\/uploads\/2026\/08\/jean_imbert_ipa.jpg\" class=\"c-inline-image__img j-lazyload\" itemprop=\"contentUrl\" loading=\"lazy\" data-cmp-hook-image=\"image\" alt=\"IPA51747524 - Jean Imbert a la soiree les Hommes de l Annee GQ 2024 au Plaza Athenee a Paris le 20 novembre 2024.Jean Imbert at the GQ 2024 Men of the Year 2024 evening at the Plaza Athenee in Paris on November 20 2024\/\/LEFOUILLETHIERRY_fouille0372\/Credit:Thierry Le Fouille\/SIPA\/2411210915\" title=\"Jean Imbert\"\/><\/p>\n<p>\t       \tJean Imbert  &#8211;  \u00a9IPA\/Fotogramma<\/p>\n<p>\t\t\tIl fermo e l&#8217;interrogatorio<\/p>\n<p>Lo chef si \u00e8 presentato spontaneamente a una stazione di polizia dopo essere stato convocato per essere interrogato, ed \u00e8 stato quindi posto in stato di fermo. Non \u00e8 chiaro per\u00f2 se il fermo sia scattato in relazione a una particolare delle tre denunce oppure per tutte. I suoi avvocati hanno confermato l&#8217;interrogatorio e il fermo, sostenendo per\u00f2 che la vicenda \u00e8\u00a0il risultato di &#8220;Racconti distorti, incompleti e smentiti da numerosi elementi oggettivi e testimonianze&#8221;.<\/p>\n<p>\t\t\tLe conseguenze professionali<\/p>\n<p>Dopo le accuse, gi\u00e0 due anni fa Jean Imbert aveva lasciato il ruolo di chef al prestigioso Plaza Ath\u00e9n\u00e9e di Parigi. In precedenza aveva inoltre fatto un passo indietro anche da altri incarichi professionali.<\/p>\n<p>\t            TAG:<\/p>\n","protected":false},"excerpt":{"rendered":"Vincitore di Top Chef France ed ex chef del Plaza Ath\u00e9n\u00e9e, \u00e8 stato posto in stato di fermo&hellip;\n","protected":false},"author":3,"featured_media":616534,"comment_status":"","ping_status":"","sticky":false,"template":"","format":"standard","meta":{"footnotes":"","_share_on_mastodon":"0"},"categories":[174],"tags":[1483,203,4300,204,1537,90,89,1467],"class_list":["post-616533","post","type-post","status-publish","format-standard","has-post-thumbnail","category-intrattenimento","tag-chef","tag-entertainment","tag-francia","tag-intrattenimento","tag-it","tag-italia","tag-italy","tag-violenza"],"share_on_mastodon":{"url":"https:\/\/pubeurope.com\/@it\/117034762926468095","error":""},"_links":{"self":[{"href":"https:\/\/www.europesays.com\/it\/wp-json\/wp\/v2\/posts\/616533","targetHints":{"allow":["GET"]}}],"collection":[{"href":"https:\/\/www.europesays.com\/it\/wp-json\/wp\/v2\/posts"}],"about":[{"href":"https:\/\/www.europesays.com\/it\/wp-json\/wp\/v2\/types\/post"}],"author":[{"embeddable":true,"href":"https:\/\/www.europesays.com\/it\/wp-json\/wp\/v2\/users\/3"}],"replies":[{"embeddable":true,"href":"https:\/\/www.europesays.com\/it\/wp-json\/wp\/v2\/comments?post=616533"}],"version-history":[{"count":0,"href":"https:\/\/www.europesays.com\/it\/wp-json\/wp\/v2\/posts\/616533\/revisions"}],"wp:featuredmedia":[{"embeddable":true,"href":"https:\/\/www.europesays.com\/it\/wp-json\/wp\/v2\/media\/616534"}],"wp:attachment":[{"href":"https:\/\/www.europesays.com\/it\/wp-json\/wp\/v2\/media?parent=616533"}],"wp:term":[{"taxonomy":"category","embeddable":true,"href":"https:\/\/www.europesays.com\/it\/wp-json\/wp\/v2\/categories?post=616533"},{"taxonomy":"post_tag","embeddable":true,"href":"https:\/\/www.europesays.com\/it\/wp-json\/wp\/v2\/tags?post=616533"}],"curies":[{"name":"wp","href":"https:\/\/api.w.org\/{rel}","templated":true}]}}