{"id":616815,"date":"2026-08-04T06:57:24","date_gmt":"2026-08-04T06:57:24","guid":{"rendered":"https:\/\/www.europesays.com\/it\/616815\/"},"modified":"2026-08-04T06:57:24","modified_gmt":"2026-08-04T06:57:24","slug":"romero-allinter-ci-siamo-quasi-cosa-portera-il-suo-arrivo-a-chivu-e-perche-sta-lasciando-il-tottenham","status":"publish","type":"post","link":"https:\/\/www.europesays.com\/it\/616815\/","title":{"rendered":"Romero all&#8217;Inter, ci siamo quasi: cosa porter\u00e0 il suo arrivo a Chivu e perch\u00e9 sta lasciando il Tottenham"},"content":{"rendered":"<p>Romero, se davvero l&#8217;operazione tra Inter e Tottenham andr\u00e0 a buon fine, <b><strong>metter\u00e0 una pezza dal punto di vista numerico a un reparto che ne ha ancora bisogno: la difesa dei campioni d&#8217;Italia<\/strong><\/b>.<\/p>\n<p>Perch\u00e9 s\u00ec, Stones \u00e8 arrivato, ma prima di lui erano stati in tre a lasciare, tutti a parametro zero: De Vrij, Acerbi e Darmian. Con Pavard che \u00e8 invece rientrato dal Marsiglia, ma la cui posizione continua a rimanere in bilico nonostante il goal segnato sabato nell&#8217;amichevole pareggiata contro il Manchester City.<\/p>\n<p>L&#8217;Inter, inoltre, sa bene come un paio di soluzioni tattiche potrebbe permettersele con Romero. A seconda della posizione in cui Chivu deciderebbe di utilizzare l&#8217;ex centrale di Genoa e Atalanta all&#8217;interno della propria difesa a tre.<\/p>\n<p>Lo scenario pi\u00f9 concreto vede Romero <b><strong>perno centrale della retroguardia, tra Akanji e Bastoni<\/strong><\/b>. Ma l&#8217;argentino potrebbe anche piazzarsi sul centro-destra, mantenendo cos\u00ec lo svizzero in mezzo.<\/p>\n<p>Non va comunque dimenticata la presenza in rosa di Yann Bisseck, su cui l&#8217;Inter conta tanto da avergli appena fatto firmare un rinnovo di contratto fino al 2031. Senza dimenticare lo stesso Stones, esperienza pura per il reparto. Qualit\u00e0 e robustezza numerica necessarie per una squadra che lotter\u00e0 di nuovo per i massimi traguardi.<\/p>\n","protected":false},"excerpt":{"rendered":"Romero, se davvero l&#8217;operazione tra Inter e Tottenham andr\u00e0 a buon fine, metter\u00e0 una pezza dal punto di&hellip;\n","protected":false},"author":3,"featured_media":616816,"comment_status":"","ping_status":"","sticky":false,"template":"","format":"standard","meta":{"footnotes":"","_share_on_mastodon":"0"},"categories":[176],"tags":[333589,353,350,339855,1537,90,89,1543,251,245,244,355],"class_list":["post-616815","post","type-post","status-publish","format-standard","has-post-thumbnail","category-sport","tag-c-romero","tag-calciomercato","tag-inter","tag-inter-vs-parma-calcio-1913","tag-it","tag-italia","tag-italy","tag-parma-calcio-1913","tag-serie-a","tag-sport","tag-sports","tag-transfers"],"share_on_mastodon":{"url":"https:\/\/pubeurope.com\/@it\/117035941544587568","error":""},"_links":{"self":[{"href":"https:\/\/www.europesays.com\/it\/wp-json\/wp\/v2\/posts\/616815","targetHints":{"allow":["GET"]}}],"collection":[{"href":"https:\/\/www.europesays.com\/it\/wp-json\/wp\/v2\/posts"}],"about":[{"href":"https:\/\/www.europesays.com\/it\/wp-json\/wp\/v2\/types\/post"}],"author":[{"embeddable":true,"href":"https:\/\/www.europesays.com\/it\/wp-json\/wp\/v2\/users\/3"}],"replies":[{"embeddable":true,"href":"https:\/\/www.europesays.com\/it\/wp-json\/wp\/v2\/comments?post=616815"}],"version-history":[{"count":0,"href":"https:\/\/www.europesays.com\/it\/wp-json\/wp\/v2\/posts\/616815\/revisions"}],"wp:featuredmedia":[{"embeddable":true,"href":"https:\/\/www.europesays.com\/it\/wp-json\/wp\/v2\/media\/616816"}],"wp:attachment":[{"href":"https:\/\/www.europesays.com\/it\/wp-json\/wp\/v2\/media?parent=616815"}],"wp:term":[{"taxonomy":"category","embeddable":true,"href":"https:\/\/www.europesays.com\/it\/wp-json\/wp\/v2\/categories?post=616815"},{"taxonomy":"post_tag","embeddable":true,"href":"https:\/\/www.europesays.com\/it\/wp-json\/wp\/v2\/tags?post=616815"}],"curies":[{"name":"wp","href":"https:\/\/api.w.org\/{rel}","templated":true}]}}