{"id":616830,"date":"2026-08-04T07:13:13","date_gmt":"2026-08-04T07:13:13","guid":{"rendered":"https:\/\/www.europesays.com\/it\/616830\/"},"modified":"2026-08-04T07:13:13","modified_gmt":"2026-08-04T07:13:13","slug":"ciclomercato-segato-dalla-vini-fantini-bepink-alla-st-michel-accordo-biennale","status":"publish","type":"post","link":"https:\/\/www.europesays.com\/it\/616830\/","title":{"rendered":"CICLOMERCATO. SEGATO DALLA VINI FANTINI BEPINK ALLA ST MICHEL: ACCORDO BIENNALE"},"content":{"rendered":"<p>            <a class=\"category\" href=\"https:\/\/www.tuttobiciweb.it\/articles\/category\/DONNE\" itemprop=\"about\" rel=\"nofollow noopener\" target=\"_blank\">DONNE<\/a> | 04\/08\/2026 | 08:04<br \/>\n            <a class=\"author\" href=\"https:\/\/www.tuttobiciweb.it\/articles\/author\/Luca%20Galimberti\" rel=\"nofollow noopener\" target=\"_blank\">di Luca Galimberti<\/a><\/p>\n<p class=\"MsoNormal\" style=\"text-align: justify;\">Dopo due anni passati alla Vini Fantini \u2013 BePink, a fine 2026 <strong>Gaia Segato<\/strong> lascer\u00e0 la formazione diretta da Walter Zini per passare alla <strong>\u00a0St Michel &#8211; Preference Home &#8211; Auber93<\/strong>: l&#8217;equipe Professional francese lo ha ufficializzato nelle scorse ore.\n            <\/p>\n<p class=\"MsoNormal\" style=\"text-align: justify;\">Reduce dalla vittoria del<strong> <a href=\"https:\/\/www.tuttobiciweb.it\/article\/2026\/08\/01\/1785593317\/ciclismo-campionato-italiano-cronosquadre-donne-vini-fantini-bepink-codroipo\" target=\"_blank\" rel=\"noopener nofollow\">campionato italiano della cronometro a squadre<\/a><\/strong> (assieme a De Laurentiis, Valtulini e Casagranda,ndr) , la 22enne di Maserada sul Piave in questa stagione si \u00e8 messa in luce vestendo per un giorno la maglia di miglior giovane alla <strong><a href=\"https:\/\/www.tuttobiciweb.it\/article\/2026\/05\/08\/1778177748\/vuelta-espaA%EF%BF%BDa-femenina-gaia-segato-maglia-bianca-intervista\" target=\"_blank\" rel=\"noopener nofollow\">Vuelta Espana Femenina<\/a><\/strong> ed anche attaccando pi\u00f9 volte al <strong>Giro d\u2019Italia Women<\/strong>. Alla &#8220;corsa rosa&#8221;, Gaia ha anche conquistato il sesto posto nella tappa che si \u00e8 conclusa a Salice Terme.\n            <\/p>\n<p class=\"MsoNormal\" style=\"text-align: justify;\">Risultati e prestazioni che, assieme al podio conquistato lo scorso anno al Giro dell\u2019Appennino, hanno convinto i dirigenti di <strong>St Michel<\/strong> &#8211; Preference Home &#8211; Auber93 a scommettere sulla talentuosa atleta veneta.<\/p>\n<p class=\"MsoNormal\" style=\"text-align: justify;\">\u00ab Gaia \u00e8 ancora giovane, ma gi\u00e0 ha una grande esperienza al massimo livello. Un profilo come il suo sar\u00e0 prezioso per la nostra squadra nelle gare a tappe e nelle sfide impegnative, potr\u00e0 esprimere il suo potenziale di scalatrice e rafforzare il nostro team\u00bb ha commentato il General Manager della formazione \u00a0<strong>St\u00e9phan Gaudry<\/strong>.<\/p>\n<p class=\"MsoNormal\" style=\"text-align: justify;\"><strong>Segato, che ha raggiunto con St Michel &#8211; Preference Home &#8211; Auber9<\/strong>3 un accordo biennale, si \u00e8 espressa cos\u00ec: \u00ab Sono davvero molto felice di entrare a far parte del team dalla prossima stagione. \u00a0Questo \u00e8 un passo molto importante nella mia carriera, una grande opportunit\u00e0 per migliorare, superare me stessa e imparare molto\u00bb.<\/p>\n<p>\n    <a href=\"https:\/\/www.tuttobiciweb.it\/article\/2026\/08\/04\/1785798979\/transfer-market-segato-st-michel-preference-home-auber93-2027?lang=en\" rel=\"nofollow noopener\" target=\"_blank\"><img decoding=\"async\" src=\"https:\/\/www.europesays.com\/it\/wp-content\/uploads\/2025\/12\/enver.png\"\/><\/a><\/p>\n<p>Copyright &amp;copy TBW<\/p>\n","protected":false},"excerpt":{"rendered":"DONNE | 04\/08\/2026 | 08:04 di Luca Galimberti Dopo due anni passati alla Vini Fantini \u2013 BePink, a&hellip;\n","protected":false},"author":3,"featured_media":616831,"comment_status":"","ping_status":"","sticky":false,"template":"","format":"standard","meta":{"footnotes":"","_share_on_mastodon":"0"},"categories":[1456],"tags":[16807,1824,18904,1825,1537,90,89,339857,245,244,339858],"class_list":["post-616830","post","type-post","status-publish","format-standard","has-post-thumbnail","category-ciclismo","tag-16807","tag-ciclismo","tag-ciclomercato","tag-cycling","tag-it","tag-italia","tag-italy","tag-segato","tag-sport","tag-sports","tag-st-michel-preference-home-auber93"],"share_on_mastodon":{"url":"https:\/\/pubeurope.com\/@it\/117036005502935638","error":""},"_links":{"self":[{"href":"https:\/\/www.europesays.com\/it\/wp-json\/wp\/v2\/posts\/616830","targetHints":{"allow":["GET"]}}],"collection":[{"href":"https:\/\/www.europesays.com\/it\/wp-json\/wp\/v2\/posts"}],"about":[{"href":"https:\/\/www.europesays.com\/it\/wp-json\/wp\/v2\/types\/post"}],"author":[{"embeddable":true,"href":"https:\/\/www.europesays.com\/it\/wp-json\/wp\/v2\/users\/3"}],"replies":[{"embeddable":true,"href":"https:\/\/www.europesays.com\/it\/wp-json\/wp\/v2\/comments?post=616830"}],"version-history":[{"count":0,"href":"https:\/\/www.europesays.com\/it\/wp-json\/wp\/v2\/posts\/616830\/revisions"}],"wp:featuredmedia":[{"embeddable":true,"href":"https:\/\/www.europesays.com\/it\/wp-json\/wp\/v2\/media\/616831"}],"wp:attachment":[{"href":"https:\/\/www.europesays.com\/it\/wp-json\/wp\/v2\/media?parent=616830"}],"wp:term":[{"taxonomy":"category","embeddable":true,"href":"https:\/\/www.europesays.com\/it\/wp-json\/wp\/v2\/categories?post=616830"},{"taxonomy":"post_tag","embeddable":true,"href":"https:\/\/www.europesays.com\/it\/wp-json\/wp\/v2\/tags?post=616830"}],"curies":[{"name":"wp","href":"https:\/\/api.w.org\/{rel}","templated":true}]}}