{"id":617309,"date":"2026-08-04T13:47:16","date_gmt":"2026-08-04T13:47:16","guid":{"rendered":"https:\/\/www.europesays.com\/it\/617309\/"},"modified":"2026-08-04T13:47:16","modified_gmt":"2026-08-04T13:47:16","slug":"prezzo-benzina-e-diesel-proroga-taglio-accise-contro-caro-carburanti-oggi-in-cdm","status":"publish","type":"post","link":"https:\/\/www.europesays.com\/it\/617309\/","title":{"rendered":"Prezzo benzina e diesel, proroga taglio accise contro caro carburanti oggi in Cdm"},"content":{"rendered":"<p>Oggi in Cdm va in scena il confronto sulla proroga dello sconto sui carburanti, che scadr\u00e0 dopodomani (6 agosto): si pensa all&#8217;attivazione di accise mobili. Le\u00a0decisioni, secondo quanto filtra, non sarebbero ancora state prese. Le risorse del resto sono poche e l&#8217;incertezza \u00e8 ancora massima. Intanto il gasolio torna a salire: \u00e8 in media a 2,100 euro al litro in modalit\u00e0 self lungo la rete stradale nazionale (ieri era a 2,097). Il prezzo medio sale cos\u00ec al livello pi\u00f9 alto dal 29 luglio, il giorno dopo l&#8217;avvio dell&#8217;ultimo taglio delle accise approvato dal governo che ha ridotto di 17 centesimi l&#8217;aliquota per il diesel. Per la benzina, invece, il prezzo medio self \u00e8 stabile a 1,999 euro al litro, sempre sulla rete stradale.<\/p>\n<p>\t\t \tGli interventi del governo fino ad ora<\/p>\n<p>L&#8217;intervento sulle accise &#8220;\u00e8 nato da una emergenza che doveva essere di 15 giorni, ormai questa guerra dura da sei mesi: di conseguenza l&#8217;intervento di emergenza non pu\u00f2 pi\u00f9 essere di emergenza&#8221;, ha spiegato ieri il ministro dell&#8217;Ambiente e della sicurezza energetica, Gilberto Pichetto Fratin. &#8220;Su questo c&#8217;\u00e8 la valutazione a livello di governo. Che poi si faccia ora in modo definitivo o che Giorgetti permettendo si possa fare ancora qualche operazione ponte, lo vedremo domani&#8221;.\u00a0L&#8217;esecutivo da marzo ha gi\u00e0 speso oltre 2 miliardi di euro per calmierare i prezzi di benzina e gasolio, pescando dall&#8217;aumento dell&#8217;Iva sui carburanti, dalle multe antitrust alle societ\u00e0 energetiche, da fondi vari. L&#8217;ultimo taglio, quello dal 28 luglio al 6 agosto, \u00e8 costato 125 milioni di euro.<\/p>\n<p>Le ipotesi sulle accise mobili<\/p>\n<p>L&#8217;unico strumento rimasto a disposizione del governo sono le accise mobili, cio\u00e8 il taglio delle accise finanziato con l&#8217;aumento dell&#8217;Iva sui carburanti del mese prima, dovuto all&#8217;aumento del prezzo dei carburanti stessi. Una misura che si autoalimenta, e che quindi non pesa sul bilancio dello Stato. Si stanno facendo gli ultimi conti e presto si dovrebbe conoscere l&#8217;ammontare dell&#8217;Iva incassata. Alcune stime parlano di 250 milioni di euro, molto pi\u00f9 che a giugno, visto che a luglio c&#8217;\u00e8 stata un&#8217;impennata dei prezzi. Ma altri osservatori sono pi\u00f9 pessimisti, e stimano 120-130 milioni. Se per un taglio di 17 centesimi solo sul gasolio per una settimana sono serviti 125 milioni, si pu\u00f2 dedurre che con 250 milioni si potrebbe prorogare la misura di due settimane, con 120 milioni di una sola. Oppure, si potrebbe ridurre l&#8217;ammontare dello sconto e allungarne la durata, per arrivare fino alla fine di agosto e delle ferie estive.<\/p>\n<p>\t\t\t<a class=\"c-inline-card j-inline-card c-inline-card--with-image\" href=\"https:\/\/tg24.sky.it\/economia\/2026\/08\/03\/caro-carburanti-misure-governo\" rel=\"follow nofollow noopener\" data-intcmp=\"skytg24_articolo_approfondimenti_inline\" target=\"_blank\"><\/p>\n<p>\t\t\t         <img decoding=\"async\" crossorigin=\"anonymous\" alt=\"\"  loading=\"lazy\"  src=\"https:\/\/www.europesays.com\/it\/wp-content\/uploads\/2026\/08\/01_ansa_taglio_accise_carburanti_proroga.JPG\"\/><\/p>\n<p>\n\t\t\t         Approfondimento<br \/>\n\t\t\t         Caro carburanti, il governo studia misure per le accise: le novit\u00e0\n\t\t\t      <\/p>\n<p>\t\t\t<\/a><\/p>\n","protected":false},"excerpt":{"rendered":"Oggi in Cdm va in scena il confronto sulla proroga dello sconto sui carburanti, che scadr\u00e0 dopodomani (6&hellip;\n","protected":false},"author":3,"featured_media":272967,"comment_status":"","ping_status":"","sticky":false,"template":"","format":"standard","meta":{"footnotes":"","_share_on_mastodon":"0"},"categories":[172],"tags":[178,14745,177,8740,20694,369,5279,1537,90,89],"class_list":["post-617309","post","type-post","status-publish","format-standard","has-post-thumbnail","category-affari","tag-affari","tag-benzina","tag-business","tag-carburante","tag-cdm","tag-digitall","tag-governo-meloni","tag-it","tag-italia","tag-italy"],"share_on_mastodon":{"url":"https:\/\/pubeurope.com\/@it\/117037554243832279","error":""},"_links":{"self":[{"href":"https:\/\/www.europesays.com\/it\/wp-json\/wp\/v2\/posts\/617309","targetHints":{"allow":["GET"]}}],"collection":[{"href":"https:\/\/www.europesays.com\/it\/wp-json\/wp\/v2\/posts"}],"about":[{"href":"https:\/\/www.europesays.com\/it\/wp-json\/wp\/v2\/types\/post"}],"author":[{"embeddable":true,"href":"https:\/\/www.europesays.com\/it\/wp-json\/wp\/v2\/users\/3"}],"replies":[{"embeddable":true,"href":"https:\/\/www.europesays.com\/it\/wp-json\/wp\/v2\/comments?post=617309"}],"version-history":[{"count":0,"href":"https:\/\/www.europesays.com\/it\/wp-json\/wp\/v2\/posts\/617309\/revisions"}],"wp:featuredmedia":[{"embeddable":true,"href":"https:\/\/www.europesays.com\/it\/wp-json\/wp\/v2\/media\/272967"}],"wp:attachment":[{"href":"https:\/\/www.europesays.com\/it\/wp-json\/wp\/v2\/media?parent=617309"}],"wp:term":[{"taxonomy":"category","embeddable":true,"href":"https:\/\/www.europesays.com\/it\/wp-json\/wp\/v2\/categories?post=617309"},{"taxonomy":"post_tag","embeddable":true,"href":"https:\/\/www.europesays.com\/it\/wp-json\/wp\/v2\/tags?post=617309"}],"curies":[{"name":"wp","href":"https:\/\/api.w.org\/{rel}","templated":true}]}}