{"id":617324,"date":"2026-08-04T14:04:16","date_gmt":"2026-08-04T14:04:16","guid":{"rendered":"https:\/\/www.europesays.com\/it\/617324\/"},"modified":"2026-08-04T14:04:16","modified_gmt":"2026-08-04T14:04:16","slug":"funerali-di-franco-baresi-ci-ha-insegnato-che-e-possibile-diventare-grandi-restando-piccoli","status":"publish","type":"post","link":"https:\/\/www.europesays.com\/it\/617324\/","title":{"rendered":"Funerali di Franco Baresi: \u00abCi ha insegnato che \u00e8 possibile diventare grandi restando piccoli\u00bb"},"content":{"rendered":"<p>\u00abFranco non ha mai nascosto la sua fede che gli ha dato il senso di responsabilit\u00e0. La formazione che ha ricevuto in oratorio, l\u2019ha portata in campo\u00bb. Per dire che per essere campioni veri non basta il talento\u00bb ha detto <strong>Monsignor Faccendini,  abate di Sant&#8217;Ambrogio<\/strong>, durante l&#8217;omelia. \u00abFranco ci ha insegnato che \u00e8 possibile diventare grandi restando piccoli. Quando tutto si fa buio non \u00e8 necessario che tutto torni luminoso: basta un po&#8217; di luce per tornare a vivere\u00bb.<\/p>\n<p>All&#8217;interno della basilica ci sono i giocatori della storia del Milan, ma anche i rappresentanti di tutto il calcio italiano. Fabio Capello, commosso, \u00e8 arrivato tra gli applausi e gli omaggi dei tifosi rossoneri, che non ci sono invece stati per l&#8217;attuale dirigenza del Milano. Mauro Tassotti, Pietro Paolo Virdis, Giovanni Galli, <strong>Paolo Maldini con la moglie, Billy Costacurta e Martina Colombari,<\/strong> Marco Van Basten e Clarence Seedorf. Arrivati anche: Marco Borriello, Gianluca Pagliuca, Aldo Serena, Giovanni Stroppa, Giancarlo Pasinato e poi Dejan Savicevic, Daniele Massaro e Marco Parolo. Applausi per <strong>Roberto Baggio<\/strong>. C&#8217;\u00e8 il direttore tecnico della Nazionale Claudio Ranieri. Ci sono anche Donadoni, Ganz,\u00a0oltre a una delegazione dell\u2019Inter con Marotta e Bergomi che con Baresi ha portato la fiamma olimpica a San Siro nella cerimonia di apertura delle Olimpiadi.<\/p>\n<p><strong>Per il Milan ci sono<\/strong> Gimenez e Pulisic. I due rossoneri non sono in Australia con la squadra, a Perth, perch\u00e9 stanno recuperando da infortuni.<\/p>\n<p>Il ricordo di <strong>Demetrio Albertini<\/strong>. \u00abUn ricordo? Il suo abbraccio dopo il mio gol in semifinale contro il Monaco\u00bb.  Il ministro dello Sport Andrea Abodi: \u00abLa sua eredit\u00e0 \u00e8 quella che riusciremo a cogliere, Franco Baresi \u00e8 stato un grande. Ha cercato di coniugare sempre la classe e lo stile con la semplicit\u00e0 dei suoi comportamenti. L\u2019appartenenza alla famiglia del Milan e a quella del calcio in generale \u00e8 il motivo per cui \u00e8 amato da tutti\u00bb.<\/p>\n<p>Il primo ad arrivare \u00e8 stato Filippo Galli. \u00abTutti voi sapete quello che Franco ha fatto e il segno che ha lasciato. Io lo ricordo la sera della finale di Barcellona. Allora non c&#8217;era il cerimoniale di oggi: niente fuochi d&#8217;artificio, il presidente dell&#8217;Uefa consegnava la Coppa in mezzo al campo e tutto finiva l\u00ec, con il trofeo alzato al cielo. Io, invece, ricordo il volto di Franco, la sua felicit\u00e0. Era il volto di un uomo che, dopo tante sofferenze con il suo Milan e per il suo Milan, lo aveva riportato dove gli apparteneva. E poi quella gioia condivisa con i 95 mila tifosi arrivati a Barcellona: c&#8217;era l&#8217;orgoglio di aver restituito a tutti loro ci\u00f2 che avevamo sempre sognato. Grazie\u00bb.<\/p>\n<p><img decoding=\"async\" alt=\"Paolo Maldini\" loading=\"lazy\" class=\"ResponsiveImageContainer-dkeESL cQPiWi responsive-image__image\"   src=\"https:\/\/www.europesays.com\/it\/wp-content\/uploads\/2026\/08\/GettyImages-2288218098.jpg\"\/><\/p>\n<p>Paolo MaldiniSTEFANO RELLANDINI\/Getty Images<\/p>\n","protected":false},"excerpt":{"rendered":"\u00abFranco non ha mai nascosto la sua fede che gli ha dato il senso di responsabilit\u00e0. La formazione&hellip;\n","protected":false},"author":3,"featured_media":617325,"comment_status":"","ping_status":"","sticky":false,"template":"","format":"standard","meta":{"footnotes":"","_share_on_mastodon":"0"},"categories":[1451],"tags":[1952,721,1621,1620,203,204,1537,90,89,79580],"class_list":["post-617324","post","type-post","status-publish","format-standard","has-post-thumbnail","category-celebrita","tag-calciatori","tag-calcio","tag-celebrita","tag-celebrities","tag-entertainment","tag-intrattenimento","tag-it","tag-italia","tag-italy","tag-mondiali-di-calcio"],"share_on_mastodon":{"url":"https:\/\/pubeurope.com\/@it\/117037621712806940","error":""},"_links":{"self":[{"href":"https:\/\/www.europesays.com\/it\/wp-json\/wp\/v2\/posts\/617324","targetHints":{"allow":["GET"]}}],"collection":[{"href":"https:\/\/www.europesays.com\/it\/wp-json\/wp\/v2\/posts"}],"about":[{"href":"https:\/\/www.europesays.com\/it\/wp-json\/wp\/v2\/types\/post"}],"author":[{"embeddable":true,"href":"https:\/\/www.europesays.com\/it\/wp-json\/wp\/v2\/users\/3"}],"replies":[{"embeddable":true,"href":"https:\/\/www.europesays.com\/it\/wp-json\/wp\/v2\/comments?post=617324"}],"version-history":[{"count":0,"href":"https:\/\/www.europesays.com\/it\/wp-json\/wp\/v2\/posts\/617324\/revisions"}],"wp:featuredmedia":[{"embeddable":true,"href":"https:\/\/www.europesays.com\/it\/wp-json\/wp\/v2\/media\/617325"}],"wp:attachment":[{"href":"https:\/\/www.europesays.com\/it\/wp-json\/wp\/v2\/media?parent=617324"}],"wp:term":[{"taxonomy":"category","embeddable":true,"href":"https:\/\/www.europesays.com\/it\/wp-json\/wp\/v2\/categories?post=617324"},{"taxonomy":"post_tag","embeddable":true,"href":"https:\/\/www.europesays.com\/it\/wp-json\/wp\/v2\/tags?post=617324"}],"curies":[{"name":"wp","href":"https:\/\/api.w.org\/{rel}","templated":true}]}}