{"id":617469,"date":"2026-08-04T16:02:19","date_gmt":"2026-08-04T16:02:19","guid":{"rendered":"https:\/\/www.europesays.com\/it\/617469\/"},"modified":"2026-08-04T16:02:19","modified_gmt":"2026-08-04T16:02:19","slug":"tutte-le-nuove-bmw-in-arrivo","status":"publish","type":"post","link":"https:\/\/www.europesays.com\/it\/617469\/","title":{"rendered":"Tutte le nuove BMW\u00a0in arrivo"},"content":{"rendered":"<p>Anche se le ultime notizie non sono certo delle migliori (8.000 licenziamenti) BMW rimane comunque il brand dominante nel segmento premium, superando Mercedes e Audi con un margine considerevole. Un primo posto raggiunto non a caso, ma grazie a una strategia su pi\u00f9 livelli che ha incluso decisioni chiave come l&#8217;ampliamento della gamma e il mantenimento di tutte le motorizzazioni.<\/p>\n<p>Come si dice, squadra che vince non si cambia. Nel prossimo futuro, a Monaco di Baviera continueranno a lanciare nuovi modelli con motori a benzina, diesel, ibridi plug-in ed elettrici. E anche a idrogeno.<\/p>\n<p>BMW, le prossime novit\u00e0<\/p>\n<p>Spulciando le varie slide preparate per gli investitori in occasione della presentazione dei risultati del secondo trimestre, ci siamo imbattuti\u00a0in una ricca lista delle novit\u00e0 BMW in arrivo. Le varie i3, iX3, Serie 7 restyling e X5 saranno seguite da una lunga serie di vetture entro la fine del 2027. Anche se l\u2019immagine che alleghiamo qui sotto fa pensare che BMW stia per invadere il mercato con sportive a due porte e SUV, bisogna leggere bene la nota in piccolo: \u201cIllustrative only\u201d.<\/p>\n<p>In realt\u00e0, le novit\u00e0 riguarderanno tutti i segmenti e quasi tutte le carrozzerie. C\u2019\u00e8 ancora molto da vedere nel 2026, visto che la prossima generazione della <a href=\"https:\/\/it.motor1.com\/bmw\/serie-3-berlina-1\/\" data-inline-widget=\"internal-links\" rel=\"nofollow noopener\" target=\"_blank\">BMW Serie 3<\/a> con motori termici non \u00e8 stata ancora svelata. Il debutto mondiale dovrebbe avvenire prima della fine dell\u2019anno. Nello stesso arco di tempo, BMW dovrebbe lanciare la prima <a href=\"https:\/\/it.motor1.com\/bmw\/x4\/\" data-inline-widget=\"internal-links\" rel=\"nofollow noopener\" target=\"_blank\">X4<\/a> elettrica (chiamata iX4) della sua storia, mentre le versioni con motore termico dovrebbero scomparire.<\/p>\n<p> <a class=\"lightzoom\" href=\"https:\/\/www.europesays.com\/it\/wp-content\/uploads\/2026\/08\/bmw-product-roadmap-through-2027-1.jpg\"> <img decoding=\"async\" class=\"custom-image\" draggable=\"false\" src=\"https:\/\/www.europesays.com\/it\/wp-content\/uploads\/2026\/08\/bmw-product-roadmap-through-2027-1.jpg\" alt=\"roadmap dei prodotti BMW fino al 2027-1\" width=\"1256\" height=\"683\" loading=\"lazy\"\/> <\/a> <\/p>\n<p>Roadmap dei prodotti BMW<\/p>\n<p>Foto di: BMW<\/p>\n<p>BMW 2027, le novit\u00e0 in arrivo<\/p>\n<p>Anche il 2027 dovrebbe essere ricco di lanci. Ufficialmente, solo pochi modelli sono stati confermati per il prossimo anno. Ci sono la <a href=\"https:\/\/insideevs.it\/news\/802910\/bmw-m3-elettrica-anticipazione-confronto-benzina\/\" target=\"_blank\" rel=\"noopener noreferrer nofollow\">BMW\u00a0M3 elettrica<\/a>, la <a href=\"https:\/\/it.motor1.com\/news\/796248\/bmw-concept-car-futuro\/\" data-inline-widget=\"internal-links\" data-type-id=\"0\" data-params=\"%7B%22article_edition_id%22%3A%22796248%22%2C%22section%22%3A%221%22%2C%22alias%22%3A%22bmw-concept-car-futuro%22%7D\" rel=\"nofollow noopener\" target=\"_blank\">Serie 7 firmata Alpina<\/a> e la <a href=\"https:\/\/it.motor1.com\/news\/765706\/bmw-x7-nuova-2026-render\/\" data-inline-widget=\"internal-links\" data-type-id=\"0\" data-params=\"%7B%22article_edition_id%22%3A%22765706%22%2C%22section%22%3A%221%22%2C%22alias%22%3A%22bmw-x7-nuova-2026-render%22%7D\" rel=\"nofollow noopener\" target=\"_blank\">X7 di seconda generazione<\/a>, dalla quale dovrebbe derivare anche una <strong>iX7 completamente elettrica<\/strong>. Con BMW che ha gi\u00e0 <a href=\"https:\/\/it.motor1.com\/news\/790383\/bmw-i3-touring-teaser\/\" data-inline-widget=\"internal-links\" data-type-id=\"0\" data-params=\"%7B%22article_edition_id%22%3A%22790383%22%2C%22section%22%3A%221%22%2C%22alias%22%3A%22bmw-i3-touring-teaser%22%7D\" rel=\"nofollow noopener\" target=\"_blank\">anticipato la i3 Touring<\/a>, \u00e8 probabile che la familiare elettrica venga presentata nel corso del prossimo anno. \u00c8 molto probabile che sia affiancata da un\u2019altra <strong>Serie 3 Touring con motore termico<\/strong>.<\/p>\n<p>Se le foto spia sono indicative, <a href=\"https:\/\/it.motor1.com\/bmw\/\" data-inline-widget=\"internal-links\" rel=\"nofollow noopener\" target=\"_blank\">BMW<\/a> dar\u00e0 alla <a href=\"https:\/\/it.motor1.com\/bmw\/serie-5\/\" data-inline-widget=\"internal-links\" rel=\"nofollow noopener\" target=\"_blank\">Serie 5<\/a> un restyling in stile <strong>Neue Klasse<\/strong>, esteso sia alla berlina sia alla Touring e alle rispettive versioni M. Come per tutti i prossimi modelli della casa, gli aggiornamenti introdurranno una <strong>plancia radicalmente diversa<\/strong>, con un grande schermo centrale e una proiezione sul parabrezza da montante a montante. Dal momento che la <a href=\"https:\/\/it.motor1.com\/news\/800177\/bmw-x5-caratteristiche-motori\/\" data-inline-widget=\"internal-links\" data-type-id=\"0\" data-params=\"%7B%22article_edition_id%22%3A%22800177%22%2C%22section%22%3A%221%22%2C%22alias%22%3A%22bmw-x5-caratteristiche-motori%22%7D\" rel=\"nofollow noopener\" target=\"_blank\">nuova X5<\/a> offre gi\u00e0 uno schermo passeggero opzionale, questa soluzione potrebbe arrivare anche sulla Serie 5.<\/p>\n<p>Il SUV pi\u00f9 piccolo di BMW cambier\u00e0 profondamente nel 2027<\/p>\n<p>Pi\u00f9 in basso nella gamma, anche <a href=\"https:\/\/it.motor1.com\/bmw\/x1\/\" data-inline-widget=\"internal-links\" data-type-id=\"1\" data-params=\"%7B%22make_alias%22%3A%22bmw%22%2C%22alias%22%3A%22x1%22%7D\" rel=\"nofollow noopener\" target=\"_blank\">X1<\/a> e iX1 saranno aggiornate, ma con una particolarit\u00e0. Secondo le indiscrezioni, il crossover compatto con motorizzazioni convenzionali ricever\u00e0 un aggiornamento di met\u00e0 carriera, mentre il modello completamente elettrico salter\u00e0 il restyling per passare direttamente alla generazione successiva. Fonti vicine all\u2019azienda sostengono che <strong>la iX1 passer\u00e0 a una piattaforma a trazione posteriore<\/strong>, con gli ultimi sviluppi in materia di motori elettrici e celle batteria cilindriche.<\/p>\n<p>Ci siamo dimenticati qualcosa? La <strong>i4 Cabrio<\/strong>, avvistata di recente, probabilmente non arriver\u00e0 prima del 2028, anno in cui ci aspettiamo anche la nuova generazione della X6. <a href=\"https:\/\/it.motor1.com\/news\/803140\/bmw-fuoristrada-cancellato\/\" data-inline-widget=\"internal-links\" data-type-id=\"0\" data-params=\"%7B%22article_edition_id%22%3A%22803140%22%2C%22section%22%3A%221%22%2C%22alias%22%3A%22bmw-fuoristrada-cancellato%22%7D\" rel=\"nofollow noopener\" target=\"_blank\">Il vociferato SUV fuoristrada<\/a> potrebbe essere stato cancellato nelle fasi iniziali del progetto, ma in ogni caso non era previsto prima della fine del decennio.<\/p>\n<p>Mentre BMW aggiorna e rinnova i propri modelli, per alcuni potrebbe invece arrivare la scure. <a href=\"https:\/\/it.motor1.com\/news\/779927\/bmw-z4-final-edition\/\" data-inline-widget=\"internal-links\" data-type-id=\"0\" data-params=\"%7B%22article_edition_id%22%3A%22779927%22%2C%22section%22%3A%221%22%2C%22alias%22%3A%22bmw-z4-final-edition%22%7D\" rel=\"nofollow noopener\" target=\"_blank\">Z4<\/a> e <a href=\"https:\/\/it.motor1.com\/news\/769179\/bmw-serie-8-heritage-2025-addio\/\" data-inline-widget=\"internal-links\" data-type-id=\"0\" data-params=\"%7B%22article_edition_id%22%3A%22769179%22%2C%22section%22%3A%221%22%2C%22alias%22%3A%22bmw-serie-8-heritage-2025-addio%22%7D\" rel=\"nofollow noopener\" target=\"_blank\">Serie 8<\/a> appartengono gi\u00e0 al passato, e anche la i4 Gran Coup\u00e9 non sembra destinata a restare ancora a lungo in gamma. <strong>Un\u2019erede della iX probabilmente non ci sar\u00e0<\/strong>, dato che iX5 e iX7 possono colmare facilmente quel vuoto, mentre un\u2019altra Serie 2 Active Tourer non sembra un\u2019idea particolarmente convincente. Quanto alla XM, il suo futuro resta incerto.<\/p>\n<p class=\"comfort-title-large flex gap-spacing-sm-base items-center\">\n<p>\t\tVogliamo la tua opinione!\n\t<\/p>\n<p>Cosa vorresti vedere su Motor1.com?<\/p>\n<p>\t\t<a href=\"https:\/\/it.motor1.com\/survey\/2025\/\" rel=\"nofollow noopener\" target=\"_blank\"><br \/>\n\t\t\tPartecipa al nostro sondaggio di 3 minuti.\t\t<\/a><\/p>\n<p class=\"compact-body-medium\">&#8211; Il team di Motor1.com<\/p>\n","protected":false},"excerpt":{"rendered":"Anche se le ultime notizie non sono certo delle migliori (8.000 licenziamenti) BMW rimane comunque il brand dominante&hellip;\n","protected":false},"author":3,"featured_media":617470,"comment_status":"","ping_status":"","sticky":false,"template":"","format":"standard","meta":{"footnotes":"","_share_on_mastodon":"0"},"categories":[173],"tags":[1518,6599,1537,90,89,195,198,199,197,200,201,194,196],"class_list":["post-617469","post","type-post","status-publish","format-standard","has-post-thumbnail","category-scienza-e-tecnologia","tag-anticipazioni","tag-bmw","tag-it","tag-italia","tag-italy","tag-science","tag-science-and-technology","tag-scienceandtechnology","tag-scienza","tag-scienza-e-tecnologia","tag-scienzaetecnologia","tag-technology","tag-tecnologia"],"share_on_mastodon":{"url":"https:\/\/pubeurope.com\/@it\/117038085510227452","error":""},"_links":{"self":[{"href":"https:\/\/www.europesays.com\/it\/wp-json\/wp\/v2\/posts\/617469","targetHints":{"allow":["GET"]}}],"collection":[{"href":"https:\/\/www.europesays.com\/it\/wp-json\/wp\/v2\/posts"}],"about":[{"href":"https:\/\/www.europesays.com\/it\/wp-json\/wp\/v2\/types\/post"}],"author":[{"embeddable":true,"href":"https:\/\/www.europesays.com\/it\/wp-json\/wp\/v2\/users\/3"}],"replies":[{"embeddable":true,"href":"https:\/\/www.europesays.com\/it\/wp-json\/wp\/v2\/comments?post=617469"}],"version-history":[{"count":0,"href":"https:\/\/www.europesays.com\/it\/wp-json\/wp\/v2\/posts\/617469\/revisions"}],"wp:featuredmedia":[{"embeddable":true,"href":"https:\/\/www.europesays.com\/it\/wp-json\/wp\/v2\/media\/617470"}],"wp:attachment":[{"href":"https:\/\/www.europesays.com\/it\/wp-json\/wp\/v2\/media?parent=617469"}],"wp:term":[{"taxonomy":"category","embeddable":true,"href":"https:\/\/www.europesays.com\/it\/wp-json\/wp\/v2\/categories?post=617469"},{"taxonomy":"post_tag","embeddable":true,"href":"https:\/\/www.europesays.com\/it\/wp-json\/wp\/v2\/tags?post=617469"}],"curies":[{"name":"wp","href":"https:\/\/api.w.org\/{rel}","templated":true}]}}