{"id":617501,"date":"2026-08-04T16:31:11","date_gmt":"2026-08-04T16:31:11","guid":{"rendered":"https:\/\/www.europesays.com\/it\/617501\/"},"modified":"2026-08-04T16:31:11","modified_gmt":"2026-08-04T16:31:11","slug":"il-papa-promuovere-una-comunicazione-ispirata-a-verita-e-rispetto-della-dignita-umana","status":"publish","type":"post","link":"https:\/\/www.europesays.com\/it\/617501\/","title":{"rendered":"Il Papa: promuovere una comunicazione ispirata a verit\u00e0 e rispetto della dignit\u00e0 umana"},"content":{"rendered":"<p>Messaggio di Leone XIV, a firma del cardinale Parolin, ai partecipanti al Congresso mondiale di SIGNIS che per la prima volta si svolge in Africa, a Kigali. Il Pontefice esorta gli operatori dei media a contribuire \u201ca una cultura che rifletta i valori di comunione, pace e tutela dell\u2019ambiente\u201d. Il prefetto Ruffini: \u201cMai permettere agli algoritmi di scrivere la nostra storia. La pi\u00f9 grande innovazione non sar\u00e0 una macchina pi\u00f9 intelligente, ma un modo pi\u00f9 umano di comunicare&#8221;<\/p>\n<p><b>Salvatore Cernuzio \u2013 Citt\u00e0 del Vaticano<\/b><\/p>\n<p>Verit\u00e0 e rispetto della dignit\u00e0 umana: due valori, due principi, sui quali orientare e ispirare strategie e strumenti di comunicazione. Li indica il Papa nel suo messaggio ai partecipanti al Congresso mondiale di SIGNIS, l\u2019Associazione Cattolica Mondiale per la Comunicazione che unisce i professionisti dei media cattolici di tutto il mondo. Quello in corso dal 3 all\u20198 agosto \u00e8 un appuntamento storico per SIGNIS perch\u00e9 per la prima volta in assoluto il World Congress si svolge sul suolo africano. \u00c8 Kigali, capitale del Rwanda, ad ospitare infatti gli oltre 300 professionisti provenienti da 100 Paesi, riuniti per riflettere sul tema Comunicazione digitale per l\u2019armonia culturale e il benessere ambientale. Al centro, quindi, le sfide dei media contemporanei, l\u2019uso etico delle tecnologie digitali e dell\u2019Intelligenza artificiale.<\/p>\n<p>Nuovo slancio alle piattaforme di comunicazione <\/p>\n<p>I temi, cio\u00e8, sviscerati gi\u00e0 da Leone XIV nella sua enciclica Magnifica Humanitas che il Papa stesso cita nel messaggio ai partecipanti, a firma del cardinale segretario di Stato Pietro Parolin e letto a inizio giornata dal nunzio apostolico in Rwanda, l\u2019arcivescovo Arnaldo Catalan. Nel testo il Pontefice esprime anzitutto la speranza che i lavori a Kigali \u201ccontribuiscano a dare nuovo slancio affinch\u00e9 le piattaforme di comunicazione promuovano il bene comune della famiglia umana\u201d, specialmente in questa epoca \u201cspesso definita era digitale\u201d, in cui gran parte della vita \u00e8 \u201cguidata dalla tecnologia digitale e da Internet\u201d.<\/p>\n<p>    <img decoding=\"async\" src=\"data:image\/gif;base64,R0lGODlhAQABAIAAAAAAAP\/\/\/yH5BAEAAAAALAAAAAABAAEAAAIBRAA7\" data-original=\"https:\/\/www.vaticannews.va\/content\/dam\/vaticannews\/multimedia\/2026\/Luglio\/06\/signis-logo.jpg\/_jcr_content\/renditions\/cq5dam.thumbnail.cropped.750.422.jpeg\" alt=\"Il logo del Congresso Mondiale di SIGNIS 2026 a Kigali, in Rwanda\" title=\"Il logo del Congresso Mondiale di SIGNIS 2026 a Kigali, in Rwanda\"\/><\/p>\n<p>\n   Il logo del Congresso Mondiale di SIGNIS 2026 a Kigali, in Rwanda\n  <\/p>\n<p>Una cultura di comunione, pace, tutela dell&#8217;ambiente <\/p>\n<p>Cita poi, il Papa, la Magnifica Humanitas in cui afferma che \u201cla comunicazione online non \u00e8 semplicemente la trasmissione di informazioni, ma la creazione di una cultura\u201d, poich\u00e9 \u201cha il potere di plasmare il modo in cui le persone percepiscono il mondo\u201d e, di conseguenza, \u201cinfluenza profondamente la coscienza collettiva\u201d. In quest\u2019ottica, \u00e8 auspicio del Papa che i partecipanti al Congesso mondiale 2026 di SIGNIS cerchino di \u201cindividuare modalit\u00e0 per promuovere strategie e strumenti di comunicazione ispirati alla ricerca della verit\u00e0 e al rispetto della dignit\u00e0 umana\u201d. Cos\u00ec che possa edificarsi \u201cuna cultura che rifletta i valori evangelici della comunione, della pace e della tutela dell\u2019ambiente\u201d.<\/p>\n<p>Guardarsi l&#8217;un l&#8217;altro <\/p>\n<p>Subito dopo la lettura del messaggio papale, \u00e8 stato proiettato nella sala del Sainte Famille Hotel &#8211; dove si svolge l\u2019evento &#8211; un videomessaggio del prefetto del Dicastero per la Comunicazione, Paolo Ruffini, il quale si \u00e8 detto grato per incontri come questo di SIGNIS che \u201cci ricordano qualcosa che il nostro mondo digitale spesso dimentica: che la comunicazione non inizia con la tecnologia, ma con le persone\u201d.<\/p>\n<p>Su questo punto, in particolare, si \u00e8 soffermato il prefetto guardando all\u2019attualit\u00e0, a questi \u201ctempi difficili\u201d segnati da \u201cguerre, polarizzazione, disinformazione e crescente sfiducia\u201d. Tempi, anche, in cui per la prima volta si hanno a disposizione strumenti \u201cpotenti\u201d per entrare in contatto gli uni con gli altri. \u201cEppure, una semplice connessione digitale non equivale a una relazione basata sulla comunione\u201d, ha detto Ruffini. \u201cGuardarci l\u2019un l\u2019altro attraverso uno schermo non \u00e8 esattamente come stringersi la mano e sentire il calore di una presenza\u201d.<\/p>\n<p>     <a href=\"https:\/\/www.vaticannews.va\/it\/chiesa\/news\/2023-07\/conferenza-signis-africa-uganda-media-cattolici-migranti.html\" title=\"Da SIGNIS Africa linee guida per una corretta narrazione del fenomeno migratorio\" rel=\"nofollow noopener\" target=\"_blank\"><\/p>\n<p>        <img decoding=\"async\" src=\"data:image\/gif;base64,R0lGODlhAQABAIAAAAAAAP\/\/\/yH5BAEAAAAALAAAAAABAAEAAAIBRAA7\" data-original=\"https:\/\/media.vaticannews.va\/media\/content\/dam-archive\/vaticannews\/multimedia\/2023\/07\/12\/JPG_1017.jpg\/_jcr_content\/renditions\/cq5dam.thumbnail.cropped.500.281.jpeg\" alt=\"Da SIGNIS Africa linee guida per una corretta narrazione del fenomeno migratorio\"\/><\/p>\n<p>      <\/a><\/p>\n<p>\n      La Conferenza dell&#8217;associazione rivolta agli operatori dei media cattolici del continente africano, dal 10 luglio a Kampala, in Uganda, si \u00e8 conclusa con un appello per un &#8230;\n     <\/p>\n<p>Il virus dell&#8217;isolamento e della frammentazione <\/p>\n<p>Di pari passo con una crescente connessione, \u00e8 aumentato infatti \u201cil virus dell\u2019isolamento, della frammentazione e della falsa intimit\u00e0, plasmata dagli algoritmi pi\u00f9 che da un vero incontro\u201d. \u201cUn like digitale non \u00e8 la stessa cosa di un sorriso di persona\u201d, ha sottolineato il prefetto. Ed \u00e8 per questo che diventa fondamentale la missione dei comunicatori cattolici chiamati a costruire fiducia e dimostrare che \u201cun altro modo di comunicare \u00e8 possibile\u201d.<\/p>\n<p>Certo, la tecnologia \u00e8 indispensabile e l\u2019Intelligenza artificiale continuer\u00e0 a trasformare le nostre societ\u00e0 in modo straordinario. Di fondo c\u2019\u00e8, per\u00f2, una domanda semplice ma decisiva: \u201cChe tipo di esseri umani scegliamo di diventare mentre la utilizziamo?\u201d. \u201cQuesto dipende da noi\u201d, ha affermato Paolo Ruffini. \u201cL\u2019IA sa calcolare. Sa organizzare le informazioni. Sa aiutarci. Sa anche imitare il linguaggio. Ma non pu\u00f2 sostituire la vera saggezza, che nasce dalla libert\u00e0, dall\u2019esperienza personale, dalla responsabilit\u00e0 e, soprattutto, dall\u2019amore\u201d.<\/p>\n<p>    <img decoding=\"async\" src=\"data:image\/gif;base64,R0lGODlhAQABAIAAAAAAAP\/\/\/yH5BAEAAAAALAAAAAABAAEAAAIBRAA7\" data-original=\"https:\/\/www.vaticannews.va\/content\/dam\/vaticannews\/multimedia\/2026\/agosto\/04\/congresso-mondiale-di-signis-kigali-4-agosto-2026.jpg\/_jcr_content\/renditions\/cq5dam.thumbnail.cropped.750.422.jpeg\" alt=\"Alcuni dei partecipanti al World Congress di Kigali\" title=\"Alcuni dei partecipanti al World Congress di Kigali\"\/><\/p>\n<p>\n   Alcuni dei partecipanti al World Congress di Kigali\n  <\/p>\n<p>Essere e rimanere gli autori della nostra storia <\/p>\n<p>Allora, \u201cnon dobbiamo mai permettere che siano gli algoritmi a scrivere la nostra storia. Noi ne siamo e dobbiamo rimanerne gli autori\u201d. Come ha affermato Papa Francesco prima e Papa Leone poi, \u201csiamo chiamati a salvaguardare la persona umana, a preservare le voci e i volti umani\u201d. Che non significa \u201cconservarli in un museo\u201d, bens\u00ec \u201cprendersene cura attivamente, coltivare il pensiero critico, preservare spazi di dialogo e garantire che la tecnologia rimanga sempre al servizio della persona umana\u201d. \u00c8 un compito arduo e per svolgerlo serve \u201cuna rete globale per valorizzare e sostenere le buone forme di comunicazione e un\u2019informazione affidabile\u201d. Allo stesso tempo \u2013 e sempre i Papi lo hanno ribadito \u2013 c\u2019\u00e8 bisogno di imprenditori e ingegneri dell\u2019informazione \u201ccoraggiosi\u201d per \u201cplasmare un ecosistema globale di comunicazione digitale migliore\u201d.<\/p>\n<p>Al servizio della verit\u00e0 e non del profitto <\/p>\n<p>SIGNIS pu\u00f2 svolgere un ruolo essenziale in questa missione. \u201cSIGNIS non dovrebbe mai essere una burocrazia ecclesiastica, ma una rete di persone, una rete di professionisti che condividono la stessa fede\u201d, ha detto Ruffini. \u201cSIGNIS dovrebbe essere un luogo in cui si instaurano rapporti di fiducia, si condividono informazioni veritiere e si progettano iniziative di qualit\u00e0\u201d. Dunque una comunit\u00e0 in cui possa prendere forma \u201cil sogno di un ecosistema comunicativo diverso\u201d e dove le diversit\u00e0 si trasformano in dialogo, dove il disaccordo non distrugge la fraternit\u00e0 e dove si pu\u00f2 immaginare \u201cun modello economico della comunicazione diverso\u201d. Sempre \u201cal servizio della verit\u00e0\u201d e mai al servizio della \u201cmassimizzazione dei profitti\u201d o del \u201cmero consenso\u201d.<\/p>\n<p>L\u2019incoraggiamento del prefetto del Dicastero per la Comunicazione \u00e8 pertanto a \u201ccostruire ponti\u201d, a \u201ccreare incontri\u201d e \u201cdare spazio ai volti e alle voci umane in un mondo sempre pi\u00f9 digitale\u201d. Perch\u00e9 la pi\u00f9 grande innovazione da offrire alle societ\u00e0 non sar\u00e0 \u201cuna macchina pi\u00f9 intelligente\u201d, ma \u201cun modo pi\u00f9 umano di comunicare\u201d.<\/p>\n<p>     <a href=\"https:\/\/www.vaticannews.va\/it\/vaticano\/news\/2023-07\/workshop-uganda-africa-media-signis-messaggio-ruffini-migranti.html\" title=\"Africa, dai media cattolici nuovi modi per raccontare la realt\u00e0 dei migranti\" rel=\"nofollow noopener\" target=\"_blank\"><\/p>\n<p>        <img decoding=\"async\" src=\"data:image\/gif;base64,R0lGODlhAQABAIAAAAAAAP\/\/\/yH5BAEAAAAALAAAAAABAAEAAAIBRAA7\" data-original=\"https:\/\/media.vaticannews.va\/media\/content\/dam-archive\/vaticannews\/multimedia\/2023\/07\/12\/JPG_1058.jpg\/_jcr_content\/renditions\/cq5dam.thumbnail.cropped.500.281.jpeg\" alt=\"Africa, dai media cattolici nuovi modi per raccontare la realt\u00e0 dei migranti\"\/><\/p>\n<p>      <\/a><\/p>\n<p>\n      In corso a Kampala, in Uganda, il workshop promosso da SIGNIS sul tema \u201cReporting on migrants and refugees\u201d rivolto agli operatori dei media cattolici africani. Obiettivo \u00e8 la &#8230;\n     <\/p>\n<p>\u00a0<\/p>\n","protected":false},"excerpt":{"rendered":"Messaggio di Leone XIV, a firma del cardinale Parolin, ai partecipanti al Congresso mondiale di SIGNIS che per&hellip;\n","protected":false},"author":3,"featured_media":617502,"comment_status":"","ping_status":"","sticky":false,"template":"","format":"standard","meta":{"footnotes":"","_share_on_mastodon":"0"},"categories":[160],"tags":[3623,1059,14,164,165,74863,793,166,7,15,42383,1358,26012,58746,79135,11,167,12,168,161,162,163],"class_list":["post-617501","post","type-post","status-publish","format-standard","has-post-thumbnail","category-mondo","tag-africa","tag-chiesa-cattolica","tag-cronaca","tag-dal-mondo","tag-dalmondo","tag-dicastero-per-la-comunicazione","tag-media","tag-mondo","tag-news","tag-notizie","tag-paolo-ruffini","tag-papa-leone-xiv","tag-pietro-parolin","tag-rwanda","tag-societa-civile","tag-ultime-notizie","tag-ultime-notizie-di-mondo","tag-ultimenotizie","tag-ultimenotiziedimondo","tag-world","tag-world-news","tag-worldnews"],"share_on_mastodon":{"url":"","error":""},"_links":{"self":[{"href":"https:\/\/www.europesays.com\/it\/wp-json\/wp\/v2\/posts\/617501","targetHints":{"allow":["GET"]}}],"collection":[{"href":"https:\/\/www.europesays.com\/it\/wp-json\/wp\/v2\/posts"}],"about":[{"href":"https:\/\/www.europesays.com\/it\/wp-json\/wp\/v2\/types\/post"}],"author":[{"embeddable":true,"href":"https:\/\/www.europesays.com\/it\/wp-json\/wp\/v2\/users\/3"}],"replies":[{"embeddable":true,"href":"https:\/\/www.europesays.com\/it\/wp-json\/wp\/v2\/comments?post=617501"}],"version-history":[{"count":0,"href":"https:\/\/www.europesays.com\/it\/wp-json\/wp\/v2\/posts\/617501\/revisions"}],"wp:featuredmedia":[{"embeddable":true,"href":"https:\/\/www.europesays.com\/it\/wp-json\/wp\/v2\/media\/617502"}],"wp:attachment":[{"href":"https:\/\/www.europesays.com\/it\/wp-json\/wp\/v2\/media?parent=617501"}],"wp:term":[{"taxonomy":"category","embeddable":true,"href":"https:\/\/www.europesays.com\/it\/wp-json\/wp\/v2\/categories?post=617501"},{"taxonomy":"post_tag","embeddable":true,"href":"https:\/\/www.europesays.com\/it\/wp-json\/wp\/v2\/tags?post=617501"}],"curies":[{"name":"wp","href":"https:\/\/api.w.org\/{rel}","templated":true}]}}