{"id":617592,"date":"2026-08-04T17:48:17","date_gmt":"2026-08-04T17:48:17","guid":{"rendered":"https:\/\/www.europesays.com\/it\/617592\/"},"modified":"2026-08-04T17:48:17","modified_gmt":"2026-08-04T17:48:17","slug":"lucidita-terminale-il-mistero-della-mente-che-si-riaccende-prima-della-morte","status":"publish","type":"post","link":"https:\/\/www.europesays.com\/it\/617592\/","title":{"rendered":"Lucidit\u00e0 terminale, il mistero della mente che si riaccende prima della morte"},"content":{"rendered":"<p><strong>Una persona con demenza avanzata<\/strong>, da tempo incapace di riconoscere i propri cari o di sostenere una conversazione, improvvisamente <strong>torna lucida<\/strong>. Pronuncia <strong>frasi coerenti<\/strong>, <strong>ricorda nomi e avvenimenti<\/strong>, <strong>saluta i familiari<\/strong>. Poco dopo, talvolta nel giro di ore o giorni, muore.<\/p>\n<p>\u00c8 il fenomeno conosciuto come <strong>lucidit\u00e0 terminale<\/strong>, descritto da medici e familiari da oltre due secoli e oggi al centro di un <strong>nuovo filone di ricerca<\/strong>. La sintesi dell\u2019articolo del <strong>New York Times<\/strong> da cui prende spunto questo approfondimento racconta proprio questi inattesi ritorni della memoria e della comunicazione nelle fasi finali della vita.\u00a0<\/p>\n<p><strong>Lucidit\u00e0 terminale e lucidit\u00e0 paradossale non sono la stessa cosa<\/strong><\/p>\n<p>La ricerca utilizza spesso un termine pi\u00f9 ampio: <strong>lucidit\u00e0 paradossale<\/strong>. Indica il <strong>recupero spontaneo e temporaneo<\/strong> di capacit\u00e0 cognitive o comunicative che sembravano perdute in una persona con demenza grave.<\/p>\n<p>Quando l\u2019episodio si verifica in prossimit\u00e0 della morte si parla pi\u00f9 propriamente di <strong>lucidit\u00e0 terminale<\/strong>. Ma non tutti i momenti di lucidit\u00e0 osservati nelle persone con demenza anticipano il decesso: alcuni possono comparire settimane o mesi prima e durare pochi secondi, minuti o pi\u00f9 a lungo.<\/p>\n<p>Questa distinzione \u00e8 importante perch\u00e9 <strong>evita di interpretare ogni miglioramento improvviso come un segnale di morte imminente<\/strong>.<\/p>\n<p>    <a href=\"https:\/\/www.mondosanita.it\/news\/ultime-scoperte\/107170\/camminata-a-passo-svelto-lo-studio-sui-super-movers-dimezza-il-rischio-demenza.html?utm_source=VCMS_correlati\" class=\"vc_cont_image\" rel=\"nofollow noopener\" target=\"_blank\"><img decoding=\"async\" class=\"vc_image\" src=\"https:\/\/www.europesays.com\/it\/wp-content\/uploads\/2026\/08\/PassiChatGPT_Image_3_ago_2026,_01_16_05-1785713327094.jpg--contapassi.jpg\"\/><\/a><\/p>\n<p><strong>Che cosa mostrano gli studi sui caregiver<\/strong><\/p>\n<p>Nel <strong>2024<\/strong> il <strong>National Institute on Aging<\/strong> statunitense ha riferito i risultati di uno studio basato su <strong>interviste approfondite<\/strong> ai familiari di persone con demenza avanzata. Molti <strong>caregiver<\/strong> hanno raccontato di avere osservato almeno un episodio di lucidit\u00e0: conversazioni coerenti, riconoscimento delle persone, battute, richieste pertinenti o gesti affettuosi inattesi.<\/p>\n<p>Queste testimonianze sono preziose, ma <strong>non permettono ancora di stabilire quanto il fenomeno sia frequente<\/strong> nella popolazione generale. I partecipanti agli studi vengono spesso selezionati proprio perch\u00e9 hanno assistito a episodi simili, quindi <strong>non \u00e8 corretto trasformare questi risultati in una percentuale valida per tutti i pazienti con demenza<\/strong>.<\/p>\n<p>Una <strong>revisione scientifica<\/strong> pubblicata nel <strong>2024<\/strong> ha inoltre confermato che gli episodi di lucidit\u00e0 sono riportati anche negli stadi pi\u00f9 avanzati dell\u2019<strong>Alzheimer<\/strong> e delle demenze correlate, ma ha sottolineato la <strong>scarsit\u00e0 di osservazioni dirette e di criteri diagnostici condivisi<\/strong>.<\/p>\n<p><strong>I primi episodi osservati direttamente<\/strong><\/p>\n<p>Uno dei progressi pi\u00f9 importanti arriva da uno <strong>studio prospettico<\/strong> pubblicato nel <strong>2025<\/strong>, che ha <strong>documentato direttamente<\/strong> episodi di lucidit\u00e0 in persone con demenza avanzata.<\/p>\n<p>I ricercatori hanno osservato che le manifestazioni possono essere molto diverse da una persona all\u2019altra. L\u2019elemento comune pi\u00f9 evidente \u00e8 stato per\u00f2 il <strong>recupero significativo della comunicazione verbale<\/strong>: parole appropriate, risposte pertinenti o conversazioni impossibili nelle condizioni abituali del paziente.<\/p>\n<p>Si tratta di un risultato rilevante perch\u00e9 gran parte delle conoscenze precedenti derivava da <strong>racconti retrospettivi dei familiari<\/strong>.<\/p>\n<p><strong>Perch\u00e9 la mente sembra riaccendersi?<\/strong><\/p>\n<p><strong>Al momento non esiste una spiegazione dimostrata<\/strong>.<\/p>\n<p>Tra le ipotesi allo studio vi sono <strong>modificazioni temporanee delle reti cerebrali<\/strong>, <strong>variazioni dei sistemi neurochimici<\/strong>, <strong>riduzione di alcuni meccanismi inibitori<\/strong> o una <strong>breve riattivazione di circuiti<\/strong> ancora presenti ma difficilmente accessibili durante la malattia.<\/p>\n<p>Queste teorie <strong>non provano che i ricordi siano rimasti completamente intatti<\/strong> n\u00e9 che il danno provocato dalla demenza sia reversibile. Gli studiosi parlano piuttosto della possibilit\u00e0 che <strong>alcune funzioni siano meno definitivamente perdute<\/strong> di quanto suggerisca il comportamento esterno del paziente.<\/p>\n<p>Una revisione pubblicata su <strong>Alzheimer\u2019s &amp; Dementia<\/strong> ha definito la lucidit\u00e0 paradossale un possibile <strong>cambio di prospettiva per lo studio della neurobiologia della demenza<\/strong>, precisando per\u00f2 che le prove disponibili restano preliminari.<\/p>\n<p><strong>Che cosa devono sapere le famiglie<\/strong><\/p>\n<p>Un episodio di lucidit\u00e0 pu\u00f2 essere vissuto come un <strong>dono<\/strong>: un\u2019ultima conversazione, un riconoscimento, un saluto. Ma <strong>non deve essere considerato una guarigione<\/strong> n\u00e9 la prova che la persona abbia <strong>recuperato stabilmente le proprie capacit\u00e0 decisionali<\/strong>.<\/p>\n<p>Le scelte mediche, assistenziali o patrimoniali <strong>non dovrebbero quindi essere modificate sulla base di un singolo momento di apparente chiarezza<\/strong> senza una valutazione clinica.<\/p>\n<p>La ricerca invita anche a <strong>non sottovalutare le capacit\u00e0 residue<\/strong> delle persone con demenza avanzata. Anche quando la comunicazione sembra compromessa, \u00e8 importante <strong>continuare a parlare con rispetto<\/strong>, <strong>mantenere il contatto<\/strong> e <strong>coinvolgere la persona nelle relazioni quotidiane<\/strong>.<\/p>\n<p><strong>Il mistero resta aperto<\/strong>. Comprendere questi brevi ritorni alla lucidit\u00e0 potrebbe aiutare la scienza a conoscere meglio non soltanto la demenza, ma anche i meccanismi della memoria, della coscienza e dell\u2019identit\u00e0 personale.<\/p>\n<p><img loading=\"lazy\" decoding=\"async\" src=\"https:\/\/www.europesays.com\/it\/wp-content\/uploads\/2026\/08\/ChatGPT_Image_3_ago_2026,_09_14_51-1785741337532.jpg\" alt=\"\" width=\"1122\" height=\"1402\" caption=\"false\"\/><\/p>\n<p><strong>Fonti<\/strong>:<\/p>\n<p><strong>National Institute on Aging<\/strong>, Study on caregivers finds brief bouts of lucidity are common among people with dementia, 6 giugno 2024; <strong>Gilmore-Bykovskyi A. et al.<\/strong>, Caregiver accounts of lucid episodes in persons with advanced dementia, The Gerontologist, 2024; <strong>Griffin J.M. et al.<\/strong>, Lucidity in the Deeply Forgetful: A Scoping Review, 2024; <strong>Gilmore-Bykovskyi A. et al.<\/strong>, A prospective observational study of lucid episodes in advanced dementia, 2025; <strong>Mashour G.A. et al.<\/strong>, Paradoxical lucidity: A potential paradigm shift for the neurobiology and treatment of severe dementias, Alzheimer\u2019s &amp; Dementia, 2019; <strong>New York Times Magazine<\/strong>, Billy Brennan, approfondimento sulla lucidit\u00e0 terminale, 14 luglio 2026, nella sintesi fornita. <strong>Riassunto_Terminal_Lucidity.pdf<\/strong><\/p>\n","protected":false},"excerpt":{"rendered":"Una persona con demenza avanzata, da tempo incapace di riconoscere i propri cari o di sostenere una conversazione,&hellip;\n","protected":false},"author":3,"featured_media":617593,"comment_status":"","ping_status":"","sticky":false,"template":"","format":"standard","meta":{"footnotes":"","_share_on_mastodon":"0"},"categories":[175],"tags":[340233,340230,32061,340227,239,1537,90,89,340228,340226,340231,223354,340229,240,340232],"class_list":["post-617592","post","type-post","status-publish","format-standard","has-post-thumbnail","category-salute","tag-alzheimers-dementia","tag-billy-brennan","tag-caregiver","tag-demenza-avanzata","tag-health","tag-it","tag-italia","tag-italy","tag-lucidita-paradossale","tag-lucidita-terminale","tag-mashour-g-a","tag-national-institute-on-aging","tag-new-york-times-magazine","tag-salute","tag-the-gerontologist"],"share_on_mastodon":{"url":"https:\/\/pubeurope.com\/@it\/117038502436949779","error":""},"_links":{"self":[{"href":"https:\/\/www.europesays.com\/it\/wp-json\/wp\/v2\/posts\/617592","targetHints":{"allow":["GET"]}}],"collection":[{"href":"https:\/\/www.europesays.com\/it\/wp-json\/wp\/v2\/posts"}],"about":[{"href":"https:\/\/www.europesays.com\/it\/wp-json\/wp\/v2\/types\/post"}],"author":[{"embeddable":true,"href":"https:\/\/www.europesays.com\/it\/wp-json\/wp\/v2\/users\/3"}],"replies":[{"embeddable":true,"href":"https:\/\/www.europesays.com\/it\/wp-json\/wp\/v2\/comments?post=617592"}],"version-history":[{"count":0,"href":"https:\/\/www.europesays.com\/it\/wp-json\/wp\/v2\/posts\/617592\/revisions"}],"wp:featuredmedia":[{"embeddable":true,"href":"https:\/\/www.europesays.com\/it\/wp-json\/wp\/v2\/media\/617593"}],"wp:attachment":[{"href":"https:\/\/www.europesays.com\/it\/wp-json\/wp\/v2\/media?parent=617592"}],"wp:term":[{"taxonomy":"category","embeddable":true,"href":"https:\/\/www.europesays.com\/it\/wp-json\/wp\/v2\/categories?post=617592"},{"taxonomy":"post_tag","embeddable":true,"href":"https:\/\/www.europesays.com\/it\/wp-json\/wp\/v2\/tags?post=617592"}],"curies":[{"name":"wp","href":"https:\/\/api.w.org\/{rel}","templated":true}]}}