{"id":617640,"date":"2026-08-04T18:29:16","date_gmt":"2026-08-04T18:29:16","guid":{"rendered":"https:\/\/www.europesays.com\/it\/617640\/"},"modified":"2026-08-04T18:29:16","modified_gmt":"2026-08-04T18:29:16","slug":"cobolli-perde-lottavo-posto-nel-ranking-atp-ecco-perche","status":"publish","type":"post","link":"https:\/\/www.europesays.com\/it\/617640\/","title":{"rendered":"Cobolli perde l&#8217;ottavo posto nel ranking Atp: ecco perch\u00e9"},"content":{"rendered":"<p>                                L&#8217;azzurro aveva festeggiato il suo miglior piazzamento in carriera, ma dopo 24 ore la classifica \u00e8 cambiata\u00a0<\/p>\n<p>            <a class=\"image is-50x50\" href=\"https:\/\/www.gazzetta.it\/collaboratori\/luigi-ansaloni\/\" rel=\"nofollow noopener\" target=\"_blank\"><br \/>\n                <img decoding=\"async\" class=\"is-rounded\" src=\"https:\/\/www.europesays.com\/it\/wp-content\/uploads\/2026\/03\/1774472354_735_omino.png\" alt=\"Luigi Ansaloni\"\/><br \/>\n            <\/a><\/p>\n<p>Collaboratore<\/p>\n<p>                    4 agosto &#8211; 17:07  &#8211; MILANO<\/p>\n<p class=\"paragraph\" spellcheck=\"true\">Ventiquattr\u2019ore da numero 8 del mondo, il tempo di festeggiare il miglior piazzamento della carriera anche con una storia su Instagram. Poi la correzione dell\u2019ATP: <a href=\"https:\/\/www.gazzetta.it\/Tennis\/ATP\/02-03-2026\/flavio-cobolli-intervista-porto-hulk-sulla-pelle-per-ricordarmi-chi-sono.shtml\" rel=\"nofollow noopener\" target=\"_blank\">Flavio Cobolli <\/a>torna al nono posto del ranking.\u00a0<\/p>\n<p>    Il motivo\u2014 \u00a0<\/p>\n<p class=\"paragraph is-inline\" spellcheck=\"true\">\u00a0Luned\u00ec 3 agosto come si consueto era stata infatti pubblicata la classifica ufficiale con l\u2019azzurro all\u2019ottavo posto, nuovo best ranking dopo uno straordinario 2026. Un primato, per\u00f2, che non \u00e8 durato molto.  L\u2019ATP aveva infatti stilato la graduatoria senza considerare la finale del torneo di Washington, rinviata di un giorno. A sistemare tutto ci ha pensato Taylor Fritz, che ha superato Rafael Jodar con il punteggio di 7-6(2) 6-4, salendo a quota 3.400 punti. Lo statunitense ha cos\u00ec operato il sorpasso su Cobolli, fermo a 3.330 punti, riprendendosi l\u2019ottava posizione. L\u2019ATP ha quindi aggiornato la classifica, mantenendo la data di luned\u00ec 3 agosto ma con Fritz numero 8 e Cobolli numero 9. Probabilmente l&#8217;aggiornamento era avvenuto in maniera automatico anche per via del motivo del rinvio della finale a Washington, avvenuta per maltempo, dunque in bilico per ore.\u00a0<\/p>\n<p>    Il debutto a Montreal\u2014 \u00a0<\/p>\n<p class=\"paragraph is-inline\" spellcheck=\"true\">\u00a0Resta comunque un traguardo significativo per il tennista italiano, protagonista di una stagione di altissimo livello e capace, anche se solo per un giorno, di entrare nella top 8 mondiale, traguardo comunque alla portata, eccome, di Flavio in un prossimo futuri.  Magari chiss\u00e0, gi\u00e0 a partire dal Masters 1000 di Montreal, dove debutter\u00e0 questa notte, al secondo turno per affrontare Yannick Hanfmann.<\/p>\n<p class=\"is-copyright\">\u00a9 RIPRODUZIONE RISERVATA<\/p>\n","protected":false},"excerpt":{"rendered":"L&#8217;azzurro aveva festeggiato il suo miglior piazzamento in carriera, ma dopo 24 ore la classifica \u00e8 cambiata\u00a0 Collaboratore&hellip;\n","protected":false},"author":3,"featured_media":617641,"comment_status":"","ping_status":"","sticky":false,"template":"","format":"standard","meta":{"footnotes":"","_share_on_mastodon":"0"},"categories":[1457],"tags":[2699,7919,7920,1902,1932,20222,1426,18672,7923,1537,90,89,1691,28059,2197,340263,340264,1312,3420,245,244,1273],"class_list":["post-617640","post","type-post","status-publish","format-standard","has-post-thumbnail","category-tennis","tag-agosto","tag-atp","tag-azzurro","tag-carriera","tag-classifica","tag-cobolli","tag-finale","tag-flavio","tag-fritz","tag-it","tag-italia","tag-italy","tag-lunedi","tag-lunedi-agosto","tag-miglior","tag-miglior-piazzamento","tag-miglior-piazzamento-carriera","tag-numero","tag-ranking","tag-sport","tag-sports","tag-tennis"],"share_on_mastodon":{"url":"","error":""},"_links":{"self":[{"href":"https:\/\/www.europesays.com\/it\/wp-json\/wp\/v2\/posts\/617640","targetHints":{"allow":["GET"]}}],"collection":[{"href":"https:\/\/www.europesays.com\/it\/wp-json\/wp\/v2\/posts"}],"about":[{"href":"https:\/\/www.europesays.com\/it\/wp-json\/wp\/v2\/types\/post"}],"author":[{"embeddable":true,"href":"https:\/\/www.europesays.com\/it\/wp-json\/wp\/v2\/users\/3"}],"replies":[{"embeddable":true,"href":"https:\/\/www.europesays.com\/it\/wp-json\/wp\/v2\/comments?post=617640"}],"version-history":[{"count":0,"href":"https:\/\/www.europesays.com\/it\/wp-json\/wp\/v2\/posts\/617640\/revisions"}],"wp:featuredmedia":[{"embeddable":true,"href":"https:\/\/www.europesays.com\/it\/wp-json\/wp\/v2\/media\/617641"}],"wp:attachment":[{"href":"https:\/\/www.europesays.com\/it\/wp-json\/wp\/v2\/media?parent=617640"}],"wp:term":[{"taxonomy":"category","embeddable":true,"href":"https:\/\/www.europesays.com\/it\/wp-json\/wp\/v2\/categories?post=617640"},{"taxonomy":"post_tag","embeddable":true,"href":"https:\/\/www.europesays.com\/it\/wp-json\/wp\/v2\/tags?post=617640"}],"curies":[{"name":"wp","href":"https:\/\/api.w.org\/{rel}","templated":true}]}}