{"id":617668,"date":"2026-08-04T18:47:19","date_gmt":"2026-08-04T18:47:19","guid":{"rendered":"https:\/\/www.europesays.com\/it\/617668\/"},"modified":"2026-08-04T18:47:19","modified_gmt":"2026-08-04T18:47:19","slug":"accise-il-consiglio-dei-ministri-approva-un-nuovo-taglio-solo-sul-gasolio-fino-al-25-agosto","status":"publish","type":"post","link":"https:\/\/www.europesays.com\/it\/617668\/","title":{"rendered":"Accise, il Consiglio dei ministri approva un nuovo taglio solo sul gasolio fino al 25 agosto"},"content":{"rendered":"<p>    di<br \/>\n    Redazione Economia<\/p>\n<p class=\"summary-art is-line-h-12 is-mr-t-20\">Via libera anche a tre decreti di attuazione della riforma fiscale e un decreto per la riorganizzazione della Corte dei Conti, che secondo i giudici \u00abmina l\u2019indipendenza e l\u2019autonomia della magistratura contabile\u00bb<\/p>\n<p class=\"chapter-paragraph\">Il <b>Consiglio dei ministri<\/b> ha approvato un nuovo <b>taglio delle accise<\/b> solo sul <b>gasolio<\/b>, da 17 centesimi, fino al 25 agosto.\u00a0<\/p>\n<p class=\"chapter-paragraph\">Sul provvedimento si sarebbero confrontati prima del Consiglio dei ministri la premier <b>Giorgia Meloni<\/b>, i vice <b>Matteo Salvini<\/b> e <b>Antonio Tajani<\/b> e il ministro dell\u2019Economia, <b>Giancarlo Giorgetti<\/b>.\u00a0    &#13;<br \/>\n&#13;<br \/>\n&#13;<br \/>\n&#13;<br \/>\n&#13;<br \/>\n&#13;<br \/>\n&#13;<br \/>\n&#13;<br \/>\n&#13;<br \/>\n&#13;<br \/>\n&#13;<br \/>\n&#13;<br \/>\n&#13;<br \/>\n&#13;<br \/>\n&#13;<br \/>\n&#13;<br \/>\n&#13;<br \/>\n&#13;<br \/>\n&#13;<br \/>\n&#13;<br \/>\n&#13;<br \/>\n&#13;<br \/>\n&#13;<br \/>\n&#13;<br \/>\n&#13;<br \/>\n&#13;<br \/>\n&#13;<br \/>\n&#13;<br \/>\n&#13;<br \/>\n&#13;<br \/>\n&#13;<br \/>\n&#13;<br \/>\n&#13;<br \/>\n&#13;<br \/>\n&#13;<br \/>\n&#13;<br \/>\n&#13;<br \/>\n&#13;<br \/>\n&#13;<br \/>\n&#13;<br \/>\n&#13;<br \/>\n&#13;<br \/>\n&#13;<br \/>\n&#13;<br \/>\n&#13;<br \/>\n&#13;<br \/>\n&#13;<br \/>\n&#13;<br \/>\n&#13;<br \/>\n&#13;<br \/>\n&#13;<br \/>\n&#13;<br \/>\n&#13;\n<\/p>\n<p>    Salvini:\u00a0\u00abLe risorse dalle grandi banche\u00bb<\/p>\n<p class=\"chapter-paragraph\">Il vicepremier Salvini in un video postato su X, prima dell\u2019inizio del Consiglio dei ministri, aveva detto: \u00abTagliare le accise su benzina e gasolio \u00e8 fondamentale. Le risorse non vanno chieste ai <b>fumatori<\/b> o ai ragazzi che quest\u2019estate si bevono un cocktail, ma alle <b>grandi banche italiane <\/b>che stanno realizzando decine di miliardi di euro di utili. Con un piccolo contributo da parte loro possiamo abbassare le accise non per 15 giorni, ma per un anno, aiutando chi usa ogni giorno l\u2019auto, il furgone o il camion per lavorare e anche le famiglie che partono per le vacanze\u00bb.<\/p>\n<p>    Il decreto sulla Pubblica amministrazione<\/p>\n<p class=\"chapter-paragraph\">\u00a0Via libera anche al decreto legge sulla Pubblica amministrazione. Con il provvedimento arriva il commissario straordinario per la gestione e lo smaltimento dei materiali del periodo Covid, come le mascherine, ancora presenti in depositi e magazzini. Il commissario, il cui incarico scadr\u00e0 il 31 marzo 2027, \u00e8 nominato con decreto del presidente del Consiglio su proposta del ministro della salute. Dovr\u00e0 essere una figura con esperienza nella logistica, appalti e normativa ambientale. Potr\u00e0 muoversi in deroga al Codice dei contratti pubblici e per lo smaltimento sono previste deroghe parziali al Testo unico ambientale. Il compenso massimo per l&#8217;incarico \u00e8 fissato a 15 mila euro. Gli oneri complessivi (44 milioni nel 2026 e 40 nel 2027) saranno coperti con tagli ad altre voci di spesa.<\/p>\n<p>    Riforma fiscale<\/p>\n<p class=\"chapter-paragraph\">Il Consiglio dei ministri ha approvato anche tre decreti legislativi di attuazione della riforma fiscale. Lo ha annunciato il viceministro all&#8217;Economia Maurizio Leo in una dichiarazione uscendo da Palazzo Chigi. \u00abIl primo riguarda una serie di misure che attengono sia le imprese sia la fiscalit\u00e0 internazionale. Per esempio per le imprese abbiamo introdotto dei meccanismi agevolativi per chi aderir\u00e0 al nuovo concordato, avr\u00e0 una serie di semplificazioni &#8211; ha spiegato il viceministro -. Il secondo provvedimento riguarda i tributi locali, anche qui abbiamo un nuovo rapporto tra fisco e contribuente, arriveranno lettere di compliance, si parler\u00e0 in via anticipata senza arrivare ad accertamenti e contenziosi. Il terzo provvedimento riguarda i magistrati tributari, visto che adesso la giustizia tributaria non \u00e8 pi\u00f9 costituita solo da giudici che non fanno il tempo pieno, i magistrati tributari ora fanno il tempo pieno e quindi da questo punto di vista si \u00e8 dovuto disciplinare quello che \u00e8 lo Stato giuridico e gli aspetti ordinamentali\u00bb.\u00a0<\/p>\n<p>    La Corte dei Conti<\/p>\n<p class=\"chapter-paragraph\">\u00a0Il Consiglio dei ministri ha dato anche il via libera preliminare al decreto legislativo per la riorganizzazione della Corte dei Conti.\u00a0 Secondo i giudici la riforma \u00abmina l\u2019indipendenza e l&#8217;autonomia della magistratura contabile\u00bb.\u00a0 Uno dei cambiamenti pi\u00f9 significativi riguarda la distinzione tra chi svolge funzioni di pubblico ministero contabile (funzioni requirenti) e chi svolge funzioni giudicanti.\u00a0<\/p>\n<p>    Le regole sull\u2019AI<\/p>\n<p class=\"chapter-paragraph\">E ha deliberato in via definitiva il decreto legislativo relativo all&#8217;adeguamento della normativa nazionale alle disposizioni europee che stabiliscono regole armonizzate sull&#8217;Intelligenza artificiale, in materia di poteri delle Autorit\u00e0 nazionali per l&#8217;IA e di utilizzo dell&#8217;IA nei percorsi formativi, nelle professioni, nel lavoro, nella sanit\u00e0 e nella pubblica amministrazione. Per quanto riguarda le misure d&#8217;interesse del ministero dell&#8217;Istruzione e del Merito, si legge in un comunicato del ministero, l&#8217;Intelligenza Artificiale entra stabilmente nei percorsi educativi, come contenuto da conoscere e come strumento per innovare la didattica. E 100 milioni vengono stanziati per la formazione dei docenti.<\/p>\n<p class=\"chapter-paragraph\">Articolo in aggiornamento&#8230;<\/p>\n<p><a class=\"chiedi-esperto-box\" href=\"https:\/\/www.corriere.it\/economia\/chiedi-esperto\/fai-una-domanda\/\" rel=\"nofollow noopener\" target=\"_blank\"><img decoding=\"async\" src=\"https:\/\/www.europesays.com\/it\/wp-content\/uploads\/2026\/02\/box_esperto_dsk.png\" alt=\"Chiedi agli esperti\"\/><\/a><\/p>\n<p class=\"is-last-update\" datetime=\"2026-08-04T20:07:10+02:00\">4 agosto 2026 ( modifica il 4 agosto 2026 | 20:07)<\/p>\n<p class=\"is-copyright\">\n            \u00a9 RIPRODUZIONE RISERVATA\n        <\/p>\n","protected":false},"excerpt":{"rendered":"di Redazione Economia Via libera anche a tre decreti di attuazione della riforma fiscale e un decreto per&hellip;\n","protected":false},"author":3,"featured_media":617669,"comment_status":"","ping_status":"","sticky":false,"template":"","format":"standard","meta":{"footnotes":"","_share_on_mastodon":"0"},"categories":[79],"tags":[28651,2699,4912,31,2477,666,8661,340276,340277,2546,340278,340279,3721,3758,130698,1411,340280,2336,26543,340281,14,93,94,24748,2582,148045,184,724,6768,484,40029,2431,1537,90,89,2504,851,2908,7,15,2452,4265,21930,2417,202322,7301,116,11,84,91,12,85,92],"class_list":["post-617668","post","type-post","status-publish","format-standard","has-post-thumbnail","category-italia","tag-accise","tag-agosto","tag-ambientale","tag-amministrazione","tag-approvato","tag-artificiale","tag-attuazione","tag-attuazione-riforma","tag-attuazione-riforma-fiscale","tag-autonomia","tag-autonomia-magistratura","tag-autonomia-magistratura-contabile","tag-banche","tag-commissario","tag-contabile","tag-conti","tag-conti-giudici","tag-corte","tag-corte-conti","tag-corte-conti-giudici","tag-cronaca","tag-cronaca-italiana","tag-cronacaitaliana","tag-decreti","tag-decreto","tag-decreto-legislativo","tag-economia","tag-euro","tag-fiscale","tag-funzioni","tag-gasolio","tag-giudici","tag-it","tag-italia","tag-italy","tag-libera","tag-ministero","tag-ministri","tag-news","tag-notizie","tag-provvedimento","tag-pubblica","tag-pubblica-amministrazione","tag-riforma","tag-riforma-fiscale","tag-riguarda","tag-salvini","tag-ultime-notizie","tag-ultime-notizie-e-news-di-oggi","tag-ultime-notizie-italia","tag-ultimenotizie","tag-ultimenotizieenewsdioggi","tag-ultimenotizieitalia"],"share_on_mastodon":{"url":"","error":"Validation failed: Text character limit of 500 exceeded"},"_links":{"self":[{"href":"https:\/\/www.europesays.com\/it\/wp-json\/wp\/v2\/posts\/617668","targetHints":{"allow":["GET"]}}],"collection":[{"href":"https:\/\/www.europesays.com\/it\/wp-json\/wp\/v2\/posts"}],"about":[{"href":"https:\/\/www.europesays.com\/it\/wp-json\/wp\/v2\/types\/post"}],"author":[{"embeddable":true,"href":"https:\/\/www.europesays.com\/it\/wp-json\/wp\/v2\/users\/3"}],"replies":[{"embeddable":true,"href":"https:\/\/www.europesays.com\/it\/wp-json\/wp\/v2\/comments?post=617668"}],"version-history":[{"count":0,"href":"https:\/\/www.europesays.com\/it\/wp-json\/wp\/v2\/posts\/617668\/revisions"}],"wp:featuredmedia":[{"embeddable":true,"href":"https:\/\/www.europesays.com\/it\/wp-json\/wp\/v2\/media\/617669"}],"wp:attachment":[{"href":"https:\/\/www.europesays.com\/it\/wp-json\/wp\/v2\/media?parent=617668"}],"wp:term":[{"taxonomy":"category","embeddable":true,"href":"https:\/\/www.europesays.com\/it\/wp-json\/wp\/v2\/categories?post=617668"},{"taxonomy":"post_tag","embeddable":true,"href":"https:\/\/www.europesays.com\/it\/wp-json\/wp\/v2\/tags?post=617668"}],"curies":[{"name":"wp","href":"https:\/\/api.w.org\/{rel}","templated":true}]}}