{"id":617734,"date":"2026-08-04T19:49:12","date_gmt":"2026-08-04T19:49:12","guid":{"rendered":"https:\/\/www.europesays.com\/it\/617734\/"},"modified":"2026-08-04T19:49:12","modified_gmt":"2026-08-04T19:49:12","slug":"ufficiale-thomas-ramos-lascia-lo-stade-toulousain","status":"publish","type":"post","link":"https:\/\/www.europesays.com\/it\/617734\/","title":{"rendered":"Ufficiale: Thomas Ramos lascia lo Stade Toulousain"},"content":{"rendered":"<p>Lo Stade Toulousain e Thomas Ramos hanno ufficializzato una decisione che segna la fine di un lungo capitolo della carriera dell\u2019internazionale francese: al termine della stagione 2026\/27, il numero 10 lascer\u00e0 il club rossonero per unirsi al Racing 92.<\/p>\n<p>La separazione arriver\u00e0 dopo numerose stagioni vissute con la maglia di Tolosa, squadra nella quale Ramos \u00e8 cresciuto e con cui ha conquistato importanti successi a livello nazionale ed europeo. Il giocatore, per\u00f2, rester\u00e0 pienamente concentrato sugli obiettivi della prossima stagione, che sar\u00e0 l\u2019ultima da protagonista allo Stade Ernest-Wallon.<\/p>\n<p>Thomas Ramos: \u201cTolosa \u00e8 il mio club, ma ho scelto una nuova sfida\u201d<\/p>\n<p>Lo stesso Ramos ha spiegato le ragioni della scelta, sottolineando il legame con il club ma anche la volont\u00e0 di affrontare una nuova esperienza professionale. \u201cQuesta decisione \u00e8 stata particolarmente difficile da prendere. Lo Stade Toulousain \u00e8 il mio club, quello che mi ha visto crescere, maturare e vivere momenti che non dimenticher\u00f2 mai\u201d, ha dichiarato il giocatore.<\/p>\n<p><strong>Leggi anche:<\/strong> <a href=\"https:\/\/www.onrugby.it\/2026\/08\/01\/top-14-ufficiale-lintroduzione-di-un-sistema-di-arbitraggio-video-indipendente\/\" target=\"_blank\" rel=\"noopener nofollow\">Top 14: ufficiale l\u2019introduzione di un sistema di arbitraggio video indipendente<\/a><\/p>\n<p>\u201cHo scelto di affrontare una nuova sfida sportiva, con il desiderio di scoprire un nuovo ambiente e continuare il mio percorso di crescita. Anche se le nostre strade si separeranno al termine di questa stagione, il rispetto, la riconoscenza e l\u2019attaccamento che provo nei confronti dello Stade Toulousain resteranno intatti\u201d.<\/p>\n<p>Ramos ha poi ribadito la volont\u00e0 di chiudere nel migliore dei modi la sua esperienza con Tolosa: \u201cOggi tutte le mie energie sono rivolte a questa ultima stagione con questa maglia. Dar\u00f2 tutto per aiutare il club a raggiungere i suoi obiettivi\u201d.<\/p>\n<p>Didier Lacroix: \u201cThomas Ramos \u00e8 uno dei volti dello Stade Toulousain\u201d<\/p>\n<p>Anche il presidente del club, Didier Lacroix, ha commentato la decisione, evidenziando il peso avuto da Ramos nella storia recente dello Stade Toulousain. \u201cThomas Ramos \u00e8 uno dei volti dello Stade Toulousain. Al di l\u00e0 del suo immenso talento, \u00e8 un giocatore dalla mentalit\u00e0 straordinaria e un atleta la cui esigenza personale spinge tutto il collettivo a migliorare\u201d, ha dichiarato.<\/p>\n<p>Il presidente ha poi sottolineato come una partenza di questo livello faccia parte della vita di qualsiasi societ\u00e0 sportiva: \u00abVedere partire un giocatore di questa dimensione non \u00e8 mai una cosa banale, ma fa parte della vita di un club e dello sport di alto livello\u00bb.<\/p>\n<p>Prima dell\u2019addio definitivo, per\u00f2, l\u2019obiettivo comune resta uno solo: \u201cDa qui alla sua partenza conta una sola cosa: riuscire insieme questa stagione 2026\/27. Sappiamo di poter contare sull\u2019impegno totale di Thomas per continuare a scrivere la storia dello Stade Toulousain\u201d.<\/p>\n<p>Un nuovo capitolo al Racing 92 dal 2027<\/p>\n<p>Al termine della prossima stagione Ramos inizier\u00e0 quindi una nuova fase della propria carriera con il Racing 92, lasciando Tolosa dopo un lungo periodo in cui \u00e8 diventato uno dei giocatori simbolo del club e del rugby francese.<\/p>\n<p>Prima del trasferimento a Parigi, per\u00f2, il numero 10 avr\u00e0 ancora un anno per inseguire nuovi trofei con lo Stade Toulousain, con l\u2019obiettivo di chiudere il proprio percorso in rossonero lasciando un ultimo segno nella storia della societ\u00e0.<\/p>\n<p>OnRugby.it \u00a9 Riproduzione riservata<\/p>\n","protected":false},"excerpt":{"rendered":"Lo Stade Toulousain e Thomas Ramos hanno ufficializzato una decisione che segna la fine di un lungo capitolo&hellip;\n","protected":false},"author":3,"featured_media":217064,"comment_status":"","ping_status":"","sticky":false,"template":"","format":"standard","meta":{"footnotes":"","_share_on_mastodon":"0"},"categories":[1458],"tags":[1537,90,89,340301,24823,1840,245,244,340302,12155],"class_list":["post-617734","post","type-post","status-publish","format-standard","has-post-thumbnail","category-rugby","tag-it","tag-italia","tag-italy","tag-racing-92","tag-ramos","tag-rugby","tag-sport","tag-sports","tag-stade-toulosain","tag-tolosa"],"share_on_mastodon":{"url":"https:\/\/pubeurope.com\/@it\/117038977364435926","error":""},"_links":{"self":[{"href":"https:\/\/www.europesays.com\/it\/wp-json\/wp\/v2\/posts\/617734","targetHints":{"allow":["GET"]}}],"collection":[{"href":"https:\/\/www.europesays.com\/it\/wp-json\/wp\/v2\/posts"}],"about":[{"href":"https:\/\/www.europesays.com\/it\/wp-json\/wp\/v2\/types\/post"}],"author":[{"embeddable":true,"href":"https:\/\/www.europesays.com\/it\/wp-json\/wp\/v2\/users\/3"}],"replies":[{"embeddable":true,"href":"https:\/\/www.europesays.com\/it\/wp-json\/wp\/v2\/comments?post=617734"}],"version-history":[{"count":0,"href":"https:\/\/www.europesays.com\/it\/wp-json\/wp\/v2\/posts\/617734\/revisions"}],"wp:featuredmedia":[{"embeddable":true,"href":"https:\/\/www.europesays.com\/it\/wp-json\/wp\/v2\/media\/217064"}],"wp:attachment":[{"href":"https:\/\/www.europesays.com\/it\/wp-json\/wp\/v2\/media?parent=617734"}],"wp:term":[{"taxonomy":"category","embeddable":true,"href":"https:\/\/www.europesays.com\/it\/wp-json\/wp\/v2\/categories?post=617734"},{"taxonomy":"post_tag","embeddable":true,"href":"https:\/\/www.europesays.com\/it\/wp-json\/wp\/v2\/tags?post=617734"}],"curies":[{"name":"wp","href":"https:\/\/api.w.org\/{rel}","templated":true}]}}