{"id":617809,"date":"2026-08-04T20:51:21","date_gmt":"2026-08-04T20:51:21","guid":{"rendered":"https:\/\/www.europesays.com\/it\/617809\/"},"modified":"2026-08-04T20:51:21","modified_gmt":"2026-08-04T20:51:21","slug":"acquistato-capolavoro-di-corot-per-museo-di-capodimonte","status":"publish","type":"post","link":"https:\/\/www.europesays.com\/it\/617809\/","title":{"rendered":"Acquistato capolavoro di Corot per Museo di Capodimonte"},"content":{"rendered":"<p>        di Redazione , pubblicato il 04\/08\/2026        <br \/>Categorie:<\/p>\n<p>        <a href=\"https:\/\/www.finestresullarte.info\/flash-news\/7c-musei.php\" rel=\"nofollow noopener\" target=\"_blank\"><br \/>\n            Musei        <\/a><\/p>\n<p>         \/ Argomenti: <a href=\"https:\/\/www.finestresullarte.info\/tag\/napoli.php\" rel=\"nofollow noopener\" target=\"_blank\">Napoli<\/a> &#8211; <a href=\"https:\/\/www.finestresullarte.info\/tag\/ottocento.php\" rel=\"nofollow noopener\" target=\"_blank\">Ottocento<\/a> &#8211; <a href=\"https:\/\/www.finestresullarte.info\/tag\/museo-e-real-bosco-di-capodimonte.php\" rel=\"nofollow noopener\" target=\"_blank\">Museo e Real Bosco di Capodimonte<\/a> <\/p>\n<p>Un capolavoro di Corot entra a far parte delle collezioni del Museo di Capodimonte di Napoli: \u00e8 stato acquistato dallo Stato attraverso la procedura di acquisto in esportazione per un importo di 600.000 euro.<\/p>\n<p>Un importante dipinto di<strong> Jean-Baptiste-Camille Corot<\/strong> entra a far parte delle collezioni del <strong>Museo e Real Bosco di Capodimonte di Napoli<\/strong>. Si tratta de La baia di Napoli con Castel dell\u2019Ovo, datato 1828, acquisito dallo Stato attraverso la procedura di<strong> acquisto in esportazione<\/strong> per un importo di<strong> 600mila euro<\/strong>. La proposta \u00e8 stata avanzata dall\u2019Ufficio Esportazione di Firenze e si \u00e8 conclusa con il decreto di acquisto firmato il 30 giugno 2026, assicurando cos\u00ec che l\u2019opera restasse nel patrimonio pubblico italiano.<\/p>\n<p>Il dipinto risale al <strong>primo soggiorno italiano<\/strong> di Jean-Baptiste-Camille Corot, compiuto tra il 1825 e il 1828, un periodo determinante per la formazione del pittore francese. Durante il viaggio, l\u2019artista svilupp\u00f2 quel linguaggio pittorico fondato sull\u2019<strong>osservazione diretta della natura<\/strong> che avrebbe caratterizzato tutta la sua produzione, affinando una sensibilit\u00e0 unica nella <strong>resa della luce<\/strong> e delle <strong>delicate variazioni atmosferiche<\/strong>. Fu proprio in Italia che Corot matur\u00f2 quella<strong> luce argentea<\/strong> destinata a diventare il tratto distintivo della sua pittura. Lavorando spesso all\u2019aperto e privilegiando le ore del primo mattino o del tardo pomeriggio, l\u2019artista rinnov\u00f2 la tradizione del paesaggio classico ispirata a Nicolas Poussin e Claude Lorrain attraverso un\u2019attenta osservazione del vero.<\/p>\n<p>Corot arriv\u00f2 a Napoli nella primavera del 1828, attratto anche dai racconti di Stendhal, che definiva la citt\u00e0 \u201cla pi\u00f9 bella del mondo\u201d. Durante le circa sette settimane trascorse nel capoluogo partenopeo realizz\u00f2<strong> numerosi studi dal vero<\/strong>, affascinato dalla luce del Golfo e dalla sua atmosfera unica.<\/p>\n<p>La baia di Napoli con Castel dell\u2019Ovo rappresenta una delle testimonianze pi\u00f9 significative di questa esperienza. L\u2019opera unisce una rigorosa osservazione del paesaggio a una raffinata costruzione poetica, trasformando uno scorcio reale in una visione senza tempo. Le barche appena visibili all\u2019orizzonte, le rocce che scandiscono la composizione e il profilo del Castel dell\u2019Ovo raccontano la quotidianit\u00e0 della citt\u00e0, mentre la resa della luce del primo mattino restituisce tutta la sensibilit\u00e0 atmosferica di Corot. Il cielo velato e la calma delle acque traducono sulla tela gli effetti dei venti mattutini e la quiete che precede il pieno risveglio della citt\u00e0.<\/p>\n<p><img loading=\"lazy\" decoding=\"async\" alt=\"Jean-Baptiste-Camille Corot, La baia di Napoli con Castel dell'Ovo (1828)\" src=\"https:\/\/www.europesays.com\/it\/wp-content\/uploads\/2026\/08\/corot-baia-di-napoli-con-castel-dell-ovo.jpg\" width=\"750\" height=\"469\" class=\"lazy\"\/>&#13;<br \/>\nJean-Baptiste-Camille Corot, La baia di Napoli con Castel dell\u2019Ovo (1828)&#13;<\/p>\n<p>Nel corso dell\u2019Ottocento <strong>Napoli<\/strong> divenne una delle mete pi\u00f9 amate dagli artisti europei, attratti dalla straordinaria luminosit\u00e0 del Golfo e dalla ricchezza del paesaggio. In questo contesto nacque la Scuola di Posillipo, fondata dal pittore olandese <strong>Anton Sminck van Pitloo<\/strong>, destinata a rivoluzionare il modo di rappresentare la natura. Il dialogo tra Corot e Pitloo riveste un\u2019importanza particolare nella storia dell\u2019arte europea. Il confronto tra i due artisti contribu\u00ec alla diffusione di una nuova concezione del paesaggio, fondata sul lavoro en plein air, sull\u2019osservazione diretta della realt\u00e0 e sull\u2019attenzione agli effetti mutevoli della luce. Corot speriment\u00f2 inoltre tecniche innovative, come la pittura a olio su carta intelata montata su tela o cartone, scegliendo supporti leggeri che gli consentivano di lavorare rapidamente all\u2019aperto e catturare con immediatezza le variazioni atmosferiche del paesaggio.<\/p>\n<p>L\u2019ingresso de La baia di Napoli con Castel dell\u2019Ovo nelle collezioni del Museo e Real Bosco di Capodimonte rappresenta un\u2019acquisizione di particolare rilievo sotto il profilo storico e artistico, poich\u00e9 da un lato restituisce al patrimonio pubblico italiano una straordinaria <strong>veduta di uno dei simboli di Napoli<\/strong>, dall\u2019altro documenta il <strong>profondo legame tra Corot e l\u2019Italia<\/strong>, paese decisivo nella formazione del pittore. L\u2019opera testimonia inoltre il dialogo culturale tra Francia e Italia nella prima met\u00e0 dell\u2019Ottocento e conferma il ruolo di Napoli come crocevia internazionale della pittura di paesaggio.<\/p>\n<p><a href=\"https:\/\/www.mostralesignoredellarte.it\/\" target=\"_blank\" data-etichetta=\"Banner 3 - Palazzo Cucchiari - Signore\" onclick=\"ga(&#039;send&#039;, &#039;event&#039;, &#039;Click&#039;, &#039;Banner 3 - Palazzo Cucchiari - Signore&#039;, 1);\" rel=\"nofollow noopener\"><br \/>\n\t\t\t<img decoding=\"async\" src=\"https:\/\/www.europesays.com\/it\/wp-content\/uploads\/2026\/08\/1785876681_825_banner finestre sull arte2.jpg\" alt=\"Le Signore dell'Arte - Palazzo Cucchiari, Carrara - dal 27 giugno al 25 ottobre 2026\" onmouseover=\"ga('send', 'event', 'Dwell', 'Banner 3 - Palazzo Cucchiari - Signore', 1);\" title=\"Le Signore dell'Arte - Palazzo Cucchiari, Carrara - dal 27 giugno al 25 ottobre 2026\" class=\"banner_fsa\" fetchpriority=\"high\" id=\"banner_3\" width=\"728\" height=\"90\" style=\"width:728px\"\/><br \/>\n\t\t\t<\/a><br \/>\n            <br \/>Se ti \u00e8 piaciuto questo articolo abbonati a Finestre sull&#8217;Arte.<br \/>\n\t\t\t\t\t\tal prezzo di 12,00 euro all&#8217;anno avrai accesso illimitato agli articoli pubblicati sul sito di Finestre sull&#8217;Arte e ci aiuterai a crescere e<br \/>\n\t\t\t\t\t\ta<br \/>\n\t\t\t\t\t\tmantenere la nostra informazione libera e indipendente.<br \/>\n\t\t\t\t\t\t<a href=\"https:\/\/shop.finestresullarte.info\/carrello\/?add-to-cart=8971\" rel=\"nofollow noopener\" target=\"_blank\">ABBONATI&#13;<br \/>\n\t\t\t\t\t\tA <br \/>FINESTRE SULL&#8217;ARTE<\/a><br \/>\n    <\/p>\n","protected":false},"excerpt":{"rendered":"di Redazione , pubblicato il 04\/08\/2026 Categorie: Musei \/ Argomenti: Napoli &#8211; Ottocento &#8211; Museo e Real Bosco&hellip;\n","protected":false},"author":3,"featured_media":617810,"comment_status":"","ping_status":"","sticky":false,"template":"","format":"standard","meta":{"footnotes":"","_share_on_mastodon":"0"},"categories":[1446],"tags":[1615,1613,1614,1611,1610,1612,203,204,1537,90,89,340354,248,27169],"class_list":["post-617809","post","type-post","status-publish","format-standard","has-post-thumbnail","category-arte-e-design","tag-arte","tag-arte-e-design","tag-arteedesign","tag-arts","tag-arts-and-design","tag-design","tag-entertainment","tag-intrattenimento","tag-it","tag-italia","tag-italy","tag-museo-e-real-bosco-di-capodimonte","tag-napoli","tag-ottocento"],"share_on_mastodon":{"url":"https:\/\/pubeurope.com\/@it\/117039221907576188","error":""},"_links":{"self":[{"href":"https:\/\/www.europesays.com\/it\/wp-json\/wp\/v2\/posts\/617809","targetHints":{"allow":["GET"]}}],"collection":[{"href":"https:\/\/www.europesays.com\/it\/wp-json\/wp\/v2\/posts"}],"about":[{"href":"https:\/\/www.europesays.com\/it\/wp-json\/wp\/v2\/types\/post"}],"author":[{"embeddable":true,"href":"https:\/\/www.europesays.com\/it\/wp-json\/wp\/v2\/users\/3"}],"replies":[{"embeddable":true,"href":"https:\/\/www.europesays.com\/it\/wp-json\/wp\/v2\/comments?post=617809"}],"version-history":[{"count":0,"href":"https:\/\/www.europesays.com\/it\/wp-json\/wp\/v2\/posts\/617809\/revisions"}],"wp:featuredmedia":[{"embeddable":true,"href":"https:\/\/www.europesays.com\/it\/wp-json\/wp\/v2\/media\/617810"}],"wp:attachment":[{"href":"https:\/\/www.europesays.com\/it\/wp-json\/wp\/v2\/media?parent=617809"}],"wp:term":[{"taxonomy":"category","embeddable":true,"href":"https:\/\/www.europesays.com\/it\/wp-json\/wp\/v2\/categories?post=617809"},{"taxonomy":"post_tag","embeddable":true,"href":"https:\/\/www.europesays.com\/it\/wp-json\/wp\/v2\/tags?post=617809"}],"curies":[{"name":"wp","href":"https:\/\/api.w.org\/{rel}","templated":true}]}}