{"id":618119,"date":"2026-08-05T01:42:24","date_gmt":"2026-08-05T01:42:24","guid":{"rendered":"https:\/\/www.europesays.com\/it\/618119\/"},"modified":"2026-08-05T01:42:24","modified_gmt":"2026-08-05T01:42:24","slug":"ciclomercato-paul-seixas-avrebbe-firmato-una-lettera-dintenti-con-la-uae-team-emirates","status":"publish","type":"post","link":"https:\/\/www.europesays.com\/it\/618119\/","title":{"rendered":"CicloMercato, Paul Seixas avrebbe firmato una lettera d&#8217;intenti con la UAE Team Emirates"},"content":{"rendered":"<p>\t\t\t\t\t<a href=\"https:\/\/cyclingpro.net\/spaziociclismo\/altro\/scopri-lapp-ufficiale-di-spaziociclismo\/\" title=\"\" rel=\"nofollow noopener\" target=\"_blank\"><br \/>\n\t\t\t\t\t\t<img loading=\"lazy\" decoding=\"async\" src=\"https:\/\/www.europesays.com\/it\/wp-content\/uploads\/2025\/09\/1758060682_662_Banner-App-SpazioCiclismo.png\" alt=\"\" width=\"728\" height=\"91\"\/><br \/>\n\t\t\t\t\t<\/a><\/p>\n<p><strong>Paul Seixas<\/strong> avrebbe raggiunto da tempo un accordo preliminare con la <strong>UAE Team Emirates XRG<\/strong>. Niente di definitivo, ma tra le parti sarebbe stata raggiunta gi\u00e0 un anno fa una lettera di intenti, con l\u2019obiettivo di tracciare la strada verso la firma di un accordo definitivo a scadenza del contratto attuale del prodigio francese con la <strong>Decathlon CMA CGM<\/strong>. Secondo quanto riporta WielerFlits, sarebbe questo uno dei problemi principali che tutte le altre squadre, compresa la sua attuale stanno avendo per negoziare con il quasi ventenne transalpino, fresco di una quarto posto al Tour de France che ne ha confermato tutto il potenziale, <a href=\"https:\/\/cyclingpro.net\/spaziociclismo\/ciclomercato\/uae-emirates-xrg-il-rinnovo-di-contratto-di-isaac-del-toro-e-in-stand-by-il-messicano-vorrebbe-garanzie-sul-ruolo-nel-caso-di-arrivo-di-paul-seixas\/\" rel=\"nofollow noopener\" target=\"_blank\">portando peraltro anche <strong>Isaac Del Toro<\/strong> a chiedere chiarimenti<\/a> alla dirigenza del team emiratino prima di pensare a un rinnovo.<\/p>\n<p> <a href=\"https:\/\/cyclingpro.net\/spaziociclismo\/abbonati\/\" rel=\"nofollow noopener\" target=\"_blank\"><img decoding=\"async\" src=\"https:\/\/www.europesays.com\/it\/wp-content\/uploads\/2026\/07\/Banner-AdFree-SpazioCiclismo.png\"\/><\/a><\/p>\n<p>Al momento la squadra di <strong>Mauro Gianetti<\/strong> starebbe \u201cprovando a forzare un accordo\u201d forte di questa lettere firmata gi\u00e0 ella passata stagione, tuttavia Paul Seixas \u201c<strong>preferirebbe correre contro piuttosto che assieme a Tadej Pogacar nei prossimi anni<\/strong>\u201c, ma quella firma sarebbe diventata un problema perch\u00e9 \u201c<strong>comprare la rottura di quell\u2019accordo potrebbe costare una considerevole somma di denaro<\/strong>\u201c, sempre secondo quanto riporta il portale neerlandese.<\/p>\n<p>Non mancano ovviamente i pretendenti, n\u00e9 \u00e8 attualmente chiaro in cosa consista effettivamente quell\u2019accordo precedente (spesso la lettera di intenti non \u00e8 necessariamente vincolante, per sua definizione, ma molto dipende dai passaggi che sono stati definiti in essa), ma le cifre altissime di cui si parla per lui nei prossimi anni potrebbero anche essere legate anche a questo. <strong>Netcompany \u2013 Ineos<\/strong>, <strong>Pinarello \u2013 Q36.5<\/strong> e <strong>Visma|Lease a Bike<\/strong> sono le tre squadre che al momento sembrano pi\u00f9 interessate, oltre ovviamente alla sua attuale squadre, con la quale tuttavia \u00e8 stato gi\u00e0 indicato non inizier\u00e0 nuovi negoziati fino al mese prossimo.<\/p>\n<p>Intanto, la squadra francese si sta provando a rafforzare notevolmente per sostenerlo nelle sue ambizioni, per convincerlo coi fatti a restare, anche considerando che gi\u00e0 lo scorso anno avevano annunciato l\u2019obiettivo di vincere il Tour de France con lui entro il 2030. Recentemente il team si \u00e8 detto fiducioso che Seixas raggiunger\u00e0 con loro il successo e l\u2019impressione \u00e8 che economicamente abbiano le risorse per convincerlo, ma per il momento, di certezze continuano a non esserci\u2026<\/p>\n","protected":false},"excerpt":{"rendered":"Paul Seixas avrebbe raggiunto da tempo un accordo preliminare con la UAE Team Emirates XRG. Niente di definitivo,&hellip;\n","protected":false},"author":3,"featured_media":571135,"comment_status":"","ping_status":"","sticky":false,"template":"","format":"standard","meta":{"footnotes":"","_share_on_mastodon":"0"},"categories":[1456],"tags":[1824,18904,1825,1537,90,89,29034,245,244,145510],"class_list":["post-618119","post","type-post","status-publish","format-standard","has-post-thumbnail","category-ciclismo","tag-ciclismo","tag-ciclomercato","tag-cycling","tag-it","tag-italia","tag-italy","tag-paul-seixas","tag-sport","tag-sports","tag-uae-team-emirates-xrg-2026"],"share_on_mastodon":{"url":"https:\/\/pubeurope.com\/@it\/117040366215381893","error":""},"_links":{"self":[{"href":"https:\/\/www.europesays.com\/it\/wp-json\/wp\/v2\/posts\/618119","targetHints":{"allow":["GET"]}}],"collection":[{"href":"https:\/\/www.europesays.com\/it\/wp-json\/wp\/v2\/posts"}],"about":[{"href":"https:\/\/www.europesays.com\/it\/wp-json\/wp\/v2\/types\/post"}],"author":[{"embeddable":true,"href":"https:\/\/www.europesays.com\/it\/wp-json\/wp\/v2\/users\/3"}],"replies":[{"embeddable":true,"href":"https:\/\/www.europesays.com\/it\/wp-json\/wp\/v2\/comments?post=618119"}],"version-history":[{"count":0,"href":"https:\/\/www.europesays.com\/it\/wp-json\/wp\/v2\/posts\/618119\/revisions"}],"wp:featuredmedia":[{"embeddable":true,"href":"https:\/\/www.europesays.com\/it\/wp-json\/wp\/v2\/media\/571135"}],"wp:attachment":[{"href":"https:\/\/www.europesays.com\/it\/wp-json\/wp\/v2\/media?parent=618119"}],"wp:term":[{"taxonomy":"category","embeddable":true,"href":"https:\/\/www.europesays.com\/it\/wp-json\/wp\/v2\/categories?post=618119"},{"taxonomy":"post_tag","embeddable":true,"href":"https:\/\/www.europesays.com\/it\/wp-json\/wp\/v2\/tags?post=618119"}],"curies":[{"name":"wp","href":"https:\/\/api.w.org\/{rel}","templated":true}]}}