{"id":618183,"date":"2026-08-05T02:51:18","date_gmt":"2026-08-05T02:51:18","guid":{"rendered":"https:\/\/www.europesays.com\/it\/618183\/"},"modified":"2026-08-05T02:51:18","modified_gmt":"2026-08-05T02:51:18","slug":"esselunga-assume-diplomati-in-sede-stipendio-sopra-i-25-000-euro","status":"publish","type":"post","link":"https:\/\/www.europesays.com\/it\/618183\/","title":{"rendered":"Esselunga assume diplomati in sede: stipendio sopra i 25.000 euro"},"content":{"rendered":"<p>Il <strong>Gruppo Esselunga<\/strong>, storicamente il primo supermercato ad aprire in Italia e leader nella Grande Distribuzione, ha aperto un piano di selezioni per l\u2019assunzione di addetti e addette alla reception nella sede Limito di Pioltello, in provincia di <strong>Milano<\/strong>.<\/p>\n<p>La campagna di reclutamento \u00e8 stata avviata per rafforzare i servizi di accoglienza e sicurezza nel quartier generale dell\u2019azienda.\n<\/p>\n<p>Quali sono i requisiti di accesso<\/p>\n<p>Esselunga cerca profili diplomati con <strong>spiccate attitudini alle relazioni con il pubblico<\/strong>. Per questo l\u2019azienda ha strutturato i criteri di selezione richiedendo precise caratteristiche tecniche e personali:<\/p>\n<ul>\n<li>possesso del diploma di scuola secondaria di secondo grado;<\/li>\n<li>pregressa esperienza in ruoli analoghi presso reception aziendali di grandi dimensioni o strutture turistico-ricettive;<\/li>\n<li>ottima padronanza della lingua italiana, buona conoscenza dell\u2019inglese e uso dei principali applicativi Office;<\/li>\n<li>possesso della patente B ed essere automuniti.<\/li>\n<\/ul>\n<p>La selezione avviene tramite la <strong>valutazione dei Cv<\/strong> da parte dei recruiter aziendali. Seguiranno colloqui conoscitivi volti a verificare l\u2019affidabilit\u00e0, la precisione e la capacit\u00e0 di lavoro in team dei candidati.<\/p>\n<p>Quali sono le mansioni richieste<\/p>\n<p>La risorsa inserita ricoprir\u00e0 un ruolo chiave nel presidio di <strong>Limito di Pioltello<\/strong>, vicino Milano, ponendosi come primo punto di riferimento per il pubblico esterno e il personale interno.<\/p>\n<p>Attualmente la mansione prevede lo svolgimento delle seguenti attivit\u00e0 operative:<\/p>\n<ul>\n<li>presidio del desk d\u2019ingresso e accoglienza di visitatori e fornitori;<\/li>\n<li>gestione della reportistica e della registrazione degli accessi;<\/li>\n<li>supervisione del sistema di videosorveglianza e monitoraggio degli allarmi.<\/li>\n<\/ul>\n<p>Il ruolo richiede il rigoroso <strong>rispetto degli standard di sicurezza aziendali<\/strong>. L\u2019attivit\u00e0 lavorativa sar\u00e0 articolata su due turni nella fascia oraria compresa tra le 6.00 e le 23.00, dal luned\u00ec al venerd\u00ec, con il sabato mattina previsto a rotazione.<\/p>\n<p>Quanto si guadagna<\/p>\n<p>Sul fronte economico, l\u2019offerta offre condizioni chiare e strutturate per chi desidera entrare nel settore impiegatizio. L\u2019inquadramento prevede un contratto a tempo determinato di 12 mesi full time, regolato dal 4\u00b0 livello del CCNL Distribuzione Moderna Organizzata. La <strong>retribuzione annua lorda \u00e8 pari a 25.102,56 euro<\/strong>. Tra i benefit aziendali sono inclusi l\u2019accesso alla mensa della sede e la fruizione di una piattaforma dedicata a convenzioni e sconti per i dipendenti.<\/p>\n<p>Quali sono i vincoli da considerare<\/p>\n<p>Tuttavia, l\u2019azienda richiede precise garanzie sul piano della disponibilit\u00e0 operativa per garantire la continuit\u00e0 dei servizi di presidio della sede:<\/p>\n<ul>\n<li>disponibilit\u00e0 a lavorare su turni che coprano la fascia oraria che va dalle 6.00 di mattina fino alle 23.00 di sera;<\/li>\n<li>copertura del turno del sabato mattina a rotazione secondo le esigenze aziendali.<\/li>\n<\/ul>\n<p>Come presentare la domanda<\/p>\n<p>Gli interessati a entrare nella squadra Esselunga possono inviare la propria candidatura direttamente attraverso il <a href=\"https:\/\/www.esselungajob.it\/\" target=\"_blank\" rel=\"nofollow noopener\" data-doctype=\"\">portale ufficiale<\/a> delle carriere aziendali, selezionando l\u2019annuncio dedicato alla posizione di Addetto\/a alla Reception presso la sede di Pioltello.<\/p>\n<p>Altre opportunit\u00e0 di lavoro<\/p>\n<p>Le opportunit\u00e0 aperte nel gruppo non si fermano alla reception del quartier generale di Esselunga, ma riguardano anche la rete logistica e le vendite sul territorio. Per chi cerca <strong>ruoli operativi<\/strong> senza l\u2019obbligo di un titolo universitario, restano attive selezioni nel settore del commercio e dei trasporti, come quelle avviate da <a href=\"https:\/\/quifinanza.it\/lavoro\/trova-lavoro\/ferrovie-assume-operatori-senza-esperienza\/1009977\/\" rel=\"nofollow noopener\" target=\"_blank\">Ferrovie dello Stato<\/a> per personale di terra, da <a href=\"https:\/\/quifinanza.it\/lavoro\/trova-lavoro\/ferrero-assume-operai-senza-esperienza-no-limite-eta\/1010708\/\" rel=\"nofollow noopener\" target=\"_blank\">Ferrero<\/a> nel settore operaio-alimentare e i bandi per accedere al <a href=\"https:\/\/quifinanza.it\/lavoro\/bandi-e-concorsi\/servizio-civile-universale-licenza-media\/1009460\/\" rel=\"nofollow noopener\" target=\"_blank\">Servizio Civile Universale<\/a>.<\/p>\n","protected":false},"excerpt":{"rendered":"Il Gruppo Esselunga, storicamente il primo supermercato ad aprire in Italia e leader nella Grande Distribuzione, ha aperto&hellip;\n","protected":false},"author":3,"featured_media":618184,"comment_status":"","ping_status":"","sticky":false,"template":"","format":"standard","meta":{"footnotes":"","_share_on_mastodon":"0"},"categories":[172],"tags":[178,177,40361,1537,90,89,5762,9235],"class_list":["post-618183","post","type-post","status-publish","format-standard","has-post-thumbnail","category-affari","tag-affari","tag-business","tag-esselunga","tag-it","tag-italia","tag-italy","tag-lombardia","tag-trova-lavoro"],"share_on_mastodon":{"url":"https:\/\/pubeurope.com\/@it\/117040636633762860","error":""},"_links":{"self":[{"href":"https:\/\/www.europesays.com\/it\/wp-json\/wp\/v2\/posts\/618183","targetHints":{"allow":["GET"]}}],"collection":[{"href":"https:\/\/www.europesays.com\/it\/wp-json\/wp\/v2\/posts"}],"about":[{"href":"https:\/\/www.europesays.com\/it\/wp-json\/wp\/v2\/types\/post"}],"author":[{"embeddable":true,"href":"https:\/\/www.europesays.com\/it\/wp-json\/wp\/v2\/users\/3"}],"replies":[{"embeddable":true,"href":"https:\/\/www.europesays.com\/it\/wp-json\/wp\/v2\/comments?post=618183"}],"version-history":[{"count":0,"href":"https:\/\/www.europesays.com\/it\/wp-json\/wp\/v2\/posts\/618183\/revisions"}],"wp:featuredmedia":[{"embeddable":true,"href":"https:\/\/www.europesays.com\/it\/wp-json\/wp\/v2\/media\/618184"}],"wp:attachment":[{"href":"https:\/\/www.europesays.com\/it\/wp-json\/wp\/v2\/media?parent=618183"}],"wp:term":[{"taxonomy":"category","embeddable":true,"href":"https:\/\/www.europesays.com\/it\/wp-json\/wp\/v2\/categories?post=618183"},{"taxonomy":"post_tag","embeddable":true,"href":"https:\/\/www.europesays.com\/it\/wp-json\/wp\/v2\/tags?post=618183"}],"curies":[{"name":"wp","href":"https:\/\/api.w.org\/{rel}","templated":true}]}}