{"id":618237,"date":"2026-08-05T03:48:27","date_gmt":"2026-08-05T03:48:27","guid":{"rendered":"https:\/\/www.europesays.com\/it\/618237\/"},"modified":"2026-08-05T03:48:27","modified_gmt":"2026-08-05T03:48:27","slug":"il-prezzo-dellelettricita-ai-massimi-da-tre-anni-cosi-ci-troviamo-a-pagare-il-doppio-del-resto-deuropa","status":"publish","type":"post","link":"https:\/\/www.europesays.com\/it\/618237\/","title":{"rendered":"Il prezzo dell&#8217;elettricit\u00e0 ai massimi da tre anni: cos\u00ec ci troviamo a pagare il doppio del resto d&#8217;Europa"},"content":{"rendered":"<p>Si conferma la stangata estiva sui consumi energetici degli italiani. Se da una parte Arera ha alzato del 9,7% le tariffe delle bollette del gas (facendo schizzare la bolletta media del gas a 1.478,4 euro annui che, sommati ai 632,6 euro che mediamente si spendono per la luce, porta il conto totale per un utente vulnerabile a 2.111 euro) le tariffe stanno salendo anche nel mercato libero e mercoled\u00ec 5 agosto 2026 l\u2019elettricit\u00e0 venduta sul mercato all\u2019ingrosso italiano coster\u00e0 in media 207,84 euro per megawattora. \u00c8 il nuovo record dell\u2019anno e il prezzo pi\u00f9 alto registrato dal 31 dicembre 2022, nel pieno della crisi energetica seguita all\u2019invasione russa dell\u2019Ucraina. E l&#8217;energia non sar\u00e0 cos\u00ec cara solo per qualche ora, ma il prezzo unico nazionale nelle ore pi\u00f9 critiche schizzer\u00e0 fino a 310 euro \u20ac\/MWh.<\/p>\n<p><a href=\"https:\/\/www.today.it\/dossier\/economia\/bollette-rinnovabili-prezzi-paradosso-incentivi-costo-2026.html\" target=\"_blank\" rel=\"nofollow noopener\">Perch\u00e9 l&#8217;elettricit\u00e0 costa 0, ma la paghiamo sempre di pi\u00f9: il paradosso del caro bollette (anche d&#8217;estate)<\/a><\/p>\n<p>Un rialzo che potr\u00e0 trasferirsi rapidamente sui contratti indicizzati, mentre avr\u00e0 effetti pi\u00f9 graduali sulle offerte con tariffe aggiornate periodicamente. Anche perch\u00e9 il caro energia \u00e8 una costante di questa estate dove anche gli impianti rinnovabili non riescono ad abbassare il prezzo dell&#8217;energia. E l\u2019Italia deve ricorre sempre pi\u00f9 spesso alle centrali a gas.<\/p>\n<p>Perch\u00e9 l\u2019elettricit\u00e0 \u00e8 diventata cos\u00ec cara<\/p>\n<p>Il record nasce dall\u2019incontro tra una domanda molto elevata e una produzione disponibile insufficiente nelle ore pi\u00f9 delicate. Il caldo aumenta l\u2019utilizzo dei condizionatori: luned\u00ec 3 agosto la domanda italiana ha raggiunto 1.070,8 GWh. Nella stessa giornata le rinnovabili hanno coperto il 35,7% del fabbisogno, ma quasi tutta la produzione verde \u00e8 arrivata dal fotovoltaico e dall\u2019idroelettrico (quest\u2019ultimo che pesa quasi 120 GWh, un decimo della domanda, \u00e8 in costante calo, -20% rispetto al 2025). L\u2019eolico &#8211; la cui produzione tende strutturalmente a essere pi\u00f9 bassa durante l\u2019estate &#8211; si \u00e8 fermato all\u20191,1% della domanda, appena 12,2 GWh. Un problema perch\u00e9 la sua quasi assenza in una giornata di consumi elevati pu\u00f2 essere decisiva, lasciando pi\u00f9 spazio alle centrali a gas che in quelle ore determinano il prezzo per tutta l\u2019elettricit\u00e0 scambiata.<\/p>\n<p><img loading=\"lazy\" decoding=\"async\" style=\"aspect-ratio:1200\/769;\" src=\"https:\/\/www.europesays.com\/it\/wp-content\/uploads\/2026\/08\/eolico-italia-giugno-2026.jpg\" alt=\"La produzione da fonte eolica\" width=\"1200\" height=\"769\" title=\"La produzione da fonte eolica\"\/><\/p>\n<p>E il fotovoltaico? I pannelli producono molto nelle ore centrali, ma l&#8217;efficienza in estate \u00e8 minata dalle alte temperature che degradano la capacit\u00e0 delle celle in silicio che trasformano la luce solare in energia. Inoltre, la produzione fotovoltaica diminuisce rapidamente nel tardo pomeriggio. \u00c8 proprio allora che i consumi restano elevati e il sistema deve ricorrere alle centrali programmabili, soprattutto quelle alimentate a gas.<\/p>\n<p>Il combustibile, intanto, \u00e8 tornato molto caro. Il gas europeo al Ttf \u00e8 quotato intorno a 58,74 euro per MWh, mentre l\u2019indice italiano raggiunge 62,19 euro. A questo costo si aggiungono le quote necessarie a compensare le emissioni di anidride carbonica, arrivate a 81,66 euro per tonnellata.<\/p>\n<p>Ma a fare il prezzo non \u00e8 soltanto il costo del gas; nel prezzo c\u2019\u00e8 anche un consistente premio di scarsit\u00e0, dovuto alla necessit\u00e0 di trovare impianti disponibili nelle ore critiche. In pratica se per produrre tutta l\u2019energia necessaria bastassero rinnovabili, importazioni e centrali efficienti, il prezzo potrebbe fermarsi a 140-150 euro. Se la domanda \u00e8 molto alta e quelle risorse non bastano, occorre accettare l\u2019offerta di un impianto che chiede 250 o 300 euro. Quel prezzo viene poi riconosciuto, salvo le specificit\u00e0 del mercato, a tutta l\u2019energia accettata nella stessa zona, anche ai produttori che hanno costi inferiori, ampliandone sensibilmente i margini.<\/p>\n<p>Nonostante i prezzi della materia prima, una moderna centrale a gas a ciclo combinato potrebbe ottenere un margine operativo di circa 68 \u20ac\/MWh, che corrispondono a circa 980mila euro di margine per gli operatori al lordo dei costi.<\/p>\n<tr>\n<td>Centrale<\/td>\n<td>Comune e provincia<\/td>\n<td>Proprietario\/gestore prevalente<\/td>\n<td>Potenza indicativa<\/td>\n<\/tr>\n<tr>\n<td>Tavazzano e Montanaso<\/td>\n<td>Tavazzano con Villavesco, Lodi<\/td>\n<td>EP Produzione \u2013 gruppo EPH<\/td>\n<td>1.970 MW<\/td>\n<\/tr>\n<tr>\n<td>Ostiglia<\/td>\n<td>Ostiglia, Mantova<\/td>\n<td>EP Produzione \u2013 gruppo EPH<\/td>\n<td>1.880\u20132.000 MW<\/td>\n<\/tr>\n<tr>\n<td>La Casella<\/td>\n<td>Castel San Giovanni, Piacenza<\/td>\n<td>Enel Produzione<\/td>\n<td>1.520 MW<\/td>\n<\/tr>\n<tr>\n<td>Chivasso<\/td>\n<td>Chivasso, Torino<\/td>\n<td>A2A<\/td>\n<td>1.180 MW<\/td>\n<\/tr>\n<tr>\n<td>Torrevaldaliga Sud<\/td>\n<td>Civitavecchia, Roma<\/td>\n<td>Tirreno Power<\/td>\n<td>1.140 MW<\/td>\n<\/tr>\n<tr>\n<td>Sermide<\/td>\n<td>Sermide e Felonica, Mantova<\/td>\n<td>A2A<\/td>\n<td>1.150 MW<\/td>\n<\/tr>\n<tr>\n<td>Ferrera Erbognone<\/td>\n<td>Ferrera Erbognone, Pavia<\/td>\n<td>EniPower<\/td>\n<td>1.030 MW<\/td>\n<\/tr>\n<tr>\n<td>Ravenna<\/td>\n<td>Ravenna<\/td>\n<td>EniPower<\/td>\n<td>970 MW<\/td>\n<\/tr>\n<tr>\n<td>Brindisi EniPower<\/td>\n<td>Brindisi<\/td>\n<td>EniPower<\/td>\n<td>1.300 MW<\/td>\n<\/tr>\n<tr>\n<td>Mantova EniPower<\/td>\n<td>Mantova<\/td>\n<td>EniPower 86,5%; Tea 13,5%<\/td>\n<td>800\u2013850 MW<\/td>\n<\/tr>\n<tr>\n<td>Ferrara<\/td>\n<td>Ferrara<\/td>\n<td>EniPower<\/td>\n<td>840 MW<\/td>\n<\/tr>\n<tr>\n<td>Turbigo<\/td>\n<td>Turbigo e Robecchetto con Induno, Milano<\/td>\n<td>Iren Energia<\/td>\n<td>850 MW<\/td>\n<\/tr>\n<tr>\n<td>Livorno Ferraris<\/td>\n<td>Livorno Ferraris, Vercelli<\/td>\n<td>EP Produzione<\/td>\n<td>805 MW<\/td>\n<\/tr>\n<tr>\n<td>Scandale<\/td>\n<td>Scandale, Crotone<\/td>\n<td>EP Produzione<\/td>\n<td>800\u2013815 MW<\/td>\n<\/tr>\n<tr>\n<td>Aprilia<\/td>\n<td>Aprilia, Latina<\/td>\n<td>Sorgenia<\/td>\n<td>800 MW<\/td>\n<\/tr>\n<tr>\n<td>Modugno<\/td>\n<td>Modugno, Bari<\/td>\n<td>Sorgenia<\/td>\n<td>800 MW<\/td>\n<\/tr>\n<tr>\n<td>Bertonico\u2013Turano Lodigiano<\/td>\n<td>Bertonico\/Turano Lodigiano, Lodi<\/td>\n<td>Sorgenia<\/td>\n<td>800 MW<\/td>\n<\/tr>\n<tr>\n<td>Termoli<\/td>\n<td>Termoli, Campobasso<\/td>\n<td>Sorgenia<\/td>\n<td>770\u2013800 MW<\/td>\n<\/tr>\n<tr>\n<td>Vado Ligure<\/td>\n<td>Vado Ligure, Savona<\/td>\n<td>Tirreno Power<\/td>\n<td>800 MW<\/td>\n<\/tr>\n<tr>\n<td>Rizziconi<\/td>\n<td>Rizziconi, Reggio Calabria<\/td>\n<td>Rizziconi Energia\/Axpo<\/td>\n<td>760 MW<\/td>\n<\/tr>\n<tr>\n<td>Calenia<\/td>\n<td>Sparanise, Caserta<\/td>\n<td>Axpo e Hera<\/td>\n<td>760 MW<\/td>\n<\/tr>\n<tr>\n<td>Presenzano<\/td>\n<td>Presenzano, Caserta<\/td>\n<td>Edison<\/td>\n<td>754,97 MW<\/td>\n<\/tr>\n<tr>\n<td>Marghera Levante<\/td>\n<td>Porto Marghera, Venezia<\/td>\n<td>Edison<\/td>\n<td>780 MW<\/td>\n<\/tr>\n<tr>\n<td>Altomonte<\/td>\n<td>Altomonte, Cosenza<\/td>\n<td>Edison<\/td>\n<td>760\u2013800 MW<\/td>\n<\/tr>\n<tr>\n<td>Simeri Crichi<\/td>\n<td>Simeri Crichi, Catanzaro<\/td>\n<td>Edison<\/td>\n<td>800 MW<\/td>\n<\/tr>\n<tr>\n<td>Torviscosa<\/td>\n<td>Torviscosa, Udine<\/td>\n<td>Edison<\/td>\n<td>780 MW<\/td>\n<\/tr>\n<tr>\n<td>Candela<\/td>\n<td>Candela, Foggia<\/td>\n<td>Edison<\/td>\n<td>380\u2013400 MW<\/td>\n<\/tr>\n<tr>\n<td>Cassano d\u2019Adda<\/td>\n<td>Cassano d\u2019Adda, Milano<\/td>\n<td>A2A<\/td>\n<td>760\u2013850 MW<\/td>\n<\/tr>\n<tr>\n<td>Ponti sul Mincio<\/td>\n<td>Ponti sul Mincio, Mantova<\/td>\n<td>A2A<\/td>\n<td>400 MW<\/td>\n<\/tr>\n<tr>\n<td>Lein\u00ec<\/td>\n<td>Lein\u00ec, Torino<\/td>\n<td>Engie<\/td>\n<td>390 MW<\/td>\n<\/tr>\n<tr>\n<td>Voghera<\/td>\n<td>Voghera, Pavia<\/td>\n<td>Voghera Energia\/Engie<\/td>\n<td>400 MW<\/td>\n<\/tr>\n<tr>\n<td>Napoli Levante<\/td>\n<td>Napoli<\/td>\n<td>Tirreno Power<\/td>\n<td>400 MW<\/td>\n<\/tr>\n<tr>\n<td>Priolo Gargallo\u2013Archimede<\/td>\n<td>Priolo Gargallo, Siracusa<\/td>\n<td>Enel Produzione<\/td>\n<td>630\u2013750 MW<\/td>\n<\/tr>\n<tr>\n<td>Termini Imerese<\/td>\n<td>Termini Imerese, Palermo<\/td>\n<td>Enel Produzione<\/td>\n<td>735 MW<\/td>\n<\/tr>\n<p>L\u2019Italia paga quasi il doppio della Germania<\/p>\n<p>Se l\u2019Italia resta il Paese pi\u00f9 esposto tra le grandi economie, la crisi energetica riguarda gran parte dell\u2019Europa. La siccit\u00e0 perdura nel continente e i bassi livelli dei fiumi e le alte temperature dell\u2019acqua hanno ridotto:<\/p>\n<ul>\n<li data-list-item-id=\"e8038642f836cd3d457d002fdc69ad370\">l\u2019idroelettrico in Serbia e in altri Paesi danubiani;<\/li>\n<li data-list-item-id=\"ea3c83bf8475f6855706c55ba3d8ef5e4\">il nucleare in Ungheria e Romania;<\/li>\n<li data-list-item-id=\"ee4555e3a8b0e9c2c2394c9b6256fcbf6\">la produzione di diversi reattori francesi, che devono rispettare limiti tecnici e ambientali sul raffreddamento.<\/li>\n<\/ul>\n<p>Questo riduce l\u2019elettricit\u00e0 conveniente disponibile sul mercato europeo. Cos\u00ec anche in Germania l&#8217;energia coster\u00e0 110,52 euro per MWh, 98,83 euro in Francia e 118,91 euro in Spagna.\u00a0<\/p>\n<p><img decoding=\"async\" src=\"https:\/\/www.europesays.com\/it\/wp-content\/uploads\/2026\/08\/differenza-prezzo-energia.jpg\" alt=\"Differenza prezzo energia\" title=\"Differenza prezzo energia\"\/><\/p>\n<p>Il Pun italiano sar\u00e0 quindi superiore dell\u201988% a quello tedesco, del 75% a quello spagnolo e pi\u00f9 che doppio rispetto al prezzo francese. Anche i mercati dell\u2019Europa centrale e sudorientale rimarranno sotto l\u2019Italia: 162,33 euro in Austria, 176,27 in Ungheria (nonostante la <a href=\"https:\/\/www.today.it\/opinioni\/siccita-nucleare.html\" target=\"_blank\" rel=\"nofollow noopener\">chiusura della centrale nucleare<\/a>), 179,13 in Croazia e 151,59 in Grecia.<\/p>\n<p>La principale debolezza italiana \u00e8 la forte dipendenza dal gas, utilizzato per produrre pi\u00f9 del 40% dell\u2019elettricit\u00e0 nazionale.<\/p>\n<p><img decoding=\"async\" src=\"https:\/\/www.europesays.com\/it\/wp-content\/uploads\/2026\/08\/energia-termica.jpg\" alt=\"energia termica\" title=\"L'Italia sta usando sempre pi\u00f9 energia prodotto da centrali a gas\"\/><\/p>\n<p>Francia e Spagna possono contare rispettivamente su una grande produzione nucleare e su una quota pi\u00f9 elevata di rinnovabili, mentre l\u2019Italia importa anche una parte consistente dell\u2019energia che consuma. Quando prezzo del gas, importazioni e domanda aumentano contemporaneamente, il mercato italiano reagisce pi\u00f9 violentemente. La tempesta perfetta a cui stiamo assistendo.<\/p>\n<p>Quanto guadagna chi ha un pannello fotovoltaico<\/p>\n<p>Verrebbe da dire quindi \u201cbeati\u201d a chi ha installato i pannelli solari. Ma quanto &#8220;guadagna&#8221; chi possiede un impianto fotovoltaico con prezzi dell&#8217;energia cos\u00ec elevati? Il calcolo non \u00e8 immediato, ma per semplificare l\u2019energia consumata direttamente in casa vale pi\u00f9 di quella venduta: ogni kilowattora autoconsumato evita infatti l\u2019acquisto dello stesso kilowattora dalla rete.<\/p>\n<p><a href=\"https:\/\/www.today.it\/dossier\/economia\/bollette-luce-offerte-piu-convenienti-autunno-2026.html\" target=\"_blank\" rel=\"nofollow noopener\">Bollette della luce, nuova stangata in arrivo: le offerte da sfruttare prima dei rincari d&#8217;autunno<\/a><\/p>\n<p>Dal primo luglio 2026 il prezzo di riferimento complessivo per il cliente tipo vulnerabile in maggior tutela \u00e8 di 31,63 centesimi per kWh, tasse comprese. Un impianto che in una giornata produca 15 kWh e riesca a utilizzarli tutti direttamente pu\u00f2 quindi generare un risparmio teorico di circa 4,74 euro.<\/p>\n<p>All\u2019energia non consumata e immessa nella rete il Gse applica il prezzo zonale dell\u2019ora e dell\u2019area geografica in cui avviene l\u2019immissione. Nel primo trimestre 2026 la remunerazione media \u00e8 stata di 12,8 centesimi per kWh; per gli impianti ammessi il prezzo minimo garantito \u00e8 di 4,75 centesimi, con un conguaglio annuale che riconosce la soluzione migliore tra prezzo minimo e prezzo zonale. In una situazione intermedia, con una parte dell\u2019energia autoconsumata e una parte ceduta, il valore economico giornaliero di una produzione di 15 kWh potrebbe collocarsi indicativamente tra 3 e 5 euro.\u00a0<\/p>\n<p><a href=\"https:\/\/www.today.it\/dossier\/economia\/fotovoltaico-balcone-conviene-simulazioni.html\" target=\"_blank\" rel=\"nofollow noopener\">Fotovoltaico da balcone, quanto si risparmia davvero e quando conviene installarlo<\/a><\/p>\n<p>Il record del 5 agosto mostra comunque due facce dello stesso mercato: da una parte le centrali a gas indispensabili nelle ore serali possono ottenere margini molto ampi; dall\u2019altra chi produce energia solare riduce l\u2019esposizione alle oscillazioni del Pun. Pi\u00f9 che vendere tutta l\u2019elettricit\u00e0, per una famiglia continua a essere particolarmente conveniente consumarla quando viene prodotta o conservarla in una batteria per utilizzarla nelle ore serali.<\/p>\n<p>Dossier \u00e8 la sezione di inchieste esclusive in abbonamento di Today.it. Se vuoi sostenere il nostro lavoro giornalistico e abbonarti, <a href=\"https:\/\/www.today.it\/signup\/premium-products\/?source=header\" target=\"_blank\" rel=\"nofollow noopener\">clicca qui.<\/a><\/p>\n<p><a href=\"https:\/\/www.today.it\/dossier\/\" rel=\"nofollow noopener\" target=\"_blank\">Leggi gli altri Dossier di Today.it<\/a>          <\/p>\n<p>         &#13;<br \/>\n  &#13;<br \/>\n    &#13;<br \/>\n      &#13;<br \/>\n    &#13;<br \/>\n    <strong>8<\/strong> minuti di lettura   &#13;<\/p>\n","protected":false},"excerpt":{"rendered":"Si conferma la stangata estiva sui consumi energetici degli italiani. Se da una parte Arera ha alzato del&hellip;\n","protected":false},"author":3,"featured_media":618238,"comment_status":"","ping_status":"","sticky":false,"template":"","format":"standard","meta":{"footnotes":"","_share_on_mastodon":"0"},"categories":[6],"tags":[32637,14,3566,6316,8,1537,90,89,7,15,82,9,83,10,13,11,80,84,12,81,85],"class_list":["post-618237","post","type-post","status-publish","format-standard","has-post-thumbnail","category-ultime-notizie","tag-bollette","tag-cronaca","tag-energia","tag-gas","tag-headlines","tag-it","tag-italia","tag-italy","tag-news","tag-notizie","tag-notizie-di-cronaca","tag-notizie-principali","tag-notiziedicronaca","tag-notizieprincipali","tag-titoli","tag-ultime-notizie","tag-ultime-notizie-di-cronaca","tag-ultime-notizie-e-news-di-oggi","tag-ultimenotizie","tag-ultimenotiziedicronaca","tag-ultimenotizieenewsdioggi"],"share_on_mastodon":{"url":"https:\/\/pubeurope.com\/@it\/117040861713190962","error":""},"_links":{"self":[{"href":"https:\/\/www.europesays.com\/it\/wp-json\/wp\/v2\/posts\/618237","targetHints":{"allow":["GET"]}}],"collection":[{"href":"https:\/\/www.europesays.com\/it\/wp-json\/wp\/v2\/posts"}],"about":[{"href":"https:\/\/www.europesays.com\/it\/wp-json\/wp\/v2\/types\/post"}],"author":[{"embeddable":true,"href":"https:\/\/www.europesays.com\/it\/wp-json\/wp\/v2\/users\/3"}],"replies":[{"embeddable":true,"href":"https:\/\/www.europesays.com\/it\/wp-json\/wp\/v2\/comments?post=618237"}],"version-history":[{"count":0,"href":"https:\/\/www.europesays.com\/it\/wp-json\/wp\/v2\/posts\/618237\/revisions"}],"wp:featuredmedia":[{"embeddable":true,"href":"https:\/\/www.europesays.com\/it\/wp-json\/wp\/v2\/media\/618238"}],"wp:attachment":[{"href":"https:\/\/www.europesays.com\/it\/wp-json\/wp\/v2\/media?parent=618237"}],"wp:term":[{"taxonomy":"category","embeddable":true,"href":"https:\/\/www.europesays.com\/it\/wp-json\/wp\/v2\/categories?post=618237"},{"taxonomy":"post_tag","embeddable":true,"href":"https:\/\/www.europesays.com\/it\/wp-json\/wp\/v2\/tags?post=618237"}],"curies":[{"name":"wp","href":"https:\/\/api.w.org\/{rel}","templated":true}]}}