{"id":618273,"date":"2026-08-05T04:30:12","date_gmt":"2026-08-05T04:30:12","guid":{"rendered":"https:\/\/www.europesays.com\/it\/618273\/"},"modified":"2026-08-05T04:30:12","modified_gmt":"2026-08-05T04:30:12","slug":"cappuccine-dopo-i-lavori-la-riapertura-del-museo","status":"publish","type":"post","link":"https:\/\/www.europesays.com\/it\/618273\/","title":{"rendered":"Cappuccine, dopo i lavori la riapertura del museo"},"content":{"rendered":"<p>Il <strong>Museo Civico delle Cappuccine<\/strong> pensa alle prossime mostre in vista della Festa di San Michele. L\u2019avvio della stagione espositiva autunnale segner\u00e0 la riapertura parziale del museo civico dopo un anno di chiusura per lavori e sar\u00e0 la prima tappa del percorso che porter\u00e0 entro dicembre alla sua piena fruizione con il riallestimento della pinacoteca.<\/p>\n<p>Questo importante momento di apertura delle porte al pubblico combacer\u00e0 con l\u2019inaugurazione presso il museo, gioved\u00ec 24 settembre alle 18, della mostra \u2019In ponta d\u2019pi. Officina romagnola\u2019, a cura del direttore Davide Caroli e di Silvia Loddo.<\/p>\n<p>La mostra propone un focus sulla <strong>scuola di fotografia romagnola<\/strong>, un\u2019officina dove si \u00e8 formato uno sguardo che alla curatrice Silvia Loddo piace definire dialettale, nel senso pi\u00f9 alto del termine, come riferimento a una lingua che ha nutrito sia straordinari poeti che altrettanto straordinari fotografi, accomunati dalla capacit\u00e0 di registrare in punta di piedi la bellezza dell\u2019ordinario, con esiti straordinari. Maestro e soprattutto compagno di strada \u00e8 stato per tutti <strong>Guido Guidi<\/strong>, ormai riconosciuto come uno dei fotografi pi\u00f9 importanti a livello internazionale.<\/p>\n<p>Accanto agli scatti di Guido Guidi, il percorso espositivo comprende fotografie realizzate da Nicola Baldazzi\/Veronica Lanconelli, Davide Baldrati, Cesare Ballardini, Michele Buda, Alessandra Dragoni, Cesare Fabbri, Marcello Galvani, Luca Gambi, Francesca Gardini, Gianluca Liverani, Francesco Neri, Luca Nostri, Francesco Raffaelli, Giovanni Zaffagnini. L\u2019esposizione rester\u00e0 allestita fino al 10 gennaio 2027.<\/p>\n<p>La riapertura del museo civico sar\u00e0 anticipata da altre due mostre: la prima a inaugurare sar\u00e0 sabato 29 agosto alle 18 la Chiesa del Suffragio dove fino al 4 ottobre si potr\u00e0 visitare la mostra personale di Giovanni Ruggiero, a cura di Davide Caroli, intitolata \u2019Cenere e stelle \u2013 Il miracolo terribile\u2019.<\/p>\n<p>Sabato 19 settembre aprir\u00e0 invece la mostra dell\u2019Ex Convento di San Francesco, dove fino all\u20198 novembre sar\u00e0 possibile visitare la personale di Chiara Calore a cura di Milovan Farronato intitolata \u2019Non voltarti adesso\u2019, traduzione dell\u2019originale inglese Don\u2019t Look Now, il celebre film di Nicolas Roeg ambientato a Venezia, citt\u00e0 nella quale Chiara Calore si \u00e8 formata. &#8220;Le tre mostre della prossima stagione \u2013 osserva il direttore del museo di Bagnacavallo, Davide Caroli \u2013 sono state pensate come un percorso capace di mettere in dialogo esperienze e linguaggi differenti: la fotografia, con il racconto di una delle pi\u00f9 importanti vicende culturali della Romagna, la ceramica contemporanea, attraverso la ricerca di Giovanni Ruggiero, e la pittura di Chiara Calore, tra memoria, percezione e immaginazione&#8221;. Informazioni: www.museocivicobagnacavallo.it.<\/p>\n","protected":false},"excerpt":{"rendered":"Il Museo Civico delle Cappuccine pensa alle prossime mostre in vista della Festa di San Michele. L\u2019avvio della&hellip;\n","protected":false},"author":3,"featured_media":618274,"comment_status":"","ping_status":"","sticky":false,"template":"","format":"standard","meta":{"footnotes":"","_share_on_mastodon":"0"},"categories":[1446],"tags":[1615,1613,1614,1611,1610,340586,1612,203,204,1537,90,89,722,3943,58358],"class_list":["post-618273","post","type-post","status-publish","format-standard","has-post-thumbnail","category-arte-e-design","tag-arte","tag-arte-e-design","tag-arteedesign","tag-arts","tag-arts-and-design","tag-cappuccine","tag-design","tag-entertainment","tag-intrattenimento","tag-it","tag-italia","tag-italy","tag-lavori","tag-museo","tag-riapertura"],"share_on_mastodon":{"url":"https:\/\/pubeurope.com\/@it\/117041025868175055","error":""},"_links":{"self":[{"href":"https:\/\/www.europesays.com\/it\/wp-json\/wp\/v2\/posts\/618273","targetHints":{"allow":["GET"]}}],"collection":[{"href":"https:\/\/www.europesays.com\/it\/wp-json\/wp\/v2\/posts"}],"about":[{"href":"https:\/\/www.europesays.com\/it\/wp-json\/wp\/v2\/types\/post"}],"author":[{"embeddable":true,"href":"https:\/\/www.europesays.com\/it\/wp-json\/wp\/v2\/users\/3"}],"replies":[{"embeddable":true,"href":"https:\/\/www.europesays.com\/it\/wp-json\/wp\/v2\/comments?post=618273"}],"version-history":[{"count":0,"href":"https:\/\/www.europesays.com\/it\/wp-json\/wp\/v2\/posts\/618273\/revisions"}],"wp:featuredmedia":[{"embeddable":true,"href":"https:\/\/www.europesays.com\/it\/wp-json\/wp\/v2\/media\/618274"}],"wp:attachment":[{"href":"https:\/\/www.europesays.com\/it\/wp-json\/wp\/v2\/media?parent=618273"}],"wp:term":[{"taxonomy":"category","embeddable":true,"href":"https:\/\/www.europesays.com\/it\/wp-json\/wp\/v2\/categories?post=618273"},{"taxonomy":"post_tag","embeddable":true,"href":"https:\/\/www.europesays.com\/it\/wp-json\/wp\/v2\/tags?post=618273"}],"curies":[{"name":"wp","href":"https:\/\/api.w.org\/{rel}","templated":true}]}}