{"id":618526,"date":"2026-08-05T08:15:12","date_gmt":"2026-08-05T08:15:12","guid":{"rendered":"https:\/\/www.europesays.com\/it\/618526\/"},"modified":"2026-08-05T08:15:12","modified_gmt":"2026-08-05T08:15:12","slug":"volo-ryanair-arriva-in-spagna-dopo-venti-ore-di-attesa","status":"publish","type":"post","link":"https:\/\/www.europesays.com\/it\/618526\/","title":{"rendered":"Volo Ryanair arriva in Spagna dopo venti ore di attesa"},"content":{"rendered":"\n<p>L\u2019aeromobile <strong class=\"nero\">Ryanair <\/strong> sarebbe dovuto decollare dall\u2019aeroporto di Orio luned\u00ec alle 7,10. Invece ha lasciato lo scalo solo alle 2,50 circa di marted\u00ec 4 agosto. Stando agli avvisi ricevuti dal portale della compagnia, tutto sarebbe da ricondurre a<strong class=\"nero\"> un \u00abproblema tecnico\u00bb.<\/strong> Sta di fatto che chi aveva prenotato visite guidate e albergo per la giornata di luned\u00ec e la notte tra luned\u00ec e ieri, si \u00e8 trovato a perdere parte della vacanza. Alla fine, per\u00f2, dopo tanta attesa e non pochi disagi, il <strong class=\"nero\">volo \u00e8 atterrato a Barcellona quasi alle 5<\/strong> di ieri. Contattata la compagnia si riserva di approfondire il caso e rispondere nei prossimi giorni. <\/p>\n<p>  Ritardo record anche da Palma di Maiorca <\/p>\n<p>Disagi anche per i passeggeri del volo<strong class=\"nero\"> Ryanair da Palma di Maiorca (Spagna) a Orio del 31 luglio, arrivati in Italia dopo oltre 20 ore di attesa<\/strong>. \u00abIl volo &#8211; ha spiegato ieri la compagnia &#8211; ha subito un ritardo durante la notte dopo che ripetuti ritardi del controllo del traffico aereo sui voli precedenti, dovuti principalmente alla<strong class=\"nero\"> carenza di personale <\/strong>presso il Centro di controllo del traffico aereo di Marsiglia, hanno portato l\u2019equipaggio a raggiungere il limite massimo consentito di ore di servizio. Il volo \u00e8 quindi partito per Bergamo il giorno successivo, 1\u00b0 agosto, alle 20,36 ora locale\u00bb.<\/p>\n","protected":false},"excerpt":{"rendered":"L\u2019aeromobile Ryanair sarebbe dovuto decollare dall\u2019aeroporto di Orio luned\u00ec alle 7,10. Invece ha lasciato lo scalo solo alle&hellip;\n","protected":false},"author":3,"featured_media":618527,"comment_status":"","ping_status":"","sticky":false,"template":"","format":"standard","meta":{"footnotes":"","_share_on_mastodon":"0"},"categories":[172],"tags":[178,185,177,184,1537,90,89,17932,2258],"class_list":["post-618526","post","type-post","status-publish","format-standard","has-post-thumbnail","category-affari","tag-affari","tag-affari-e-finanza","tag-business","tag-economia","tag-it","tag-italia","tag-italy","tag-ryanair","tag-sociale"],"share_on_mastodon":{"url":"https:\/\/pubeurope.com\/@it\/117041910725542394","error":""},"_links":{"self":[{"href":"https:\/\/www.europesays.com\/it\/wp-json\/wp\/v2\/posts\/618526","targetHints":{"allow":["GET"]}}],"collection":[{"href":"https:\/\/www.europesays.com\/it\/wp-json\/wp\/v2\/posts"}],"about":[{"href":"https:\/\/www.europesays.com\/it\/wp-json\/wp\/v2\/types\/post"}],"author":[{"embeddable":true,"href":"https:\/\/www.europesays.com\/it\/wp-json\/wp\/v2\/users\/3"}],"replies":[{"embeddable":true,"href":"https:\/\/www.europesays.com\/it\/wp-json\/wp\/v2\/comments?post=618526"}],"version-history":[{"count":0,"href":"https:\/\/www.europesays.com\/it\/wp-json\/wp\/v2\/posts\/618526\/revisions"}],"wp:featuredmedia":[{"embeddable":true,"href":"https:\/\/www.europesays.com\/it\/wp-json\/wp\/v2\/media\/618527"}],"wp:attachment":[{"href":"https:\/\/www.europesays.com\/it\/wp-json\/wp\/v2\/media?parent=618526"}],"wp:term":[{"taxonomy":"category","embeddable":true,"href":"https:\/\/www.europesays.com\/it\/wp-json\/wp\/v2\/categories?post=618526"},{"taxonomy":"post_tag","embeddable":true,"href":"https:\/\/www.europesays.com\/it\/wp-json\/wp\/v2\/tags?post=618526"}],"curies":[{"name":"wp","href":"https:\/\/api.w.org\/{rel}","templated":true}]}}