{"id":618681,"date":"2026-08-05T10:31:14","date_gmt":"2026-08-05T10:31:14","guid":{"rendered":"https:\/\/www.europesays.com\/it\/618681\/"},"modified":"2026-08-05T10:31:14","modified_gmt":"2026-08-05T10:31:14","slug":"cesar-gastelum-assassinato-in-diretta-su-youtube-due-uomini-in-moto-accostano-e-sparano-allinfluencer","status":"publish","type":"post","link":"https:\/\/www.europesays.com\/it\/618681\/","title":{"rendered":"Cesar Gastelum assassinato in diretta su Youtube: due uomini in moto accostano e sparano all&#8217;influencer"},"content":{"rendered":"<p>&#13;<br \/>\n                               &#13;<br \/>\n                                                &#13;<br \/>\n                &#13;<\/p>\n<p>L&#8217;influencer Cesar Gastelum \u00e8 stato <strong><a href=\"https:\/\/www.leggo.it\/t\/assassinato\" rel=\"nofollow noopener\" target=\"_blank\">assassinato<\/a><\/strong> nella notte di questo marted\u00ec nel settore Tres R\u00edos, a Culiac\u00e1n, <strong><a href=\"https:\/\/www.leggo.it\/t\/sinaloa\" rel=\"nofollow noopener\" target=\"_blank\">Sinaloa<\/a><\/strong> (Messico). Secondo i primi rapporti, \u00e8 stato attaccato da individui armati in moto mentre stava realizzando una trasmissione per i social media.<\/p>\n<p>&#13;<br \/>\n&#13;<br \/>\nChi era Cesar Gastelum&#13;<br \/>\n&#13;<\/p>\n<p>Secondo i media locali, Cesar, era un amico stretto di Gordo Peruci, youtuber indicato per presunti legami con Los Chapitos e che anch&#8217;egli fu assassinato a dicembre del 2024. Il caso si aggiunge alla crescente lista di creatori di contenuti assassinati in Sinaloa. Una delle versioni che circolano sul movente dell&#8217;omicidio punta al conflitto tra fazioni del \u201cC\u00e1rtel de Sinaloa\u201d.<\/p>\n<p>&#13;<br \/>\n&#13;<\/p>\n<p><img decoding=\"async\" alt=\"\" src=\"https:\/\/www.europesays.com\/it\/wp-content\/uploads\/2026\/08\/messico_sinaloa_05100138.jpg\"\/><\/p>\n<p>&#13;<br \/>\n&#13;<\/p>\n<p>Cesar Gastelum era in precedenza legato all&#8217;entourage di N\u00e9stor Isidro P\u00e9rez Salas, \u201cEl Nini\u201d; tuttavia, negli ultimi mesi ha iniziato a pubblicare fotografie e contenuti con allusioni alla cosiddetta \u201cGente del Sombrero\u201d, identificata con il gruppo di Ismael Zambada Sicairos, \u201cMayito Flaco\u201d, figlio di Ismael \u201cEl Mayo\u201d Zambada. <\/p>\n<p>Una guerra &#8211; a colpi di armi da fuoco &#8211; tra bande rivali.&#13;<br \/>\n&#13;<\/p>\n<p><img decoding=\"async\" alt=\"\" src=\"https:\/\/www.europesays.com\/it\/wp-content\/uploads\/2026\/08\/cesar_1_05101130.jpg\"\/><\/p>\n<p>&#13;<br \/>\n&#13;<\/p>\n<p>In base alle informazioni delle autorit\u00e0 locali, il giovane, che aveva quasi 600.000 follower su TikTok ed era noto per i suoi video comici, stava facendo una trasmissione in tempo reale insieme a degli amici fuori da un fast food quando due persone in motocicletta, con il volto coperto dal casco, si sono avvicinate all&#8217;improvviso. Il conducente ha sparato a Gastelum alla testa prima di fuggire a tutta velocit\u00e0. La diretta sul social \u00e8 stata immediatamente interrotta e il filmato \u00e8 stato successivamente rimosso dalla piattaforma<\/p>\n<p>                                &#13;<br \/>\n                &#13;<br \/>\n&#13;<br \/>\n                Ultimo aggiornamento: mercoled\u00ec 5 agosto 2026, 11:29&#13;<br \/>\n                <br \/>&#13;<br \/>\n                &#13;<br \/>\n                  &#13;<br \/>\n                    &#13;<br \/>\n                        \u00a9 RIPRODUZIONE RISERVATA&#13;<\/p>\n<p>&#13;<\/p>\n<p>                    &#13;<\/p>\n","protected":false},"excerpt":{"rendered":"&#13; &#13; &#13; &#13; L&#8217;influencer Cesar Gastelum \u00e8 stato assassinato nella notte di questo marted\u00ec nel settore Tres&hellip;\n","protected":false},"author":3,"featured_media":618682,"comment_status":"","ping_status":"","sticky":false,"template":"","format":"standard","meta":{"footnotes":"","_share_on_mastodon":"0"},"categories":[160],"tags":[340770,14,164,165,13549,166,7,15,340771,11,167,12,168,161,162,163],"class_list":["post-618681","post","type-post","status-publish","format-standard","has-post-thumbnail","category-mondo","tag-cesar-gastelum","tag-cronaca","tag-dal-mondo","tag-dalmondo","tag-messico","tag-mondo","tag-news","tag-notizie","tag-sinaloa","tag-ultime-notizie","tag-ultime-notizie-di-mondo","tag-ultimenotizie","tag-ultimenotiziedimondo","tag-world","tag-world-news","tag-worldnews"],"share_on_mastodon":{"url":"https:\/\/pubeurope.com\/@it\/117042446392196810","error":""},"_links":{"self":[{"href":"https:\/\/www.europesays.com\/it\/wp-json\/wp\/v2\/posts\/618681","targetHints":{"allow":["GET"]}}],"collection":[{"href":"https:\/\/www.europesays.com\/it\/wp-json\/wp\/v2\/posts"}],"about":[{"href":"https:\/\/www.europesays.com\/it\/wp-json\/wp\/v2\/types\/post"}],"author":[{"embeddable":true,"href":"https:\/\/www.europesays.com\/it\/wp-json\/wp\/v2\/users\/3"}],"replies":[{"embeddable":true,"href":"https:\/\/www.europesays.com\/it\/wp-json\/wp\/v2\/comments?post=618681"}],"version-history":[{"count":0,"href":"https:\/\/www.europesays.com\/it\/wp-json\/wp\/v2\/posts\/618681\/revisions"}],"wp:featuredmedia":[{"embeddable":true,"href":"https:\/\/www.europesays.com\/it\/wp-json\/wp\/v2\/media\/618682"}],"wp:attachment":[{"href":"https:\/\/www.europesays.com\/it\/wp-json\/wp\/v2\/media?parent=618681"}],"wp:term":[{"taxonomy":"category","embeddable":true,"href":"https:\/\/www.europesays.com\/it\/wp-json\/wp\/v2\/categories?post=618681"},{"taxonomy":"post_tag","embeddable":true,"href":"https:\/\/www.europesays.com\/it\/wp-json\/wp\/v2\/tags?post=618681"}],"curies":[{"name":"wp","href":"https:\/\/api.w.org\/{rel}","templated":true}]}}