{"id":618874,"date":"2026-08-05T13:15:11","date_gmt":"2026-08-05T13:15:11","guid":{"rendered":"https:\/\/www.europesays.com\/it\/618874\/"},"modified":"2026-08-05T13:15:11","modified_gmt":"2026-08-05T13:15:11","slug":"morte-domenico-caliendo-accordo-per-il-risarcimento-tra-monaldi-e-famiglia","status":"publish","type":"post","link":"https:\/\/www.europesays.com\/it\/618874\/","title":{"rendered":"Morte Domenico Caliendo, accordo per il risarcimento tra Monaldi e famiglia"},"content":{"rendered":"<p><strong>L&#8217;azienda ospedaliera dei Colli e la famiglia Caliendo-Mercolino hanno raggiunto un accordo stragiudiziale per la morte del bambino di due anni, deceduto il 21 febbraio dopo un trapianto di cuore all&#8217;ospedale Monaldi di Napoli. L&#8217;intesa economica, coperta da riservatezza, chiude la partita civile. &#8220;Nessun importo potr\u00e0 ridarci Domenico, volevamo solo concentrarci sul processo penale&#8221;, ha detto la madre. I legali dell&#8217;ospedale: la firma non \u00e8 un&#8217;ammissione di responsabilit\u00e0<\/strong><\/p>\n<p>\u00c8 stato trovato l&#8217;accordo per il risarcimento tra l&#8217;azienda ospedaliera dei Colli e la famiglia di <a data-intcmp=\"skytg24_foglia articolo_interlink_text\" href=\"https:\/\/tg24.sky.it\/cronaca\/2026\/04\/09\/punto-inchiesta-morte-domenico-caliendo-trapianto-monaldi\" rel=\"nofollow noopener\" target=\"_blank\">Domenico Caliendo<\/a>, il bambino morto in seguito a un trapianto di cuore all&#8217;ospedale Monaldi di Napoli. Lo ha annunciato l&#8217;avvocato Francesco Petruzzi, legale della famiglia Caliendo-Mercolino. &#8220;Siamo pienamente soddisfatti &#8211; ha commentato Petruzzi &#8211; e lo \u00e8 anche mamma Patrizia. Il Monaldi ci ha riconosciuto il risarcimento e, soprattutto, ci ha evitato un processo civile che avrebbe aggiunto ulteriore dolore alla famiglia. Adesso possiamo concentrarci sul procedimento penale&#8221;.\u00a0<\/p>\n<p>\t\t\t<strong>&#8220;Nessuna cifra ci ridar\u00e0 Domenico&#8221;<\/strong><\/p>\n<p>&#8220;Siamo molto soddisfatti perch\u00e9 abbiamo definito l&#8217;accordo col Monaldi, quindi non andremo a un processo civile con loro e ora possiamo finalmente pensare al processo penale, che \u00e8 quello che interessa realmente a me e mio marito&#8221;, ha detto Patrizia Mercolino, la mamma del piccolo Domenico. &#8220;Non ci interessava la cifra, nessun importo potr\u00e0 mai ridarci il nostro Domenico. Volevamo solo chiudere subito per poter concentrarci sul processo penale&#8221;.<\/p>\n<p>\u00a0<\/p>\n<p>La donna ha raccontato di essere andata a trovare il figlio il giorno del suo onomastico: &#8220;Lui sorride, lo vedo sorridere sempre. Gli ho detto: &#8216;Amore di mamma, manca poco e inizia il processo, ci siamo quasi'&#8221;. E sul sentimento verso i medici: &#8220;Ve lo dir\u00f2 quando saremo a processo e li guarder\u00f2 negli occhi. La rabbia adesso \u00e8 molto pi\u00f9 forte del dolore&#8221;.<\/p>\n<p>\t\t\t<strong>Ospedale: &#8220;Non \u00e8 un&#8217;ammissione di responsabilit\u00e0&#8221;<\/strong><\/p>\n<p>Sul fronte dell&#8217;ospedale, i legali esterni dell&#8217;azienda dei Colli, gli avvocati Raffaella Di Nardo e Arturo Testa, hanno definito l&#8217;accordo l&#8217;esito di una procedura complessa gestita dal Comitato Valutazione Sinistri, con un&#8217;istruttoria tecnica condotta da un&#8217;\u00e9quipe interna di cardiochirurghi, cardiologi, anestesisti e medici legali. La cifra concordata, hanno spiegato, \u00e8 &#8220;congrua e dignitosa&#8221;, ma la firma &#8220;non costituisce una ammissione di responsabilit\u00e0&#8221;: si tratta, hanno precisato, di una valutazione sul rischio processuale per tutelare l&#8217;ente pubblico e le sue risorse. L&#8217;azienda si \u00e8 comunque riservata di agire in regresso e rivalsa verso chi sar\u00e0 ritenuto responsabile in sede penale.<\/p>\n<p>\u00a0<\/p>\n<p>Anche la famiglia, con l&#8217;avvocato Francesco Petruzzi, si \u00e8 detta soddisfatta. Rinunciando alle azioni civili per la morte del bambino nei confronti dell&#8217;ospedale e dei medici, i genitori concentreranno ora le proprie risorse sul procedimento penale, nel quale si costituiranno parte civile per accertare le singole responsabilit\u00e0. &#8220;Non abbiamo mai voluto attaccare l&#8217;azienda, che resta un presidio di eccellenza&#8221;, ha ricordato Petruzzi, che si \u00e8 detto fiducioso di trovare i Colli &#8220;al loro fianco come parte civile nel dibattimento penale&#8221;.<\/p>\n<p>\t\t\tPoco meno di un milione e mezzo di euro<\/p>\n<p>Sull&#8217;entit\u00e0 della somma su cui c&#8217;\u00e8 stato l&#8217;accordo stragiudiziale &#8211; che sar\u00e0 firmato a settembre &#8211; sia il Monaldi, sia la famiglia Caliendo-Mercolino hanno sottoscritto un verbale di riservatezza. Secondo le tabelle di riferimento (quelle del tribunale ordinario di Milano) la cifra dovrebbe attestarsi a poco meno di un milione e mezzo di euro. Inizialmente la richiesta formulata dall&#8217;avvocato Petruzzi fu di tre milioni di euro. Complessivamente sono sei le persone aventi diritto al risarcimento e cio\u00e8 i genitori, i fratellini e due nonni.\u00a0<\/p>\n<p>\t\t\tLa vicenda<\/p>\n<p>Il bambino di due anni, affetto da cardiopatia dilatativa, era stato trapiantato il 23 dicembre all&#8217;ospedale Monaldi di Napoli, con un cuore donato da un bambino di 4 anni arrivato da Bolzano ma conservato in condizioni non ottimali, in un box non adeguato e con poco ghiaccio a cui era stato aggiunto del ghiaccio secco, un fatto che aveva fatto bruciare l&#8217;organo. Successivamente si era provato a salvare la vita al bambino, senza per\u00f2 successo, fino al suo decesso il 21 febbraio. Per il fatto la procura di Napoli ha aperto un&#8217;inchiesta per omicidio colposo in concorso a carico di 7 professionisti dell\u2019ospedale. Due di loro,\u00a0Guido Oppido e la sua vice Emma Bergonzoni, che il 23 dicembre 2025 hanno eseguito il trapianto,\u00a0sono stati sospesi rispettivamente per 12 e 7 mesi con l&#8217;accusa di falso materiale e ideologico in concorso.<\/p>\n<p>\t            TAG:<\/p>\n","protected":false},"excerpt":{"rendered":"L&#8217;azienda ospedaliera dei Colli e la famiglia Caliendo-Mercolino hanno raggiunto un accordo stragiudiziale per la morte del bambino&hellip;\n","protected":false},"author":3,"featured_media":618875,"comment_status":"","ping_status":"","sticky":false,"template":"","format":"standard","meta":{"footnotes":"","_share_on_mastodon":"0"},"categories":[6],"tags":[14,8,1537,90,89,248,7,15,82,9,83,10,2890,13,11,80,84,12,81,85],"class_list":["post-618874","post","type-post","status-publish","format-standard","has-post-thumbnail","category-ultime-notizie","tag-cronaca","tag-headlines","tag-it","tag-italia","tag-italy","tag-napoli","tag-news","tag-notizie","tag-notizie-di-cronaca","tag-notizie-principali","tag-notiziedicronaca","tag-notizieprincipali","tag-ospedali","tag-titoli","tag-ultime-notizie","tag-ultime-notizie-di-cronaca","tag-ultime-notizie-e-news-di-oggi","tag-ultimenotizie","tag-ultimenotiziedicronaca","tag-ultimenotizieenewsdioggi"],"share_on_mastodon":{"url":"https:\/\/pubeurope.com\/@it\/117043090404813084","error":""},"_links":{"self":[{"href":"https:\/\/www.europesays.com\/it\/wp-json\/wp\/v2\/posts\/618874","targetHints":{"allow":["GET"]}}],"collection":[{"href":"https:\/\/www.europesays.com\/it\/wp-json\/wp\/v2\/posts"}],"about":[{"href":"https:\/\/www.europesays.com\/it\/wp-json\/wp\/v2\/types\/post"}],"author":[{"embeddable":true,"href":"https:\/\/www.europesays.com\/it\/wp-json\/wp\/v2\/users\/3"}],"replies":[{"embeddable":true,"href":"https:\/\/www.europesays.com\/it\/wp-json\/wp\/v2\/comments?post=618874"}],"version-history":[{"count":0,"href":"https:\/\/www.europesays.com\/it\/wp-json\/wp\/v2\/posts\/618874\/revisions"}],"wp:featuredmedia":[{"embeddable":true,"href":"https:\/\/www.europesays.com\/it\/wp-json\/wp\/v2\/media\/618875"}],"wp:attachment":[{"href":"https:\/\/www.europesays.com\/it\/wp-json\/wp\/v2\/media?parent=618874"}],"wp:term":[{"taxonomy":"category","embeddable":true,"href":"https:\/\/www.europesays.com\/it\/wp-json\/wp\/v2\/categories?post=618874"},{"taxonomy":"post_tag","embeddable":true,"href":"https:\/\/www.europesays.com\/it\/wp-json\/wp\/v2\/tags?post=618874"}],"curies":[{"name":"wp","href":"https:\/\/api.w.org\/{rel}","templated":true}]}}