{"id":618918,"date":"2026-08-05T13:55:18","date_gmt":"2026-08-05T13:55:18","guid":{"rendered":"https:\/\/www.europesays.com\/it\/618918\/"},"modified":"2026-08-05T13:55:18","modified_gmt":"2026-08-05T13:55:18","slug":"calciomercato-2026-ultime-news-di-oggi-in-diretta-live-42","status":"publish","type":"post","link":"https:\/\/www.europesays.com\/it\/618918\/","title":{"rendered":"Calciomercato 2026, ultime news di oggi in diretta live"},"content":{"rendered":"<p>\\n  <\/p>\n<li><a href=\"\\&quot;https:\/\/sport.sky.it\/calciomercato\/2026\/08\/05\/juventus-zirkzee-calciomercato-news\\&quot;\" data-intcmp=\"\\&quot;skysport_liveblog_interlink_text\\&quot;\">Juve, Zirkzee in pole per l&#8217;attacco: lo United apre al prestito<\/a>&#8230;<\/li>\n<p>\\n  <\/p>\n<li><a href=\"\\&quot;https:\/\/sport.sky.it\/calciomercato\/2026\/08\/05\/psg-suzuki-juventus-calciomercato-news\\&quot;\" target=\"\\&quot;_blank\\&quot;\" data-intcmp=\"\\&quot;skysport_liveblog_interlink_text\\&quot;\">&#8230;E per la porta spunta un&#8217;ipotesi Suzuki<\/a><\/li>\n<p>\\n  <\/p>\n<li><a href=\"\\&quot;https:\/\/sport.sky.it\/calciomercato\/2026\/08\/05\/fiorentina-mastantuono-calciomercato-news\\&quot;\" data-intcmp=\"\\&quot;skysport_liveblog_interlink_text\\&quot;\">Fiorentina scatenata: in arrivo Mastantuono<\/a><\/li>\n<p>\\n  <\/p>\n<li><a href=\"\\&quot;https:\/\/sport.sky.it\/calciomercato\/2026\/08\/05\/calciomercato-atalanta-kristensen-news\\&quot;\" data-intcmp=\"\\&quot;skysport_liveblog_interlink_text\\&quot;\">Atalanta, Djimsiti ai saluti: i possibili sostituti<\/a><\/li>\n<p>\\n  <\/p>\n<li><a href=\"\\&quot;https:\/\/sport.sky.it\/calciomercato\/2026\/08\/05\/napoli-lukaku-rientro-calciomercato-news\\&quot;\" data-intcmp=\"\\&quot;skysport_liveblog_interlink_text\\&quot;\">Napoli, per Lukaku alcuni giorni di permesso<\/a><\/li>\n<p>\\n  <\/p>\n<li><a href=\"\\&quot;https:\/\/sport.sky.it\/calciomercato\/2026\/08\/05\/molina-roma-calciomercato-news\\&quot;\" data-intcmp=\"\\&quot;skysport_liveblog_interlink_text\\&quot;\">Roma, ai dettagli l&#8217;arrivo di Molina<\/a><\/li>\n<p>\\n  <\/p>\n<li><a href=\"\\&quot;https:\/\/sport.sky.it\/calciomercato\/2026\/08\/05\/como-couto-calciomercato-news\\&quot;\" data-intcmp=\"\\&quot;skysport_liveblog_interlink_text\\&quot;\">Como, Couto \u00e8 arrivato in Italia per visite e firma<\/a><\/li>\n<p>\\n  <\/p>\n<li><a href=\"\\&quot;https:\/\/sport.sky.it\/calciomercato\/calciomercato-serie-a-estate-2026-acquisti-ufficiali\\&quot;\" data-intcmp=\"\\&quot;skysport_liveblog_interlink_text\\&quot;\">Serie A, gli acquisti ufficiali<\/a><\/li>\n<p>\\n  <\/p>\n<li><a href=\"\\&quot;https:\/\/sport.sky.it\/calciomercato\/tabellone\\&quot;\" data-intcmp=\"\\&quot;skysport_liveblog_interlink_text\\&quot;\">Tabellone mercato Serie A<\/a><\/li>\n<p>\\n  <\/p>\n<li><a href=\"\\&quot;https:\/\/sport.sky.it\/calciomercato\/calciomercato-serie-b-estate-2026-acquisti-ufficiali#00\\&quot;\" data-intcmp=\"\\&quot;skysport_liveblog_interlink_text\\&quot;\">Le trattative concluse in Serie B<\/a><\/li>\n<p>\\n  <\/p>\n<li><a href=\"\\&quot;https:\/\/sport.sky.it\/calciomercato\/tabellone-serie-b\\&quot;\" data-intcmp=\"\\&quot;skysport_liveblog_interlink_text\\&quot;\">Tabellone mercato Serie B<\/a><\/li>\n<p>\\n  <\/p>\n<li><a href=\"\\&quot;https:\/\/sport.sky.it\/calciomercato\/calciomercato-2026-acquisti-ufficiali-estero-estate\\&quot;\" data-intcmp=\"\\&quot;skysport_liveblog_interlink_text\\&quot;\">Tutti i colpi di mercato all&#8217;estero<\/a><\/li>\n<p>\\n&#8221;,&#8221;postId&#8221;:&#8221;6af77fa4-82e4-4d54-afd1-71e8e54853cf&#8221;,&#8221;postLink&#8221;:{&#8220;title&#8221;:&#8221;&#8221;,&#8221;url&#8221;:&#8221;&#8221;,&#8221;imageSrc&#8221;:&#8221;&#8221;}}],&#8221;posts&#8221;:[{&#8220;timestamp&#8221;:&#8221;2026-08-05T13:45:00.524Z&#8221;,&#8221;timestampUtcIt&#8221;:&#8221;2026-08-05T15:45:00+0200&#8243;,&#8221;altBackground&#8221;:false,&#8221;title&#8221;:&#8221;Monza, fatta per Jay Robinson&#8221;,&#8221;content&#8221;:&#8221;<\/p>\n<p>A sorpresa, il Monza ha chiuso nelle ultime ore un&#8217;operazione nel reparto offensivo: <strong>dal Southampton arriva in prestito l&#8217;ala Jay Robinson<\/strong>, 19enne di nazionalit\u00e0 inglese. Il calciatore arriver\u00e0 in Italia nelle prossime ore.\u00a0<\/p>\n<p>&#8220;,&#8221;postId&#8221;:&#8221;6dba0ae7-4828-4450-a1ed-866b411713ea&#8221;,&#8221;postLink&#8221;:{&#8220;title&#8221;:&#8221;&#8221;,&#8221;url&#8221;:&#8221;&#8221;,&#8221;imageSrc&#8221;:&#8221;&#8221;}},{&#8220;timestamp&#8221;:&#8221;2026-08-05T13:21:32.244Z&#8221;,&#8221;timestampUtcIt&#8221;:&#8221;2026-08-05T15:21:32+0200&#8243;,&#8221;altBackground&#8221;:false,&#8221;title&#8221;:&#8221;Como, le prime parole di Chalobah: \\&#8221;Pronto per cominciare\\&#8221; &#8220;,&#8221;content&#8221;:&#8221;<\/p>\n<p><strong>Il difensore inglese Trevoh Chalobah<\/strong> \u00e8 arrivato in Italia: nel pomeriggio svolger\u00e0 le visite mediche per poi firmare ed iniziare la sua avventura con la squadra di Fabregas.\u00a0<\/p>\n<p>&#8220;,&#8221;postId&#8221;:&#8221;91583aab-d135-401c-9c43-e4002e9ded44&#8243;,&#8221;postLink&#8221;:{&#8220;title&#8221;:&#8221;&#8221;,&#8221;url&#8221;:&#8221;&#8221;,&#8221;imageSrc&#8221;:&#8221;&#8221;}},{&#8220;timestamp&#8221;:&#8221;2026-08-05T13:15:00.907Z&#8221;,&#8221;timestampUtcIt&#8221;:&#8221;2026-08-05T15:15:00+0200&#8243;,&#8221;altBackground&#8221;:false,&#8221;title&#8221;:&#8221;Chi ha \\&#8221;mosso\\&#8221; pi\u00f9 soldi con i suoi trasferimenti? &#8220;,&#8221;content&#8221;:&#8221;<\/p>\n<p><strong>Alvaro Morata<\/strong>, riscattato dal Como per 12 milioni, \u00e8 il calciatore che, nel corso dei suoi trasferimenti, ha movimentato complessivamente pi\u00f9 soldi (oltre 220 milioni di euro) tra i vari club in cui si \u00e8 trasferito dal 2014 ad oggi. Nella nostra gallery la top 20 completa.\u00a0<\/p>\n<p>&#8220;,&#8221;postId&#8221;:&#8221;0216ec0d-2bb3-4182-8efa-4c80baa5c0d1&#8243;,&#8221;postLink&#8221;:{&#8220;title&#8221;:&#8221;I giocatori che hanno &#8216;mosso&#8217; pi\u00f9 soldi coi loro trasferimenti. CLASSIFICA&#8221;,&#8221;url&#8221;:&#8221;https:\/\/sport.sky.it\/calciomercato\/calciomercato-giocatori-trasferimenti-totali&#8221;,&#8221;imageSrc&#8221;:&#8221;https:\/\/sport.sky.it\/assets\/images\/2165fa2f55c014f188822ce1f7796d72a9b82069\/skysport\/it\/calcio\/calciomercato\/2025\/09\/03\/calciomercato-serie-a-2025-acquisti-ritorni\/morata_como_ipa.jpg?im=Resize,width=1218&#8243;}},{&#8220;timestamp&#8221;:&#8221;2026-08-05T13:00:00.691Z&#8221;,&#8221;timestampUtcIt&#8221;:&#8221;2026-08-05T15:00:00+0200&#8243;,&#8221;altBackground&#8221;:false,&#8221;title&#8221;:&#8221;Arsenal, in chiusura Bruno Guimaraes&#8221;,&#8221;content&#8221;:&#8221;<\/p>\n<p>Come riporta BBC Football,<strong> l&#8217;Arsenal \u00e8 vicino alla chiusura per Bruno Guimaraes del Newcastle<\/strong>. Si stanno ultimando gli ultimi dettagli tra i due club, col brasiliano che attende il via libera per lasciare il ritiro in Spagna dei Magpies. Operazione che dovrebbe essere superiore ai 90 milioni di euro.\u00a0<\/p>\n<p>&#8220;,&#8221;postId&#8221;:&#8221;8fa6c09f-7227-4484-8106-198878cd1963&#8243;,&#8221;postLink&#8221;:{&#8220;title&#8221;:&#8221;&#8221;,&#8221;url&#8221;:&#8221;&#8221;,&#8221;imageSrc&#8221;:&#8221;&#8221;}},{&#8220;timestamp&#8221;:&#8221;2026-08-05T12:45:00.715Z&#8221;,&#8221;timestampUtcIt&#8221;:&#8221;2026-08-05T14:45:00+0200&#8243;,&#8221;altBackground&#8221;:false,&#8221;title&#8221;:&#8221;Genoa, per l&#8217;attacco ipotesi Jebbison&#8221;,&#8221;content&#8221;:&#8221;<\/p>\n<p>Il Genoa ha intenzione di piazzare un colpo in attacco. La pista che porta a <strong>Roberto Piccoli della Fiorentina \u00e8 al momento in stand-by<\/strong>, <strong>motivo per cui i rossobl\u00f9 si stanno orientando su Daniel Jebbison,<\/strong> punta centrale dal doppio passaporto canadese e inglese, di propriet\u00e0 del <strong>Bournemouth<\/strong>. L&#8217;attaccante \u00e8 andato in gol nell&#8217;amichevole di ieri proprio contro il club allenato da De Rossi. \u00a0<\/p>\n<p>&#8220;,&#8221;postId&#8221;:&#8221;32f327b7-42c5-4431-9990-80738de464ff&#8221;,&#8221;postLink&#8221;:{&#8220;title&#8221;:&#8221;&#8221;,&#8221;url&#8221;:&#8221;&#8221;,&#8221;imageSrc&#8221;:&#8221;&#8221;}},{&#8220;timestamp&#8221;:&#8221;2026-08-05T12:30:00.643Z&#8221;,&#8221;timestampUtcIt&#8221;:&#8221;2026-08-05T14:30:00+0200&#8243;,&#8221;video&#8221;:{&#8220;videoId&#8221;:&#8221;1116060&#8243;,&#8221;videoPageUrl&#8221;:&#8221;https:\/\/video.sky.it\/sport\/calciomercato\/serie-a\/video\/calciomercato-roma-molina-news-1116060&#8243;},&#8221;altBackground&#8221;:true,&#8221;title&#8221;:&#8221;La Roma in chiusura per Molina: il punto&#8221;,&#8221;content&#8221;:&#8221;<\/p>\n<p>Dopo il muro del Feyenoord per Read, <strong>la Roma ha virato con decisione su Molina dell&#8217;Atletico Madrid<\/strong>. Con gli spagnoli \u00e8 stata raggiunta un&#8217;intesa per 13 milioni pi\u00f9 4 di bonus.\u00a0<\/p>\n<p>&#8220;,&#8221;postId&#8221;:&#8221;2515f383-8b80-4662-aaa0-215d83f2e55c&#8221;,&#8221;postLink&#8221;:{&#8220;title&#8221;:&#8221;&#8221;,&#8221;url&#8221;:&#8221;&#8221;,&#8221;imageSrc&#8221;:&#8221;&#8221;}},{&#8220;timestamp&#8221;:&#8221;2026-08-05T12:15:00.235Z&#8221;,&#8221;timestampUtcIt&#8221;:&#8221;2026-08-05T14:15:00+0200&#8243;,&#8221;video&#8221;:{&#8220;videoId&#8221;:&#8221;1116087&#8243;,&#8221;videoPageUrl&#8221;:&#8221;https:\/\/video.sky.it\/sport\/calciomercato\/serie-a\/video\/atalanta-kristensen-calciomercato-news-1116087&#8243;},&#8221;altBackground&#8221;:true,&#8221;title&#8221;:&#8221;Atalanta, Djimsiti verso l&#8217;Arabia: i nomi per sostituirlo&#8221;,&#8221;content&#8221;:&#8221;<\/p>\n<p>Dopo oltre 300 presenze potrebbero essere arrivati i titoli di coda nel rapporto tra l&#8217;Atalanta e il difensore <strong>Berat Djimsiti, molto vicino agli arabi dell&#8217;Al-Diriyah<\/strong>. Per sostituirlo, la squadra di Sarri pensa a Kristensen dell&#8217;Udinese: sullo sfondo anche Todibo del West Ham.\u00a0<\/p>\n<p>&#8220;,&#8221;postId&#8221;:&#8221;32dcf944-dd67-4ed6-a88f-644ebd5ce71f&#8221;,&#8221;postLink&#8221;:{&#8220;title&#8221;:&#8221;&#8221;,&#8221;url&#8221;:&#8221;&#8221;,&#8221;imageSrc&#8221;:&#8221;&#8221;}},{&#8220;timestamp&#8221;:&#8221;2026-08-05T12:00:00.668Z&#8221;,&#8221;timestampUtcIt&#8221;:&#8221;2026-08-05T14:00:00+0200&#8243;,&#8221;video&#8221;:{&#8220;videoId&#8221;:&#8221;1116092&#8243;,&#8221;videoPageUrl&#8221;:&#8221;https:\/\/video.sky.it\/sport\/calciomercato\/serie-a\/video\/suzuki-psg-juventus-calciomercato-news-1116092&#8243;},&#8221;altBackground&#8221;:true,&#8221;title&#8221;:&#8221;Il futuro di Suzuki tra PSG e&#8230; Juventus&#8221;,&#8221;content&#8221;:&#8221;<\/p>\n<p><strong>Il PSG continua a lavorare per il portiere Zion Suzuki<\/strong> per raggiungere l&#8217;intesa finale con il Parma. In caso di chiusura dell&#8217;operazione, non \u00e8 da escludere <strong>che il portiere possa poi essere girato in prestito alla Juventus<\/strong>: un&#8217;ipotesi che il club bianconero prende in considerazione ma che \u00e8 legata al futuro del portiere francese Lucas Chevalier, ancora di propriet\u00e0 dei parigini.\u00a0<\/p>\n<p>&#8220;,&#8221;postId&#8221;:&#8221;49bc6462-20bb-4244-a2c4-7d639671238f&#8221;,&#8221;postLink&#8221;:{&#8220;title&#8221;:&#8221;&#8221;,&#8221;url&#8221;:&#8221;&#8221;,&#8221;imageSrc&#8221;:&#8221;&#8221;}},{&#8220;timestamp&#8221;:&#8221;2026-08-05T11:45:00.644Z&#8221;,&#8221;timestampUtcIt&#8221;:&#8221;2026-08-05T13:45:00+0200&#8243;,&#8221;altBackground&#8221;:false,&#8221;title&#8221;:&#8221;Inghilterra, squadra di 5^ serie rifiuta un&#8217;offerta da 1 milione per un attaccante&#8221;,&#8221;content&#8221;:&#8221;<\/p>\n<p>Il Boreham Wood, club di quinta serie inglese, ha rifiutato due offerte degli svedesi del Djurgarden per Abdul Abdulmalik: la prima da 750 mila sterline e la seconda da un milione. L&#8217;esterno offensivo classe 2003 nella scorsa stagione ha messo a segno 17 gol e fornito 10 assist in National League. Finora nessun calciatore di una squadra della \\&#8221;non-league\\&#8221; \u00e8 stato pagato pi\u00f9 di 500 mila sterline<\/p>\n<p>&#8220;,&#8221;postId&#8221;:&#8221;5f1c43ad-de79-41b1-baa9-190ceeb4afe2&#8243;,&#8221;postLink&#8221;:{&#8220;title&#8221;:&#8221;Squadra di 5^ serie inglese rifiuta 1 milione per un suo giocatore&#8221;,&#8221;url&#8221;:&#8221;https:\/\/sport.sky.it\/calciomercato\/2026\/08\/04\/squadra-quinta-serie-inglese-rifiuta-milione&#8221;,&#8221;imageSrc&#8221;:&#8221;https:\/\/sport.sky.it\/assets\/images\/5116bc683df44f9a9d4ec11f692e8c0181c9ec58\/skysport\/it\/calcio\/calciomercato\/2026\/08\/04\/squadra-quinta-serie-inglese-rifiuta-milione\/og_Abdul_Abdulmalik_ipa.jpg?im=Resize,width=1218&#8243;}},{&#8220;timestamp&#8221;:&#8221;2026-08-05T11:30:00.948Z&#8221;,&#8221;timestampUtcIt&#8221;:&#8221;2026-08-05T13:30:00+0200&#8243;,&#8221;altBackground&#8221;:false,&#8221;title&#8221;:&#8221;Milan, da decifrare il futuro di Leao&#8221;,&#8221;content&#8221;:&#8221;<\/p>\n<p>Su Rafa <strong>Leao <\/strong>continua l\u2019interesse del <strong>Galatasaray <\/strong>che fa sul serio per il portoghese, a differenza del <strong>Fenerbah\u00e7e <\/strong>in questo momento ha fatto un passo indietro. Il giocatore a Perth si sta allenando con la squadra e non \u00e8 da escludere la sua permanenza in rossonero: la dirigenza, intanto, la lascia sul mercato.<\/p>\n<p>&#8220;,&#8221;postId&#8221;:&#8221;4c6d31f1-a362-4c56-b47c-0f0319d9eb93&#8243;,&#8221;postLink&#8221;:{&#8220;title&#8221;:&#8221;&#8221;,&#8221;url&#8221;:&#8221;&#8221;,&#8221;imageSrc&#8221;:&#8221;&#8221;}},{&#8220;timestamp&#8221;:&#8221;2026-08-05T11:15:00.828Z&#8221;,&#8221;timestampUtcIt&#8221;:&#8221;2026-08-05T13:15:00+0200&#8243;,&#8221;altBackground&#8221;:false,&#8221;title&#8221;:&#8221;Cosenza, in arrivo Quieto&#8221;,&#8221;content&#8221;:&#8221;<\/p>\n<p>Tutto fatto per l&#8217;arrivo <strong>al Cosenza del trequartista Daniele Quieto<\/strong>. Il ventenne italo-venezuelano sar\u00e0 un nuovo giocatore rossobl\u00f9: si trasferir\u00e0 a titolo definitivo dall&#8217;Inter U23. \u00a0<\/p>\n<p>&#8220;,&#8221;postId&#8221;:&#8221;70c169f8-b933-4581-943c-d68e023d40e2&#8243;,&#8221;postLink&#8221;:{&#8220;title&#8221;:&#8221;&#8221;,&#8221;url&#8221;:&#8221;&#8221;,&#8221;imageSrc&#8221;:&#8221;&#8221;}},{&#8220;timestamp&#8221;:&#8221;2026-08-05T11:00:00.459Z&#8221;,&#8221;timestampUtcIt&#8221;:&#8221;2026-08-05T13:00:00+0200&#8243;,&#8221;altBackground&#8221;:false,&#8221;title&#8221;:&#8221;Il Genoa ci prova per Piccoli: c&#8217;\u00e8 anche la Lazio, ma il suo futuro \u00e8 legato a Kean&#8221;,&#8221;content&#8221;:&#8221;<\/p>\n<p>Il <strong>Genoa <\/strong>ci prova per riportare in rossobl\u00f9 <strong>Piccoli<\/strong>. L&#8217;attaccante \u00e8 anche nel mirino della <strong>Lazio <\/strong>ma il suo futuro \u00e8 legato anche a quello di <strong>Kean <\/strong>(sul quale c&#8217;\u00e8 l&#8217;interesse del Como). La Fiorentina vorrebbe trattenere il classe 2000 e, se cos\u00ec dovesse accadere, si aprirebbe la possibilit\u00e0 di far partire Piccoli in prestito ai rossobl\u00f9<\/p>\n<p>&#8220;,&#8221;postId&#8221;:&#8221;d3cea6a0-d5dc-4036-a836-8e998e3a9f41&#8243;,&#8221;postLink&#8221;:{&#8220;title&#8221;:&#8221;Il Genoa ci prova per Piccoli: c&#8217;\u00e8 anche la Lazio&#8221;,&#8221;url&#8221;:&#8221;https:\/\/sport.sky.it\/calciomercato\/2026\/08\/04\/genoa-piccoli-fiorentina-calciomercato-news&#8221;,&#8221;imageSrc&#8221;:&#8221;https:\/\/sport.sky.it\/assets\/images\/d2fbd9dfd9001f7f5722af6742bb5b66f0660f36\/skysport\/it\/calcio\/serie-a\/2026\/01\/17\/bologna-fiorentina-probabili-formazioni-21-giornata\/piccoli_fiorentina_copertina_getty.jpg?im=Resize,width=1218&#8243;}},{&#8220;timestamp&#8221;:&#8221;2026-08-05T10:40:00.859Z&#8221;,&#8221;timestampUtcIt&#8221;:&#8221;2026-08-05T12:40:00+0200&#8243;,&#8221;altBackground&#8221;:false,&#8221;title&#8221;:&#8221;Sassuolo, lavori in corso sulla fascia: i nomi&#8221;,&#8221;content&#8221;:&#8221;<\/p>\n<p>Dopo gli arrivi in attacco di Bowie e Adzic a centrocampo, <strong>il Sassuolo pensa a rinforzare la difesa,<\/strong> in particolare le fasce. Per la sinistra, si valuta <strong>Obrador del Benfica<\/strong> &#8211; rientrato dal prestito al Torino. In alternativa, c&#8217;\u00e8 il nome di <strong>Emanuele Valeri del Parma<\/strong>. Possibile un&#8217;operazione anche sulla destra, dove si pensa ad un rinforzo di esperienza: tra i candidati c&#8217;\u00e8 <strong>Matteo Darmian<\/strong>, al momento svincolato.\u00a0<\/p>\n<p>&#8220;,&#8221;postId&#8221;:&#8221;79f0ab6d-0561-47d0-8e18-5c49b444d19d&#8221;,&#8221;postLink&#8221;:{&#8220;title&#8221;:&#8221;&#8221;,&#8221;url&#8221;:&#8221;&#8221;,&#8221;imageSrc&#8221;:&#8221;&#8221;}},{&#8220;timestamp&#8221;:&#8221;2026-08-05T10:30:00.051Z&#8221;,&#8221;timestampUtcIt&#8221;:&#8221;2026-08-05T12:30:00+0200&#8243;,&#8221;altBackground&#8221;:false,&#8221;title&#8221;:&#8221;Non paragonatelo a nessuno: lui \u00e8 solo Franco Mastantuono&#8221;,&#8221;content&#8221;:&#8221;<\/p>\n<p>Da tempo in Argentina si parla del suo talento. \\&#8221;Il nuovo Maradona\\&#8221;, \\&#8221;Il nuovo Messi\\&#8221;&#8230; No, nessun paragone: <strong>Franco Mastantuono \u00e8 uguale solamente a s\u00e9 stesso<\/strong> ed \u00e8 diverso da tutti gli altri. Alla scoperta del <strong>nuovo colpo della Fiorentina<\/strong>:<\/p>\n<p>&#8220;,&#8221;postId&#8221;:&#8221;a9234c00-8387-4b64-bbf0-2d5a4be473b2&#8243;,&#8221;postLink&#8221;:{&#8220;title&#8221;:&#8221;Come Mastantuono c&#8217;\u00e8 solo Mastantuono&#8221;,&#8221;url&#8221;:&#8221;https:\/\/sport.sky.it\/calciomercato\/2025\/05\/01\/franco-mastanutono-chi-e-river&#8221;,&#8221;imageSrc&#8221;:&#8221;https:\/\/sport.sky.it\/assets\/images\/17317e779a246b33619760c99b9762e8fa4d08ef\/skysport\/it\/calcio\/calciomercato\/2025\/05\/01\/franco-mastanutono-chi-e-river\/mastantuono_orizzontale.jpg?im=Resize,width=1218&#8243;}},{&#8220;timestamp&#8221;:&#8221;2026-08-05T10:20:00.220Z&#8221;,&#8221;timestampUtcIt&#8221;:&#8221;2026-08-05T12:20:00+0200&#8243;,&#8221;altBackground&#8221;:false,&#8221;title&#8221;:&#8221;Trabzonspor, bagno di folla per Salah&#8221;,&#8221;content&#8221;:&#8221;<\/p>\n<p>Comincia un nuovo capitolo nella carriera di <strong>Mohamed Salah<\/strong>. L&#8217;attaccante egiziano \u00e8 arrivato in Turchia, pronto ad iniziare la sua <strong>nuova avventura con la maglia del Trabzonspor<\/strong>, club con cui ha scelto di proseguire dopo i nove anni al Liverpool.\u00a0<\/p>\n<p>&#8220;,&#8221;social&#8221;:{&#8220;socialType&#8221;:&#8221;twitter&#8221;,&#8221;src&#8221;:&#8221;https:\/\/twitter.com\/Trabzonspor\/status\/2084935821417705477?ref_src=twsrc%5Etfw%7Ctwcamp%5Etweetembed%7Ctwterm%5E2084935821417705477%7Ctwgr%5Ea83dc2529a43e2c286623aadb159292c1c52715f%7Ctwcon%5Es1_c10&amp;ref_url=https%3A%2F%2Fpublish.x.com%2F%3Furl%3Dhttps%3A%2F%2Fx.com%2FTrabzonspor%2Fstatus%2F2084935821417705477&#8243;,&#8221;cookieAllowed&#8221;:true},&#8221;postId&#8221;:&#8221;e75662fc-55ac-47b6-958f-f5a77a4d5098&#8243;,&#8221;postLink&#8221;:{&#8220;title&#8221;:&#8221;&#8221;,&#8221;url&#8221;:&#8221;&#8221;,&#8221;imageSrc&#8221;:&#8221;&#8221;}},{&#8220;timestamp&#8221;:&#8221;2026-08-05T10:00:00.803Z&#8221;,&#8221;timestampUtcIt&#8221;:&#8221;2026-08-05T12:00:00+0200&#8243;,&#8221;altBackground&#8221;:false,&#8221;title&#8221;:&#8221;Juventus, contatti continui per Zirkzee&#8221;,&#8221;content&#8221;:&#8221;<\/p>\n<p>Come raccontato, la Juventus potrebbe fare un ulteriore colpo in attacco dopo gli arrivi di Alajbegovic e Kolo Muani. Nelle ultime ore, <strong>i bianconeri hanno intensificato i contatti per Joshua Zirkzee<\/strong>, sia con il Manchester United &#8211; che ha aperto al prestito dell&#8217;olandese &#8211; che con il calciatore.\u00a0<\/p>\n<p>&#8220;,&#8221;postId&#8221;:&#8221;b0248337-9059-4716-b10e-9630906456bb&#8221;,&#8221;postLink&#8221;:{&#8220;title&#8221;:&#8221;&#8221;,&#8221;url&#8221;:&#8221;&#8221;,&#8221;imageSrc&#8221;:&#8221;&#8221;}},{&#8220;timestamp&#8221;:&#8221;2026-08-05T09:50:00.420Z&#8221;,&#8221;timestampUtcIt&#8221;:&#8221;2026-08-05T11:50:00+0200&#8243;,&#8221;altBackground&#8221;:false,&#8221;title&#8221;:&#8221; I giocatori che hanno cambiato squadra dopo i Mondiali 2026 e chi potrebbe farlo&#8221;,&#8221;content&#8221;:&#8221;<\/p>\n<p>Da <strong>Saibari <\/strong>ad <strong>Alajbegovic <\/strong>ma anche <strong>Manzambi <\/strong>e <strong>Oulai<\/strong>, sono tanti i nomi da registrare nell&#8217;estate dei trasferimenti. E c&#8217;\u00e8 chi potrebbe farlo nelle prossime settimane\u2026<\/p>\n<p>&#8220;,&#8221;postId&#8221;:&#8221;5b064c71-f78f-4a17-a25a-de39b2ceb18b&#8221;,&#8221;postLink&#8221;:{&#8220;title&#8221;:&#8221;Chi ha cambiato squadra grazie al Mondiale (e chi potrebbe ancora farlo)&#8221;,&#8221;url&#8221;:&#8221;https:\/\/sport.sky.it\/calciomercato\/giocatori-squadra-dopo-mondiali-2026&#8243;,&#8221;imageSrc&#8221;:&#8221;https:\/\/sport.sky.it\/assets\/images\/87640178e39b2b3d2c91c6720429b31f1643b71c\/skysport\/it\/calcio\/calciomercato\/giocatori-squadra-dopo-mondiali-2026\/cover_colpi_mondiali.jpg?im=Resize,width=1218&#8243;}},{&#8220;timestamp&#8221;:&#8221;2026-08-05T09:40:00.483Z&#8221;,&#8221;timestampUtcIt&#8221;:&#8221;2026-08-05T11:40:00+0200&#8243;,&#8221;altBackground&#8221;:false,&#8221;title&#8221;:&#8221;Palermo, ecco Strefezza: \\&#8221;Contento per la fiducia\\&#8221;&#8221;,&#8221;content&#8221;:&#8221;<\/p>\n<p><strong>Gabriel Strefezza torna in Italia: \u00e8 fatta per il suo trasferimento al Palermo<\/strong>. Il giocatore \u00e8 atterrato a Milano prima di dirigersi a Verona per svolgere le visite mediche nella giornata di mercoled\u00ec 5 agosto e poi raggiungere la squadra nel ritiro in Australia<\/p>\n<p>&#8220;,&#8221;postId&#8221;:&#8221;9d5b8fa8-d8fa-4133-a306-53c309cf4441&#8243;,&#8221;postLink&#8221;:{&#8220;title&#8221;:&#8221;Strefezza \u00e8 arrivato in Italia, tutto fatto al Palermo: le sue prime parole&#8221;,&#8221;url&#8221;:&#8221;https:\/\/sport.sky.it\/calciomercato\/2026\/08\/05\/palermo-strefezza-calciomercato-news&#8221;,&#8221;imageSrc&#8221;:&#8221;https:\/\/sport.sky.it\/assets\/images\/83fa02c46eaab8ead107310afd06cb768d02236d\/skysport\/it\/calcio\/calciomercato\/2026\/08\/05\/palermo-strefezza-calciomercato-news\/strefezza_palermo.jpg?im=Resize,width=1218&#8243;}},{&#8220;timestamp&#8221;:&#8221;2026-08-05T09:30:00.844Z&#8221;,&#8221;timestampUtcIt&#8221;:&#8221;2026-08-05T11:30:00+0200&#8243;,&#8221;altBackground&#8221;:false,&#8221;title&#8221;:&#8221; Le probabili formazioni delle big d&#8217;Europa: come cambiano con il calciomercato&#8221;,&#8221;content&#8221;:&#8221;<\/p>\n<p>Il <strong>Real di Mourinho<\/strong> ha rinnovato la difesa e piazzato il colpo Bernardo Silva, mentre il <strong>Chelsea <\/strong>\u00e8 protagonista dell&#8217;ennesima campagna acquisti faraonica. Il <strong>Psg<\/strong>, invece, finora si \u00e8 mosso soprattutto in uscita: l&#8217;unico volto nuovo \u00e8 il giovane portiere italiano Longoni. Di seguito le formazioni tipo delle principali big europee:<\/p>\n<p>&#8220;,&#8221;postId&#8221;:&#8221;d3c049a7-4998-4a96-a3ce-26ea27b4e0de&#8221;,&#8221;postLink&#8221;:{&#8220;title&#8221;:&#8221;Come cambiano le probabili formazioni delle big d&#8217;Europa con il calciomercato&#8221;,&#8221;url&#8221;:&#8221;https:\/\/sport.sky.it\/calciomercato\/probabili-formazioni-squadre-europa-calciomercato-2026&#8243;,&#8221;imageSrc&#8221;:&#8221;https:\/\/sport.sky.it\/assets\/images\/efe993dad012abef4607cf8d5e25891fb134da1c\/skysport\/it\/calcio\/calciomercato\/probabili-formazioni-squadre-europa-calciomercato-2026\/combo_squadre_europa.jpg?im=Resize,width=1218&#8243;}},{&#8220;timestamp&#8221;:&#8221;2026-08-05T09:14:55.804Z&#8221;,&#8221;timestampUtcIt&#8221;:&#8221;2026-08-05T11:14:55+0200&#8243;,&#8221;altBackground&#8221;:false,&#8221;title&#8221;:&#8221;Napoli, slitta di due giorni il rientro di Lukaku&#8221;,&#8221;content&#8221;:&#8221;<\/p>\n<p>Il belga ha avuto<strong> 2 giorni in pi\u00f9 concordati con la societ\u00e0 e con il ds Manna<\/strong> per risolvere alcune <strong>questioni personali<\/strong>. \\&#8221;Di comune accordo con il club, Romelu Lukaku godr\u00e0 di alcuni giorni di permesso prima di aggregarsi alla squadra\\&#8221;, si legge nella nota del Napoli<\/p>\n<p>&#8220;,&#8221;postId&#8221;:&#8221;349929d0-653e-4f8e-a764-9eafa100abed&#8221;,&#8221;postLink&#8221;:{&#8220;title&#8221;:&#8221;&#8221;,&#8221;url&#8221;:&#8221;&#8221;,&#8221;imageSrc&#8221;:&#8221;&#8221;}},{&#8220;timestamp&#8221;:&#8221;2026-08-05T09:10:00.340Z&#8221;,&#8221;timestampUtcIt&#8221;:&#8221;2026-08-05T11:10:00+0200&#8243;,&#8221;altBackground&#8221;:false,&#8221;title&#8221;:&#8221;Genoa, trattativa avanzata per Sow del Siviglia&#8221;,&#8221;content&#8221;:&#8221;<\/p>\n<p>Il <strong>Genoa <\/strong>\u00e8 in trattativa avanzata per Djibril <strong>Sow, <\/strong>centrocampista del <strong>Siviglia <\/strong>classe &#8217;97. Nell\u2019ultima stagione in Liga 35 presenze e 5 reti.<\/p>\n<p>&#8220;,&#8221;postId&#8221;:&#8221;98157765-0336-4d96-b2f6-e046b336f0a1&#8243;,&#8221;postLink&#8221;:{&#8220;title&#8221;:&#8221;&#8221;,&#8221;url&#8221;:&#8221;&#8221;,&#8221;imageSrc&#8221;:&#8221;&#8221;}},{&#8220;timestamp&#8221;:&#8221;2026-08-05T09:00:00.628Z&#8221;,&#8221;timestampUtcIt&#8221;:&#8221;2026-08-05T11:00:00+0200&#8243;,&#8221;altBackground&#8221;:false,&#8221;title&#8221;:&#8221;Torino, no alla cessione di Cacciamani&#8221;,&#8221;content&#8221;:&#8221;<\/p>\n<p>Il contatto tra Torino e Roma per Cacciamanti si \u00e8 cocluso, per ora, con un nulla di fatto. La proposta giallorossa \u00e8 troppo bassa, i granata sono intenzionati a cedere l&#8217;esterno solo per una cifra fuori mercato<\/p>\n<p>&#8220;,&#8221;postId&#8221;:&#8221;c1117a99-e3fc-413e-890a-ef5283341a59&#8243;,&#8221;postLink&#8221;:{&#8220;title&#8221;:&#8221;&#8221;,&#8221;url&#8221;:&#8221;&#8221;,&#8221;imageSrc&#8221;:&#8221;&#8221;}},{&#8220;timestamp&#8221;:&#8221;2026-08-05T08:52:58.610Z&#8221;,&#8221;timestampUtcIt&#8221;:&#8221;2026-08-05T10:52:58+0200&#8243;,&#8221;altBackground&#8221;:false,&#8221;title&#8221;:&#8221;Fiorentina-Mastantuono, accordo in definizione con il Real Madrid&#8221;,&#8221;content&#8221;:&#8221;<\/p>\n<p>Le parti stanno definendo l&#8217;accordo per il trasferimento dell&#8217;argentino, dopo che \u00e8 stata<strong> raggiunta l&#8217;intesa sull&#8217;ingaggio<\/strong>. Il giocatore ha deciso di ripartire dai viola e approder\u00e0 presto in Serie A<\/p>\n<p>&#8220;,&#8221;postId&#8221;:&#8221;db9504d6-7d59-4d7e-a774-5b861c825ad2&#8243;,&#8221;postLink&#8221;:{&#8220;title&#8221;:&#8221;Fiorentina-Mastantuono, ci siamo: accordo in definizione&#8221;,&#8221;url&#8221;:&#8221;https:\/\/sport.sky.it\/calciomercato\/2026\/08\/05\/fiorentina-mastantuono-calciomercato-news&#8221;,&#8221;imageSrc&#8221;:&#8221;https:\/\/sport.sky.it\/assets\/images\/c52f190550eaf26b83d0aa1f2f29b70388558d9e\/skysport\/it\/calcio\/calciomercato\/2026\/08\/04\/fiorentina-mastantuono-calciomercato-news\/mastantuono_real_madrid_ipa.jpg?im=Resize,width=1218&#8243;}},{&#8220;timestamp&#8221;:&#8221;2026-08-05T08:50:00.475Z&#8221;,&#8221;timestampUtcIt&#8221;:&#8221;2026-08-05T10:50:00+0200&#8243;,&#8221;altBackground&#8221;:false,&#8221;title&#8221;:&#8221;Lecce, in chiusura il passaggio di Fr\u00fcchtl al Salisburgo&#8221;,&#8221;content&#8221;:&#8221;<\/p>\n<p>Il Lecce \u00e8 in chiusura per il trasferimento di <strong>Christian Fr\u00fcchtl<\/strong> al <strong>Salisburgo<\/strong>. Secondo portiere, classe 2000, nelle due stagioni in Puglia ha collezionato due presenze e ha il contratto in scadenza al 30 giugno 2027. La societ\u00e0 giallorossa, ora, conta di definire il passaggio di <strong>Fr\u00fcchtl <\/strong>in Austria nella giornata di oggi, mercoled\u00ec 5 agosto 2026<\/p>\n<p>&#8220;,&#8221;postId&#8221;:&#8221;7a92ceb7-10cd-416e-bf7d-acc382028d41&#8243;,&#8221;postLink&#8221;:{&#8220;title&#8221;:&#8221;&#8221;,&#8221;url&#8221;:&#8221;&#8221;,&#8221;imageSrc&#8221;:&#8221;&#8221;}},{&#8220;timestamp&#8221;:&#8221;2026-08-05T08:37:39.642Z&#8221;,&#8221;timestampUtcIt&#8221;:&#8221;2026-08-05T10:37:39+0200&#8243;,&#8221;altBackground&#8221;:false,&#8221;title&#8221;:&#8221;Juve, contatti continui con l&#8217;agente di Zirkzee&#8221;,&#8221;content&#8221;:&#8221;<\/p>\n<p>I bianconeri sono al lavoro con l&#8217;entourage dell&#8217;attaccante olandese, con il <strong>Manchester United<\/strong> che ha<strong> aperto al prestito<\/strong>. La <strong>Juve <\/strong>vuole affondare il colpo, ma resta sullo sfondo anche l&#8217;opzione Pellegrino del <strong>Parma<\/strong><\/p>\n<p>\\n&#8221;,&#8221;postId&#8221;:&#8221;e1a24510-1b33-4134-8950-4b9e0cb6b4bc&#8221;,&#8221;postLink&#8221;:{&#8220;title&#8221;:&#8221;&#8221;,&#8221;url&#8221;:&#8221;&#8221;,&#8221;imageSrc&#8221;:&#8221;&#8221;}},{&#8220;timestamp&#8221;:&#8221;2026-08-05T08:30:00.132Z&#8221;,&#8221;timestampUtcIt&#8221;:&#8221;2026-08-05T10:30:00+0200&#8243;,&#8221;altBackground&#8221;:false,&#8221;title&#8221;:&#8221;Salah sar\u00e0 un nuovo giocatore del Trabzonspor&#8221;,&#8221;content&#8221;:&#8221;<\/p>\n<p><strong>Mohamed Sala<\/strong>h ripartir\u00e0 dal <strong>Trabzonspor<\/strong>. L&#8217;egiziano, svincolato dopo 9 stagioni al Liverpool, sar\u00e0 in Turchia nella giornata di mercoled\u00ec 5 agosto per firmare il suo contratto con il club di Superlig<\/p>\n<p>&#8220;,&#8221;postId&#8221;:&#8221;a0bafdb3-439b-475a-aa29-6a3b831d8ebe&#8221;,&#8221;postLink&#8221;:{&#8220;title&#8221;:&#8221;&#8221;,&#8221;url&#8221;:&#8221;&#8221;,&#8221;imageSrc&#8221;:&#8221;&#8221;}},{&#8220;timestamp&#8221;:&#8221;2026-08-05T08:14:16.833Z&#8221;,&#8221;timestampUtcIt&#8221;:&#8221;2026-08-05T10:14:16+0200&#8243;,&#8221;image&#8221;:{&#8220;imgSrc&#8221;:&#8221;https:\/\/www.europesays.com\/it\/wp-content\/uploads\/2026\/08\/gutierrez_bayer_leverkusen.jpg&#8221;,&#8221;imgAlt&#8221;:&#8221;gutierrez bayer&#8221;,&#8221;imgCredits&#8221;:null,&#8221;imgCaption&#8221;:&#8221;Foto Bayer Leverkusen&#8221;},&#8221;altBackground&#8221;:true,&#8221;title&#8221;:&#8221;Napoli, Gutierrez \u00e8 un nuovo giocatore del Bayer Leverkusen&#8221;,&#8221;content&#8221;:&#8221;<\/p>\n<p>Operazione a titolo definitivo con il difensore che lascia cos\u00ec la Serie A firmando un contratto fino al <strong>30 giugno 2031 <\/strong>con il club tedesco. Operazione da <strong>30 milioni di euro<\/strong><\/p>\n<p>&#8220;,&#8221;postId&#8221;:&#8221;d043178a-6ab2-4c0e-bf59-64aae66bbc98&#8243;,&#8221;postLink&#8221;:{&#8220;title&#8221;:&#8221;&#8221;,&#8221;url&#8221;:&#8221;&#8221;,&#8221;imageSrc&#8221;:&#8221;&#8221;}},{&#8220;timestamp&#8221;:&#8221;2026-08-05T08:10:00.603Z&#8221;,&#8221;timestampUtcIt&#8221;:&#8221;2026-08-05T10:10:00+0200&#8243;,&#8221;altBackground&#8221;:false,&#8221;title&#8221;:&#8221;Ferran Torres, c&#8217;\u00e8 il Psg: \\&#8221;Il Barcellona deve dimostrare di volermi\\&#8221;&#8221;,&#8221;content&#8221;:&#8221;<\/p>\n<p>L&#8217;attaccante spagnolo ha <strong>ancora un anno di contratto <\/strong>con il club catalano ma persiste l&#8217;interesse dei parigini: \\&#8221;<strong>Quando queste squadre ti vogliono, \u00e8 sempre una buona cosa<\/strong>. Nel calcio non si sa mai cosa pu\u00f2 succedere\\&#8221;<\/p>\n<p>&#8220;,&#8221;postId&#8221;:&#8221;10ce73d9-a557-4a95-bce5-fbae9d6f55d9&#8243;,&#8221;postLink&#8221;:{&#8220;title&#8221;:&#8221;Ferran Torres, c&#8217;\u00e8 il Psg: &#8216;Il Barcellona deve dimostrare di volermi'&#8221;,&#8221;url&#8221;:&#8221;https:\/\/sport.sky.it\/calciomercato\/2026\/08\/04\/ferran-torres-psg-barcellona-calciomercato-intervista&#8221;,&#8221;imageSrc&#8221;:&#8221;https:\/\/sport.sky.it\/assets\/images\/fa93445ac0b74e5e84226afbdf4de145a36191e0\/skysport\/it\/calcio\/mondiali\/2026\/07\/20\/ferran-torres-gol-spagna-argentina-finale-mondiali-chi-e\/07_ansa_torres_barcellona.jpg?im=Resize,width=1218&#8243;}},{&#8220;timestamp&#8221;:&#8221;2026-08-05T07:50:49.776Z&#8221;,&#8221;timestampUtcIt&#8221;:&#8221;2026-08-05T09:50:49+0200&#8243;,&#8221;altBackground&#8221;:false,&#8221;title&#8221;:&#8221;Roma, ai dettagli l&#8217;arrivo di Molina&#8221;,&#8221;content&#8221;:&#8221;<\/p>\n<p>I giallorossi stanno sistemando gli ultimi dettagli per poi organizzare per l&#8217;arrivo di Nahuel Molina tra visite e firma. Operazione da <strong>13 milioni di euro pi\u00f9 4 di bonus <\/strong>con l&#8217;Atletico Madrid.\u00a0<\/p>\n<p>&#8220;,&#8221;postId&#8221;:&#8221;1deaedfb-f216-48fc-ad67-1a2ab690cc29&#8243;,&#8221;postLink&#8221;:{&#8220;title&#8221;:&#8221;&#8221;,&#8221;url&#8221;:&#8221;&#8221;,&#8221;imageSrc&#8221;:&#8221;&#8221;}},{&#8220;timestamp&#8221;:&#8221;2026-08-05T07:45:49.807Z&#8221;,&#8221;timestampUtcIt&#8221;:&#8221;2026-08-05T09:45:49+0200&#8243;,&#8221;altBackground&#8221;:false,&#8221;title&#8221;:&#8221;Atalanta, Djimsiti ha chiesto la cessione&#8221;,&#8221;content&#8221;:&#8221;<\/p>\n<p><strong>Berat Djimsiti vuole l&#8217;Arabia Saudita<\/strong>: chiesta la cessione all&#8217;Atalanta dopo un&#8217;offerta dell&#8217;<strong>Al-Diriyah<\/strong><\/p>\n<p>&#8220;,&#8221;postId&#8221;:&#8221;5a546c92-df85-44cb-b6e4-098cbbde2241&#8243;,&#8221;postLink&#8221;:{&#8220;title&#8221;:&#8221;&#8221;,&#8221;url&#8221;:&#8221;&#8221;,&#8221;imageSrc&#8221;:&#8221;&#8221;}},{&#8220;timestamp&#8221;:&#8221;2026-08-05T07:40:00.323Z&#8221;,&#8221;timestampUtcIt&#8221;:&#8221;2026-08-05T09:40:00+0200&#8243;,&#8221;altBackground&#8221;:false,&#8221;title&#8221;:&#8221;Debenedetti \u00e8 un nuovo giocatore del Cesena&#8221;,&#8221;content&#8221;:&#8221;<\/p>\n<p>Operazione a <strong>titolo temporaneo<\/strong>\u00a0fino al 30 giugno 2027. Dopo l&#8217;esperienza all&#8217;Entella, l&#8217;attaccante continua la sua carriera in Serie B con la maglia del Cesena<\/p>\n<p>&#8220;,&#8221;postId&#8221;:&#8221;00f48d49-f6e3-4e5f-80f0-ddd7b9d46a0f&#8221;,&#8221;postLink&#8221;:{&#8220;title&#8221;:&#8221;Debenedetti \u00e8 un nuovo giocatore del Cesena&#8221;,&#8221;url&#8221;:&#8221;https:\/\/sport.sky.it\/calciomercato\/calciomercato-serie-b-estate-2026-acquisti-ufficiali&#8221;,&#8221;imageSrc&#8221;:&#8221;https:\/\/sport.sky.it\/assets\/images\/de95eb93065b0ca1f82bcac0a6ea87bfabb531c3\/skysport\/it\/calcio\/calciomercato\/calciomercato-serie-b-estate-2026-acquisti-ufficiali\/debenedetti_cesena.jpg?im=Resize,width=1218&#8243;}},{&#8220;timestamp&#8221;:&#8221;2026-08-05T07:32:00.244Z&#8221;,&#8221;timestampUtcIt&#8221;:&#8221;2026-08-05T09:32:00+0200&#8243;,&#8221;video&#8221;:{&#8220;videoId&#8221;:&#8221;1116030&#8243;,&#8221;videoPageUrl&#8221;:&#8221;https:\/\/video.sky.it\/sport\/calciomercato\/estero\/video\/filip-kostic-psv-arrivo-video-1116030&#8243;},&#8221;altBackground&#8221;:true,&#8221;title&#8221;:&#8221; Kostic in chiusura con il Psv&#8221;,&#8221;content&#8221;:&#8221;<\/p>\n<p><strong>Filip Kostic<\/strong> ripartir\u00e0 dall&#8217;Olanda: \u00e8 <strong>in chiusura con il Psv<\/strong>. Il giocatore \u00e8 arrivato ad Amsterdam. Di seguito l&#8217;elenco dei migliori giocatori attualmente disponibili a parametro zero:<\/p>\n<p>&#8220;,&#8221;postId&#8221;:&#8221;d6b0861a-4499-4801-a491-9916c7804e60&#8243;,&#8221;postLink&#8221;:{&#8220;title&#8221;:&#8221;L&#8217;ex Juventus Filip Kostic si prepara a ripartire dall&#8217;Olanda: le ultime novit\u00e0&#8221;,&#8221;url&#8221;:&#8221;https:\/\/sport.sky.it\/calciomercato\/giocatori-svincolati-calciomercato&#8221;,&#8221;imageSrc&#8221;:&#8221;https:\/\/sport.sky.it\/assets\/images\/13c1c6d916fd8f1bbafc143ac11422b9fc637f18\/skysport\/it\/calcio\/calciomercato\/giocatori-svincolati-calciomercato\/filip_kostic_ansa.jpg?im=Resize,width=1218&#8243;}},{&#8220;timestamp&#8221;:&#8221;2026-08-05T07:26:32.750Z&#8221;,&#8221;timestampUtcIt&#8221;:&#8221;2026-08-05T09:26:32+0200&#8243;,&#8221;video&#8221;:{&#8220;videoId&#8221;:&#8221;1116016&#8243;,&#8221;videoPageUrl&#8221;:&#8221;https:\/\/video.sky.it\/sport\/calciomercato\/serie-a\/video\/couto-como-borussia-dortmund-calciomercato-news-1116016&#8243;},&#8221;altBackground&#8221;:true,&#8221;title&#8221;:&#8221;Couto \u00e8 arrivato a Milano: oggi visite e firma con il Como&#8221;,&#8221;content&#8221;:&#8221;<\/p>\n<p>L&#8217;esterno brasiliano \u00e8 arrivato a Milano per sostenere le visite mediche e firmare con il Como: nel VIDEO le sue prima parole nell&#8217;intervista rilasciata al nostro inviato Marco Bovicelli<\/p>\n<p>&#8220;,&#8221;postId&#8221;:&#8221;d12ab622-770b-4131-8eba-e648759b4e53&#8243;,&#8221;postLink&#8221;:{&#8220;title&#8221;:&#8221;&#8221;,&#8221;url&#8221;:&#8221;&#8221;,&#8221;imageSrc&#8221;:&#8221;&#8221;}},{&#8220;timestamp&#8221;:&#8221;2026-08-05T07:20:00.212Z&#8221;,&#8221;timestampUtcIt&#8221;:&#8221;2026-08-05T09:20:00+0200&#8243;,&#8221;altBackground&#8221;:false,&#8221;title&#8221;:&#8221;Maldini-Cagliari, operazione in prestito con diritto di riscatto&#8221;,&#8221;content&#8221;:&#8221;<\/p>\n<p><strong>Daniel Maldini \u00e8 sempre pi\u00f9 vicino al Cagliari.<\/strong> Il club rossobl\u00f9 ha raggiunto un&#8217;intesa con l&#8217;Atalanta per un<strong> prestito oneroso<\/strong> da un milione di euro, <strong>con diritto di riscatto<\/strong> fissato a 8 milioni e obbligo legato al raggiungimento di determinati obiettivi personali. I rossobl\u00f9 sono sempre pi\u00f9 vicini anche a <strong>Kevin Carlos del Nizza<\/strong><\/p>\n<p>&#8220;,&#8221;postId&#8221;:&#8221;19afe5dc-310d-4569-9210-8d42c0ebdf21&#8243;,&#8221;postLink&#8221;:{&#8220;title&#8221;:&#8221;Calciomercato Cagliari, in arrivo Maldini dall&#8217;Atalanta&#8221;,&#8221;url&#8221;:&#8221;https:\/\/sport.sky.it\/calciomercato\/2026\/08\/04\/cagliari-maldini-calciomercato-news&#8221;,&#8221;imageSrc&#8221;:&#8221;https:\/\/sport.sky.it\/assets\/images\/868e3b3a5232b4b515a5d4fad5be1c0c9b6bdc98\/skysport\/it\/calcio\/calciomercato\/2026\/08\/04\/cagliari-maldini-calciomercato-news\/daniel_maldini.jpg?im=Resize,width=1218&#8243;}},{&#8220;timestamp&#8221;:&#8221;2026-08-05T07:10:00.675Z&#8221;,&#8221;timestampUtcIt&#8221;:&#8221;2026-08-05T09:10:00+0200&#8243;,&#8221;altBackground&#8221;:false,&#8221;title&#8221;:&#8221;Inter, Nico Gonzalez oltre a Diaby&#8221;,&#8221;content&#8221;:&#8221;<\/p>\n<p>L&#8217;Inter continua a cercare un nuovo esterno destro e, oltre a <strong>Diaby<\/strong>, nella lista rispunta anche<strong> Nico Gonzalez <\/strong>della Juventus. Il club nerazzurro sta valutando il suo profilo e ha avuto dei primi contatti con l&#8217;entourage del giocatore. Sulle tracce del francese dell&#8217;Al Ittihad c&#8217;\u00e8 anche il Bayer Leverkusen<\/p>\n<p>&#8220;,&#8221;postId&#8221;:&#8221;29572ede-a266-49b9-ab12-1401cbee366b&#8221;,&#8221;postLink&#8221;:{&#8220;title&#8221;:&#8221;Inter, per l&#8217;esterno torna di moda Nico Gonzalez: come stanno le cose&#8221;,&#8221;url&#8221;:&#8221;https:\/\/sport.sky.it\/calciomercato\/2026\/08\/03\/inter-nico-gonzalez-diaby-calciomercato-news&#8221;,&#8221;imageSrc&#8221;:&#8221;https:\/\/sport.sky.it\/assets\/images\/df06ec56489b559558eee4287d959e5e9ebfb0f5\/skysport\/it\/calcio\/calciomercato\/2026\/08\/03\/inter-nico-gonzalez-diaby-calciomercato-news\/lautaro_nico_gonzalez_getty.jpg?im=Resize,width=1218&#8243;}}]}&#8221; query='{&#8220;configurationName&#8221;:&#8221;LIVEBLOG_CONTAINER_WIDGET&#8221;,&#8221;liveblogId&#8221;:&#8221;85e8ab07-f8bf-49e1-bd29-17d249564bed&#8221;,&#8221;tenant&#8221;:&#8221;sport&#8221;,&#8221;limit&#8221;:800}&#8217; config='{&#8220;live&#8221;:true,&#8221;isWebView&#8221;:false,&#8221;postsPerPageMobile&#8221;:10,&#8221;postsPerPageDesktop&#8221;:10}&#8217;&gt;<br \/>\n          Calciomercato, le news di oggiLeggi di pi\u00f9 <\/p>\n<p>meno di un minuto fa<\/p>\n<p>Monza, fatta per Jay Robinson<\/p>\n<p>A sorpresa, il Monza ha chiuso nelle ultime ore un&#8217;operazione nel reparto offensivo: <strong>dal Southampton arriva in prestito l&#8217;ala Jay Robinson<\/strong>, 19enne di nazionalit\u00e0 inglese. Il calciatore arriver\u00e0 in Italia nelle prossime ore.\u00a0<\/p>\n<p>24 minuti fa<\/p>\n<p>Como, le prime parole di Chalobah: &#8220;Pronto per cominciare&#8221; <\/p>\n<p><strong>Il difensore inglese Trevoh Chalobah<\/strong> \u00e8 arrivato in Italia: nel pomeriggio svolger\u00e0 le visite mediche per poi firmare ed iniziare la sua avventura con la squadra di Fabregas.\u00a0<\/p>\n<p>30 minuti fa<\/p>\n<p>Chi ha &#8220;mosso&#8221; pi\u00f9 soldi con i suoi trasferimenti? <\/p>\n<p><strong>Alvaro Morata<\/strong>, riscattato dal Como per 12 milioni, \u00e8 il calciatore che, nel corso dei suoi trasferimenti, ha movimentato complessivamente pi\u00f9 soldi (oltre 220 milioni di euro) tra i vari club in cui si \u00e8 trasferito dal 2014 ad oggi. Nella nostra gallery la top 20 completa.\u00a0<\/p>\n<p><a href=\"https:\/\/sport.sky.it\/calciomercato\/calciomercato-giocatori-trasferimenti-totali\" title=\"I giocatori che hanno &#039;mosso&#039; pi\u00f9 soldi coi loro trasferimenti. CLASSIFICA\" class=\"lvbg-post-link\" data-intcmp=\"skysport_liveblog_liveblog-preview_null\" data-analytics-element=\"liveblog-preview\" rel=\"nofollow noopener\" target=\"_blank\"><img alt=\"I giocatori che hanno 'mosso' pi\u00f9 soldi coi loro trasferimenti. CLASSIFICA\" style=\"opacity:0;transition:opacity 0.3s\" class=\"lvbg-post-link__image\"\/>I giocatori che hanno &#8216;mosso&#8217; pi\u00f9 soldi coi loro trasferimenti. CLASSIFICAVai al contenuto <\/a><\/p>\n<p>45 minuti fa<\/p>\n<p>Arsenal, in chiusura Bruno Guimaraes<\/p>\n<p>Come riporta BBC Football,<strong> l&#8217;Arsenal \u00e8 vicino alla chiusura per Bruno Guimaraes del Newcastle<\/strong>. Si stanno ultimando gli ultimi dettagli tra i due club, col brasiliano che attende il via libera per lasciare il ritiro in Spagna dei Magpies. Operazione che dovrebbe essere superiore ai 90 milioni di euro.\u00a0<\/p>\n<p>14:45<\/p>\n<p>Genoa, per l&#8217;attacco ipotesi Jebbison<\/p>\n<p>Il Genoa ha intenzione di piazzare un colpo in attacco. La pista che porta a <strong>Roberto Piccoli della Fiorentina \u00e8 al momento in stand-by<\/strong>, <strong>motivo per cui i rossobl\u00f9 si stanno orientando su Daniel Jebbison,<\/strong> punta centrale dal doppio passaporto canadese e inglese, di propriet\u00e0 del <strong>Bournemouth<\/strong>. L&#8217;attaccante \u00e8 andato in gol nell&#8217;amichevole di ieri proprio contro il club allenato da De Rossi. \u00a0<\/p>\n<p>14:30<\/p>\n<p>La Roma in chiusura per Molina: il punto<\/p>\n<p>Dopo il muro del Feyenoord per Read, <strong>la Roma ha virato con decisione su Molina dell&#8217;Atletico Madrid<\/strong>. Con gli spagnoli \u00e8 stata raggiunta un&#8217;intesa per 13 milioni pi\u00f9 4 di bonus.\u00a0<\/p>\n<p>14:15<\/p>\n<p>Atalanta, Djimsiti verso l&#8217;Arabia: i nomi per sostituirlo<\/p>\n<p>Dopo oltre 300 presenze potrebbero essere arrivati i titoli di coda nel rapporto tra l&#8217;Atalanta e il difensore <strong>Berat Djimsiti, molto vicino agli arabi dell&#8217;Al-Diriyah<\/strong>. Per sostituirlo, la squadra di Sarri pensa a Kristensen dell&#8217;Udinese: sullo sfondo anche Todibo del West Ham.\u00a0<\/p>\n<p>14:00<\/p>\n<p>Il futuro di Suzuki tra PSG e&#8230; Juventus<\/p>\n<p><strong>Il PSG continua a lavorare per il portiere Zion Suzuki<\/strong> per raggiungere l&#8217;intesa finale con il Parma. In caso di chiusura dell&#8217;operazione, non \u00e8 da escludere <strong>che il portiere possa poi essere girato in prestito alla Juventus<\/strong>: un&#8217;ipotesi che il club bianconero prende in considerazione ma che \u00e8 legata al futuro del portiere francese Lucas Chevalier, ancora di propriet\u00e0 dei parigini.\u00a0<\/p>\n<p>13:45<\/p>\n<p>Inghilterra, squadra di 5^ serie rifiuta un&#8217;offerta da 1 milione per un attaccante<\/p>\n<p>Il Boreham Wood, club di quinta serie inglese, ha rifiutato due offerte degli svedesi del Djurgarden per Abdul Abdulmalik: la prima da 750 mila sterline e la seconda da un milione. L&#8217;esterno offensivo classe 2003 nella scorsa stagione ha messo a segno 17 gol e fornito 10 assist in National League. Finora nessun calciatore di una squadra della &#8220;non-league&#8221; \u00e8 stato pagato pi\u00f9 di 500 mila sterline<\/p>\n<p><a href=\"https:\/\/sport.sky.it\/calciomercato\/2026\/08\/04\/squadra-quinta-serie-inglese-rifiuta-milione\" title=\"Squadra di 5^ serie inglese rifiuta 1 milione per un suo giocatore\" class=\"lvbg-post-link\" data-intcmp=\"skysport_liveblog_liveblog-preview_null\" data-analytics-element=\"liveblog-preview\" rel=\"nofollow noopener\" target=\"_blank\"><img alt=\"Squadra di 5^ serie inglese rifiuta 1 milione per un suo giocatore\" style=\"opacity:0;transition:opacity 0.3s\" class=\"lvbg-post-link__image\"\/>Squadra di 5^ serie inglese rifiuta 1 milione per un suo giocatoreVai al contenuto <\/a><\/p>\n<p>13:30<\/p>\n<p>Milan, da decifrare il futuro di Leao<\/p>\n<p>Su Rafa <strong>Leao <\/strong>continua l\u2019interesse del <strong>Galatasaray <\/strong>che fa sul serio per il portoghese, a differenza del <strong>Fenerbah\u00e7e <\/strong>in questo momento ha fatto un passo indietro. Il giocatore a Perth si sta allenando con la squadra e non \u00e8 da escludere la sua permanenza in rossonero: la dirigenza, intanto, la lascia sul mercato.<\/p>\n<p>13:15<\/p>\n<p>Cosenza, in arrivo Quieto<\/p>\n<p>Tutto fatto per l&#8217;arrivo <strong>al Cosenza del trequartista Daniele Quieto<\/strong>. Il ventenne italo-venezuelano sar\u00e0 un nuovo giocatore rossobl\u00f9: si trasferir\u00e0 a titolo definitivo dall&#8217;Inter U23. \u00a0<\/p>\n<p>13:00<\/p>\n<p>Il Genoa ci prova per Piccoli: c&#8217;\u00e8 anche la Lazio, ma il suo futuro \u00e8 legato a Kean<\/p>\n<p>Il <strong>Genoa <\/strong>ci prova per riportare in rossobl\u00f9 <strong>Piccoli<\/strong>. L&#8217;attaccante \u00e8 anche nel mirino della <strong>Lazio <\/strong>ma il suo futuro \u00e8 legato anche a quello di <strong>Kean <\/strong>(sul quale c&#8217;\u00e8 l&#8217;interesse del Como). La Fiorentina vorrebbe trattenere il classe 2000 e, se cos\u00ec dovesse accadere, si aprirebbe la possibilit\u00e0 di far partire Piccoli in prestito ai rossobl\u00f9<\/p>\n<p><a href=\"https:\/\/sport.sky.it\/calciomercato\/2026\/08\/04\/genoa-piccoli-fiorentina-calciomercato-news\" title=\"Il Genoa ci prova per Piccoli: c&#039;\u00e8 anche la Lazio\" class=\"lvbg-post-link\" data-intcmp=\"skysport_liveblog_liveblog-preview_null\" data-analytics-element=\"liveblog-preview\" rel=\"nofollow noopener\" target=\"_blank\"><img alt=\"Il Genoa ci prova per Piccoli: c'\u00e8 anche la Lazio\" style=\"opacity:0;transition:opacity 0.3s\" class=\"lvbg-post-link__image\"\/>Il Genoa ci prova per Piccoli: c&#8217;\u00e8 anche la LazioVai al contenuto <\/a><\/p>\n<p>12:40<\/p>\n<p>Sassuolo, lavori in corso sulla fascia: i nomi<\/p>\n<p>Dopo gli arrivi in attacco di Bowie e Adzic a centrocampo, <strong>il Sassuolo pensa a rinforzare la difesa,<\/strong> in particolare le fasce. Per la sinistra, si valuta <strong>Obrador del Benfica<\/strong> &#8211; rientrato dal prestito al Torino. In alternativa, c&#8217;\u00e8 il nome di <strong>Emanuele Valeri del Parma<\/strong>. Possibile un&#8217;operazione anche sulla destra, dove si pensa ad un rinforzo di esperienza: tra i candidati c&#8217;\u00e8 <strong>Matteo Darmian<\/strong>, al momento svincolato.\u00a0<\/p>\n<p>12:30<\/p>\n<p>Non paragonatelo a nessuno: lui \u00e8 solo Franco Mastantuono<\/p>\n<p>Da tempo in Argentina si parla del suo talento. &#8220;Il nuovo Maradona&#8221;, &#8220;Il nuovo Messi&#8221;&#8230; No, nessun paragone: <strong>Franco Mastantuono \u00e8 uguale solamente a s\u00e9 stesso<\/strong> ed \u00e8 diverso da tutti gli altri. Alla scoperta del <strong>nuovo colpo della Fiorentina<\/strong>:<\/p>\n<p><a href=\"https:\/\/sport.sky.it\/calciomercato\/2025\/05\/01\/franco-mastanutono-chi-e-river\" title=\"Come Mastantuono c&#039;\u00e8 solo Mastantuono\" class=\"lvbg-post-link\" data-intcmp=\"skysport_liveblog_liveblog-preview_null\" data-analytics-element=\"liveblog-preview\" rel=\"nofollow noopener\" target=\"_blank\"><img alt=\"Come Mastantuono c'\u00e8 solo Mastantuono\" style=\"opacity:0;transition:opacity 0.3s\" class=\"lvbg-post-link__image\"\/>Come Mastantuono c&#8217;\u00e8 solo MastantuonoVai al contenuto <\/a><\/p>\n<p>12:20<\/p>\n<p>Trabzonspor, bagno di folla per Salah<\/p>\n<p>Comincia un nuovo capitolo nella carriera di <strong>Mohamed Salah<\/strong>. L&#8217;attaccante egiziano \u00e8 arrivato in Turchia, pronto ad iniziare la sua <strong>nuova avventura con la maglia del Trabzonspor<\/strong>, club con cui ha scelto di proseguire dopo i nove anni al Liverpool.\u00a0<\/p>\n<p>12:00<\/p>\n<p>Juventus, contatti continui per Zirkzee<\/p>\n<p>Come raccontato, la Juventus potrebbe fare un ulteriore colpo in attacco dopo gli arrivi di Alajbegovic e Kolo Muani. Nelle ultime ore, <strong>i bianconeri hanno intensificato i contatti per Joshua Zirkzee<\/strong>, sia con il Manchester United &#8211; che ha aperto al prestito dell&#8217;olandese &#8211; che con il calciatore.\u00a0<\/p>\n<p>11:50<\/p>\n<p> I giocatori che hanno cambiato squadra dopo i Mondiali 2026 e chi potrebbe farlo<\/p>\n<p>Da <strong>Saibari <\/strong>ad <strong>Alajbegovic <\/strong>ma anche <strong>Manzambi <\/strong>e <strong>Oulai<\/strong>, sono tanti i nomi da registrare nell&#8217;estate dei trasferimenti. E c&#8217;\u00e8 chi potrebbe farlo nelle prossime settimane\u2026<\/p>\n<p><a href=\"https:\/\/sport.sky.it\/calciomercato\/giocatori-squadra-dopo-mondiali-2026\" title=\"Chi ha cambiato squadra grazie al Mondiale (e chi potrebbe ancora farlo)\" class=\"lvbg-post-link\" data-intcmp=\"skysport_liveblog_liveblog-preview_null\" data-analytics-element=\"liveblog-preview\" rel=\"nofollow noopener\" target=\"_blank\"><img alt=\"Chi ha cambiato squadra grazie al Mondiale (e chi potrebbe ancora farlo)\" style=\"opacity:0;transition:opacity 0.3s\" class=\"lvbg-post-link__image\"\/>Chi ha cambiato squadra grazie al Mondiale (e chi potrebbe ancora farlo)Vai al contenuto <\/a><\/p>\n<p>11:40<\/p>\n<p>Palermo, ecco Strefezza: &#8220;Contento per la fiducia&#8221;<\/p>\n<p><strong>Gabriel Strefezza torna in Italia: \u00e8 fatta per il suo trasferimento al Palermo<\/strong>. Il giocatore \u00e8 atterrato a Milano prima di dirigersi a Verona per svolgere le visite mediche nella giornata di mercoled\u00ec 5 agosto e poi raggiungere la squadra nel ritiro in Australia<\/p>\n<p><a href=\"https:\/\/sport.sky.it\/calciomercato\/2026\/08\/05\/palermo-strefezza-calciomercato-news\" title=\"Strefezza \u00e8 arrivato in Italia, tutto fatto al Palermo: le sue prime parole\" class=\"lvbg-post-link\" data-intcmp=\"skysport_liveblog_liveblog-preview_null\" data-analytics-element=\"liveblog-preview\" rel=\"nofollow noopener\" target=\"_blank\"><img alt=\"Strefezza \u00e8 arrivato in Italia, tutto fatto al Palermo: le sue prime parole\" style=\"opacity:0;transition:opacity 0.3s\" class=\"lvbg-post-link__image\"\/>Strefezza \u00e8 arrivato in Italia, tutto fatto al Palermo: le sue prime paroleVai al contenuto <\/a><\/p>\n<p>11:30<\/p>\n<p> Le probabili formazioni delle big d&#8217;Europa: come cambiano con il calciomercato<\/p>\n<p>Il <strong>Real di Mourinho<\/strong> ha rinnovato la difesa e piazzato il colpo Bernardo Silva, mentre il <strong>Chelsea <\/strong>\u00e8 protagonista dell&#8217;ennesima campagna acquisti faraonica. Il <strong>Psg<\/strong>, invece, finora si \u00e8 mosso soprattutto in uscita: l&#8217;unico volto nuovo \u00e8 il giovane portiere italiano Longoni. Di seguito le formazioni tipo delle principali big europee:<\/p>\n<p><a href=\"https:\/\/sport.sky.it\/calciomercato\/probabili-formazioni-squadre-europa-calciomercato-2026\" title=\"Come cambiano le probabili formazioni delle big d&#039;Europa con il calciomercato\" class=\"lvbg-post-link\" data-intcmp=\"skysport_liveblog_liveblog-preview_null\" data-analytics-element=\"liveblog-preview\" rel=\"nofollow noopener\" target=\"_blank\"><img alt=\"Come cambiano le probabili formazioni delle big d'Europa con il calciomercato\" style=\"opacity:0;transition:opacity 0.3s\" class=\"lvbg-post-link__image\"\/>Come cambiano le probabili formazioni delle big d&#8217;Europa con il calciomercatoVai al contenuto <\/a><\/p>\n<p>11:14<\/p>\n<p>Napoli, slitta di due giorni il rientro di Lukaku<\/p>\n<p>Il belga ha avuto<strong> 2 giorni in pi\u00f9 concordati con la societ\u00e0 e con il ds Manna<\/strong> per risolvere alcune <strong>questioni personali<\/strong>. &#8220;Di comune accordo con il club, Romelu Lukaku godr\u00e0 di alcuni giorni di permesso prima di aggregarsi alla squadra&#8221;, si legge nella nota del Napoli<\/p>\n<p>11:10<\/p>\n<p>Genoa, trattativa avanzata per Sow del Siviglia<\/p>\n<p>Il <strong>Genoa <\/strong>\u00e8 in trattativa avanzata per Djibril <strong>Sow, <\/strong>centrocampista del <strong>Siviglia <\/strong>classe &#8217;97. Nell\u2019ultima stagione in Liga 35 presenze e 5 reti.<\/p>\n<p>11:00<\/p>\n<p>Torino, no alla cessione di Cacciamani<\/p>\n<p>Il contatto tra Torino e Roma per Cacciamanti si \u00e8 cocluso, per ora, con un nulla di fatto. La proposta giallorossa \u00e8 troppo bassa, i granata sono intenzionati a cedere l&#8217;esterno solo per una cifra fuori mercato<\/p>\n<p>10:52<\/p>\n<p>Fiorentina-Mastantuono, accordo in definizione con il Real Madrid<\/p>\n<p>Le parti stanno definendo l&#8217;accordo per il trasferimento dell&#8217;argentino, dopo che \u00e8 stata<strong> raggiunta l&#8217;intesa sull&#8217;ingaggio<\/strong>. Il giocatore ha deciso di ripartire dai viola e approder\u00e0 presto in Serie A<\/p>\n<p><a href=\"https:\/\/sport.sky.it\/calciomercato\/2026\/08\/05\/fiorentina-mastantuono-calciomercato-news\" title=\"Fiorentina-Mastantuono, ci siamo: accordo in definizione\" class=\"lvbg-post-link\" data-intcmp=\"skysport_liveblog_liveblog-preview_null\" data-analytics-element=\"liveblog-preview\" rel=\"nofollow noopener\" target=\"_blank\"><img alt=\"Fiorentina-Mastantuono, ci siamo: accordo in definizione\" style=\"opacity:0;transition:opacity 0.3s\" class=\"lvbg-post-link__image\"\/>Fiorentina-Mastantuono, ci siamo: accordo in definizioneVai al contenuto <\/a><\/p>\n<p>10:50<\/p>\n<p>Lecce, in chiusura il passaggio di Fr\u00fcchtl al Salisburgo<\/p>\n<p>Il Lecce \u00e8 in chiusura per il trasferimento di <strong>Christian Fr\u00fcchtl<\/strong> al <strong>Salisburgo<\/strong>. Secondo portiere, classe 2000, nelle due stagioni in Puglia ha collezionato due presenze e ha il contratto in scadenza al 30 giugno 2027. La societ\u00e0 giallorossa, ora, conta di definire il passaggio di <strong>Fr\u00fcchtl <\/strong>in Austria nella giornata di oggi, mercoled\u00ec 5 agosto 2026<\/p>\n<p>10:37<\/p>\n<p>Juve, contatti continui con l&#8217;agente di Zirkzee<\/p>\n<p>I bianconeri sono al lavoro con l&#8217;entourage dell&#8217;attaccante olandese, con il <strong>Manchester United<\/strong> che ha<strong> aperto al prestito<\/strong>. La <strong>Juve <\/strong>vuole affondare il colpo, ma resta sullo sfondo anche l&#8217;opzione Pellegrino del <strong>Parma<\/strong><\/p>\n<p>10:30<\/p>\n<p>Salah sar\u00e0 un nuovo giocatore del Trabzonspor<\/p>\n<p><strong>Mohamed Sala<\/strong>h ripartir\u00e0 dal <strong>Trabzonspor<\/strong>. L&#8217;egiziano, svincolato dopo 9 stagioni al Liverpool, sar\u00e0 in Turchia nella giornata di mercoled\u00ec 5 agosto per firmare il suo contratto con il club di Superlig<\/p>\n<p>10:14<\/p>\n<p>Napoli, Gutierrez \u00e8 un nuovo giocatore del Bayer Leverkusen<\/p>\n<p>Operazione a titolo definitivo con il difensore che lascia cos\u00ec la Serie A firmando un contratto fino al <strong>30 giugno 2031 <\/strong>con il club tedesco. Operazione da <strong>30 milioni di euro<\/strong><\/p>\n<p><img decoding=\"async\" src=\"https:\/\/www.europesays.com\/it\/wp-content\/uploads\/2026\/08\/gutierrez_bayer_leverkusen.jpg\" alt=\"gutierrez bayer\" title=\"Foto Bayer Leverkusen\" loading=\"lazy\"\/><\/p>\n<p class=\"lvbg-post-image__caption-v2\">Foto Bayer Leverkusen<\/p>\n<p>10:10<\/p>\n<p>Ferran Torres, c&#8217;\u00e8 il Psg: &#8220;Il Barcellona deve dimostrare di volermi&#8221;<\/p>\n<p>L&#8217;attaccante spagnolo ha <strong>ancora un anno di contratto <\/strong>con il club catalano ma persiste l&#8217;interesse dei parigini: &#8220;<strong>Quando queste squadre ti vogliono, \u00e8 sempre una buona cosa<\/strong>. Nel calcio non si sa mai cosa pu\u00f2 succedere&#8221;<\/p>\n<p><a href=\"https:\/\/sport.sky.it\/calciomercato\/2026\/08\/04\/ferran-torres-psg-barcellona-calciomercato-intervista\" title=\"Ferran Torres, c&#039;\u00e8 il Psg: &#039;Il Barcellona deve dimostrare di volermi&#039;\" class=\"lvbg-post-link\" data-intcmp=\"skysport_liveblog_liveblog-preview_null\" data-analytics-element=\"liveblog-preview\" rel=\"nofollow noopener\" target=\"_blank\"><img alt=\"Ferran Torres, c'\u00e8 il Psg: 'Il Barcellona deve dimostrare di volermi'\" style=\"opacity:0;transition:opacity 0.3s\" class=\"lvbg-post-link__image\"\/>Ferran Torres, c&#8217;\u00e8 il Psg: &#8216;Il Barcellona deve dimostrare di volermi&#8217;Vai al contenuto <\/a><\/p>\n<p>09:50<\/p>\n<p>Roma, ai dettagli l&#8217;arrivo di Molina<\/p>\n<p>I giallorossi stanno sistemando gli ultimi dettagli per poi organizzare per l&#8217;arrivo di Nahuel Molina tra visite e firma. Operazione da <strong>13 milioni di euro pi\u00f9 4 di bonus <\/strong>con l&#8217;Atletico Madrid.\u00a0<\/p>\n<p>09:45<\/p>\n<p>Atalanta, Djimsiti ha chiesto la cessione<\/p>\n<p><strong>Berat Djimsiti vuole l&#8217;Arabia Saudita<\/strong>: chiesta la cessione all&#8217;Atalanta dopo un&#8217;offerta dell&#8217;<strong>Al-Diriyah<\/strong><\/p>\n<p>09:40<\/p>\n<p>Debenedetti \u00e8 un nuovo giocatore del Cesena<\/p>\n<p>Operazione a <strong>titolo temporaneo<\/strong>\u00a0fino al 30 giugno 2027. Dopo l&#8217;esperienza all&#8217;Entella, l&#8217;attaccante continua la sua carriera in Serie B con la maglia del Cesena<\/p>\n<p><a href=\"https:\/\/sport.sky.it\/calciomercato\/calciomercato-serie-b-estate-2026-acquisti-ufficiali\" title=\"Debenedetti \u00e8 un nuovo giocatore del Cesena\" class=\"lvbg-post-link\" data-intcmp=\"skysport_liveblog_liveblog-preview_null\" data-analytics-element=\"liveblog-preview\" rel=\"nofollow noopener\" target=\"_blank\"><img alt=\"Debenedetti \u00e8 un nuovo giocatore del Cesena\" style=\"opacity:0;transition:opacity 0.3s\" class=\"lvbg-post-link__image\"\/>Debenedetti \u00e8 un nuovo giocatore del CesenaVai al contenuto <\/a><\/p>\n<p>09:32<\/p>\n<p> Kostic in chiusura con il Psv<\/p>\n<p><strong>Filip Kostic<\/strong> ripartir\u00e0 dall&#8217;Olanda: \u00e8 <strong>in chiusura con il Psv<\/strong>. Il giocatore \u00e8 arrivato ad Amsterdam. Di seguito l&#8217;elenco dei migliori giocatori attualmente disponibili a parametro zero:<\/p>\n<p><a href=\"https:\/\/sport.sky.it\/calciomercato\/giocatori-svincolati-calciomercato\" title=\"L&#039;ex Juventus Filip Kostic si prepara a ripartire dall&#039;Olanda: le ultime novit\u00e0\" class=\"lvbg-post-link\" data-intcmp=\"skysport_liveblog_liveblog-preview_null\" data-analytics-element=\"liveblog-preview\" rel=\"nofollow noopener\" target=\"_blank\"><img alt=\"L'ex Juventus Filip Kostic si prepara a ripartire dall'Olanda: le ultime novit\u00e0\" style=\"opacity:0;transition:opacity 0.3s\" class=\"lvbg-post-link__image\"\/>L&#8217;ex Juventus Filip Kostic si prepara a ripartire dall&#8217;Olanda: le ultime novit\u00e0Vai al contenuto <\/a><\/p>\n<p>09:26<\/p>\n<p>Couto \u00e8 arrivato a Milano: oggi visite e firma con il Como<\/p>\n<p>L&#8217;esterno brasiliano \u00e8 arrivato a Milano per sostenere le visite mediche e firmare con il Como: nel VIDEO le sue prima parole nell&#8217;intervista rilasciata al nostro inviato Marco Bovicelli<\/p>\n<p>09:20<\/p>\n<p>Maldini-Cagliari, operazione in prestito con diritto di riscatto<\/p>\n<p><strong>Daniel Maldini \u00e8 sempre pi\u00f9 vicino al Cagliari.<\/strong> Il club rossobl\u00f9 ha raggiunto un&#8217;intesa con l&#8217;Atalanta per un<strong> prestito oneroso<\/strong> da un milione di euro, <strong>con diritto di riscatto<\/strong> fissato a 8 milioni e obbligo legato al raggiungimento di determinati obiettivi personali. I rossobl\u00f9 sono sempre pi\u00f9 vicini anche a <strong>Kevin Carlos del Nizza<\/strong><\/p>\n<p><a href=\"https:\/\/sport.sky.it\/calciomercato\/2026\/08\/04\/cagliari-maldini-calciomercato-news\" title=\"Calciomercato Cagliari, in arrivo Maldini dall&#039;Atalanta\" class=\"lvbg-post-link\" data-intcmp=\"skysport_liveblog_liveblog-preview_null\" data-analytics-element=\"liveblog-preview\" rel=\"nofollow noopener\" target=\"_blank\"><img alt=\"Calciomercato Cagliari, in arrivo Maldini dall'Atalanta\" style=\"opacity:0;transition:opacity 0.3s\" class=\"lvbg-post-link__image\"\/>Calciomercato Cagliari, in arrivo Maldini dall&#8217;AtalantaVai al contenuto <\/a><\/p>\n<p>09:10<\/p>\n<p>Inter, Nico Gonzalez oltre a Diaby<\/p>\n<p>L&#8217;Inter continua a cercare un nuovo esterno destro e, oltre a <strong>Diaby<\/strong>, nella lista rispunta anche<strong> Nico Gonzalez <\/strong>della Juventus. Il club nerazzurro sta valutando il suo profilo e ha avuto dei primi contatti con l&#8217;entourage del giocatore. Sulle tracce del francese dell&#8217;Al Ittihad c&#8217;\u00e8 anche il Bayer Leverkusen<\/p>\n<p><a href=\"https:\/\/sport.sky.it\/calciomercato\/2026\/08\/03\/inter-nico-gonzalez-diaby-calciomercato-news\" title=\"Inter, per l&#039;esterno torna di moda Nico Gonzalez: come stanno le cose\" class=\"lvbg-post-link\" data-intcmp=\"skysport_liveblog_liveblog-preview_null\" data-analytics-element=\"liveblog-preview\" rel=\"nofollow noopener\" target=\"_blank\"><img alt=\"Inter, per l'esterno torna di moda Nico Gonzalez: come stanno le cose\" style=\"opacity:0;transition:opacity 0.3s\" class=\"lvbg-post-link__image\"\/>Inter, per l&#8217;esterno torna di moda Nico Gonzalez: come stanno le coseVai al contenuto <\/a><br \/>\n      <script async src=\"https:\/\/platform.twitter.com\/widgets.js\" charset=\"utf-8\"><\/script><\/p>\n","protected":false},"excerpt":{"rendered":"\\n Juve, Zirkzee in pole per l&#8217;attacco: lo United apre al prestito&#8230; \\n &#8230;E per la porta spunta&hellip;\n","protected":false},"author":3,"featured_media":612905,"comment_status":"","ping_status":"","sticky":false,"template":"","format":"standard","meta":{"footnotes":"","_share_on_mastodon":"0"},"categories":[1452],"tags":[7724,569,586,6300,721,353,6295,39578,16323,14179,7725,6293,6294,3705,2263,1740,5281,6298,350,1537,90,89,565,558,5188,6296,553,11121,248,6301,6299,1739,245,244,1641,2817,222],"class_list":["post-618918","post","type-post","status-publish","format-standard","has-post-thumbnail","category-calcio","tag-as-roma","tag-atalanta","tag-bologna","tag-cagliari","tag-calcio","tag-calciomercato","tag-calciomercato-estero","tag-calciomercato-fiorentina","tag-calciomercato-inter","tag-calciomercato-napoli","tag-calciomercato-roma","tag-calciomercato-serie-a","tag-calciomercato-serie-b","tag-como","tag-fiorentina","tag-football","tag-frosinone","tag-genoa","tag-inter","tag-it","tag-italia","tag-italy","tag-juve","tag-juventus","tag-lazio","tag-lecce","tag-milan","tag-monza","tag-napoli","tag-parma","tag-sassuolo","tag-soccer","tag-sport","tag-sports","tag-torino","tag-udinese","tag-venezia"],"share_on_mastodon":{"url":"https:\/\/pubeurope.com\/@it\/117043248639795651","error":""},"_links":{"self":[{"href":"https:\/\/www.europesays.com\/it\/wp-json\/wp\/v2\/posts\/618918","targetHints":{"allow":["GET"]}}],"collection":[{"href":"https:\/\/www.europesays.com\/it\/wp-json\/wp\/v2\/posts"}],"about":[{"href":"https:\/\/www.europesays.com\/it\/wp-json\/wp\/v2\/types\/post"}],"author":[{"embeddable":true,"href":"https:\/\/www.europesays.com\/it\/wp-json\/wp\/v2\/users\/3"}],"replies":[{"embeddable":true,"href":"https:\/\/www.europesays.com\/it\/wp-json\/wp\/v2\/comments?post=618918"}],"version-history":[{"count":0,"href":"https:\/\/www.europesays.com\/it\/wp-json\/wp\/v2\/posts\/618918\/revisions"}],"wp:featuredmedia":[{"embeddable":true,"href":"https:\/\/www.europesays.com\/it\/wp-json\/wp\/v2\/media\/612905"}],"wp:attachment":[{"href":"https:\/\/www.europesays.com\/it\/wp-json\/wp\/v2\/media?parent=618918"}],"wp:term":[{"taxonomy":"category","embeddable":true,"href":"https:\/\/www.europesays.com\/it\/wp-json\/wp\/v2\/categories?post=618918"},{"taxonomy":"post_tag","embeddable":true,"href":"https:\/\/www.europesays.com\/it\/wp-json\/wp\/v2\/tags?post=618918"}],"curies":[{"name":"wp","href":"https:\/\/api.w.org\/{rel}","templated":true}]}}