{"id":618956,"date":"2026-08-05T14:28:14","date_gmt":"2026-08-05T14:28:14","guid":{"rendered":"https:\/\/www.europesays.com\/it\/618956\/"},"modified":"2026-08-05T14:28:14","modified_gmt":"2026-08-05T14:28:14","slug":"oppenheimer-cast-e-personaggi-del-film-di-christopher-nolan-foto","status":"publish","type":"post","link":"https:\/\/www.europesays.com\/it\/618956\/","title":{"rendered":"Oppenheimer, cast e personaggi del film di Christopher Nolan. FOTO"},"content":{"rendered":"<p>                        <img class=\"c-gallery-item__img j-lazyload\"   loading=\"lazy\" title=\"OPPENHEIMER\" alt=\"L to R: Dylan Arnold is Frank Oppenheimer and Matt Damon is Leslie Groves in OPPENHEIMER, written, produced, and directed by Christopher Nolan.\"\/><\/p>\n<p>\n                    13\/20<\/p>\n<p class=\"c-gallery-item__caption\">Il fratello pi\u00f9 giovane di Robert Oppenheimer, <b>Frank Oppenheimer<\/b>, un fisico delle particelle, fu coinvolto ndl\u00a0 Progetto Manhattan.\u00a0Per vestire i panni di Frank, Nolan ha scelto <b>Dylan Arnold<\/b>. &#8220;Ho letto molte cose su Frank&#8221;, hq raccontato Arnold. \u201cSono riuscito a guardare qualche video, anche se non c\u2019\u00e8 molta roba su di lui. In ogni caso, \u00e8 stato molto semplice prepararsi perch\u00e9 lo ritengo un personaggio affascinante&#8221;.<\/p>\n","protected":false},"excerpt":{"rendered":"13\/20 Il fratello pi\u00f9 giovane di Robert Oppenheimer, Frank Oppenheimer, un fisico delle particelle, fu coinvolto ndl\u00a0 Progetto&hellip;\n","protected":false},"author":3,"featured_media":618957,"comment_status":"","ping_status":"","sticky":false,"template":"","format":"standard","meta":{"footnotes":"","_share_on_mastodon":"0"},"categories":[1442],"tags":[36093,203,454,3110,1725,204,1537,90,89,1521,10519],"class_list":["post-618956","post","type-post","status-publish","format-standard","has-post-thumbnail","category-film","tag-christopher-nolan","tag-entertainment","tag-film","tag-film-in-uscita","tag-fotogallery","tag-intrattenimento","tag-it","tag-italia","tag-italy","tag-movies","tag-newsletter"],"share_on_mastodon":{"url":"https:\/\/pubeurope.com\/@it\/117043377458519087","error":""},"_links":{"self":[{"href":"https:\/\/www.europesays.com\/it\/wp-json\/wp\/v2\/posts\/618956","targetHints":{"allow":["GET"]}}],"collection":[{"href":"https:\/\/www.europesays.com\/it\/wp-json\/wp\/v2\/posts"}],"about":[{"href":"https:\/\/www.europesays.com\/it\/wp-json\/wp\/v2\/types\/post"}],"author":[{"embeddable":true,"href":"https:\/\/www.europesays.com\/it\/wp-json\/wp\/v2\/users\/3"}],"replies":[{"embeddable":true,"href":"https:\/\/www.europesays.com\/it\/wp-json\/wp\/v2\/comments?post=618956"}],"version-history":[{"count":0,"href":"https:\/\/www.europesays.com\/it\/wp-json\/wp\/v2\/posts\/618956\/revisions"}],"wp:featuredmedia":[{"embeddable":true,"href":"https:\/\/www.europesays.com\/it\/wp-json\/wp\/v2\/media\/618957"}],"wp:attachment":[{"href":"https:\/\/www.europesays.com\/it\/wp-json\/wp\/v2\/media?parent=618956"}],"wp:term":[{"taxonomy":"category","embeddable":true,"href":"https:\/\/www.europesays.com\/it\/wp-json\/wp\/v2\/categories?post=618956"},{"taxonomy":"post_tag","embeddable":true,"href":"https:\/\/www.europesays.com\/it\/wp-json\/wp\/v2\/tags?post=618956"}],"curies":[{"name":"wp","href":"https:\/\/api.w.org\/{rel}","templated":true}]}}