{"id":619011,"date":"2026-08-05T15:16:20","date_gmt":"2026-08-05T15:16:20","guid":{"rendered":"https:\/\/www.europesays.com\/it\/619011\/"},"modified":"2026-08-05T15:16:20","modified_gmt":"2026-08-05T15:16:20","slug":"italia-ufficiale-zola-sara-coordinatore-dei-progetti-delle-attivita-giovanili","status":"publish","type":"post","link":"https:\/\/www.europesays.com\/it\/619011\/","title":{"rendered":"italia, ufficiale Zola: sar\u00e0 coordinatore dei progetti delle attivit\u00e0 giovanili"},"content":{"rendered":"<p>                                Lo ha annunciato il presidente Giovanni Malag\u00f2: &#8220;Lo abbiamo avuto fortemente io e Ranieri, ma continuer\u00e0 anche il lavoro in Serie C&#8221;<\/p>\n<p class=\"paragraph\" spellcheck=\"true\">L&#8217;organigramma della nazionale ora \u00e8 completo. Dopo la scelta del ct e del direttore tecnico, Giovanni Malag\u00f2 ha finalmente svelato l&#8217;identit\u00e0 della terza figura che aveva annunciato in conferenza stampa. Nessuna sorpresa, si tratta &#8211; come ampiamente previsto &#8211; di Gianfranco Zola. L&#8217;ex calciatore di Chelsea e Cagliari entra cos\u00ec in organico con il ruolo di &#8220;coordinatore dei progetti delle attivit\u00e0 giovanili&#8221; del Club Italia.\u00a0<\/p>\n<p>        l&#8217;annuncio di malag\u00f2\u2014 \u00a0<\/p>\n<p class=\"paragraph\" spellcheck=\"true\">Zola lavorer\u00e0 dunque in stretto contatto con Ranieri, occupandosi dell&#8217;organizzazione del settore giovanile azzurro. Il primo passo sar\u00e0 quello di rendere meno traumatico il passaggio dalle Under alla nazionale maggiore e rinfrescare cos\u00ec la rosa della nazionale.\u00a0&#8220;Io e Ranieri l&#8217;abbiamo fortemente voluto &#8211; ha spiegato Malag\u00f2 all&#8217;Ansa &#8211; condividendone la scelta col presidente della Lega Pro, Matteo Marani, di cui continuer\u00e0 a essere vicepresidente vicario&#8221;. Sulle ragioni che lo hanno portato a scegliere proprio Zola, il numero uno della Figc non ha dubbi: &#8220;Il suo carisma, la sua preparazione e il suo impegno verso i giovani mostrato in questi anni in Lega Pro rappresentano la base migliore per costruire il nostro futuro&#8221;.<\/p>\n","protected":false},"excerpt":{"rendered":"Lo ha annunciato il presidente Giovanni Malag\u00f2: &#8220;Lo abbiamo avuto fortemente io e Ranieri, ma continuer\u00e0 anche il&hellip;\n","protected":false},"author":3,"featured_media":619012,"comment_status":"","ping_status":"","sticky":false,"template":"","format":"standard","meta":{"footnotes":"","_share_on_mastodon":"0"},"categories":[1452],"tags":[118,1498,340906,721,554,11646,18172,20552,340907,340908,12028,1740,1537,90,89,63425,30414,1739,245,244,68476],"class_list":["post-619011","post","type-post","status-publish","format-standard","has-post-thumbnail","category-calcio","tag-annunciato","tag-attivita","tag-attivita-giovanili","tag-calcio","tag-club","tag-club-italia","tag-continuera","tag-coordinatore","tag-coordinatore-progetti","tag-coordinatore-progetti-attivita","tag-entra","tag-football","tag-it","tag-italia","tag-italy","tag-malago","tag-ranieri","tag-soccer","tag-sport","tag-sports","tag-zola"],"share_on_mastodon":{"url":"https:\/\/pubeurope.com\/@it\/117043566399045591","error":""},"_links":{"self":[{"href":"https:\/\/www.europesays.com\/it\/wp-json\/wp\/v2\/posts\/619011","targetHints":{"allow":["GET"]}}],"collection":[{"href":"https:\/\/www.europesays.com\/it\/wp-json\/wp\/v2\/posts"}],"about":[{"href":"https:\/\/www.europesays.com\/it\/wp-json\/wp\/v2\/types\/post"}],"author":[{"embeddable":true,"href":"https:\/\/www.europesays.com\/it\/wp-json\/wp\/v2\/users\/3"}],"replies":[{"embeddable":true,"href":"https:\/\/www.europesays.com\/it\/wp-json\/wp\/v2\/comments?post=619011"}],"version-history":[{"count":0,"href":"https:\/\/www.europesays.com\/it\/wp-json\/wp\/v2\/posts\/619011\/revisions"}],"wp:featuredmedia":[{"embeddable":true,"href":"https:\/\/www.europesays.com\/it\/wp-json\/wp\/v2\/media\/619012"}],"wp:attachment":[{"href":"https:\/\/www.europesays.com\/it\/wp-json\/wp\/v2\/media?parent=619011"}],"wp:term":[{"taxonomy":"category","embeddable":true,"href":"https:\/\/www.europesays.com\/it\/wp-json\/wp\/v2\/categories?post=619011"},{"taxonomy":"post_tag","embeddable":true,"href":"https:\/\/www.europesays.com\/it\/wp-json\/wp\/v2\/tags?post=619011"}],"curies":[{"name":"wp","href":"https:\/\/api.w.org\/{rel}","templated":true}]}}