{"id":619144,"date":"2026-08-05T16:51:15","date_gmt":"2026-08-05T16:51:15","guid":{"rendered":"https:\/\/www.europesays.com\/it\/619144\/"},"modified":"2026-08-05T16:51:15","modified_gmt":"2026-08-05T16:51:15","slug":"15enne-italiano-in-carcere-a-malta-il-ministro-dellinterno-accusato-di-reati-gravissimi","status":"publish","type":"post","link":"https:\/\/www.europesays.com\/it\/619144\/","title":{"rendered":"15enne italiano in carcere a Malta, il Ministro dell&#8217;Interno: &#8216;Accusato di reati gravissimi&#8217;"},"content":{"rendered":"<p>Il ragazzo, di origini pugliesi e residente con la famiglia a Malta da cinque anni, \u00e8 accusato di procurato allarme bomba a scuola. I genitori denunciano: \u201cUna detenzione illegale\u201d. Il 19 agosto la prossima udienza<\/p>\n<p>&#8220;Non si tratta di un caso di scherzo telefonico o di un singolo episodio isolato. \u00c8 accusato di una vasta gamma di reati gravi, tra cui associazione a delinquere, partecipazione e coinvolgimento attivo in un&#8217;organizzazione criminale, reati relativi alla produzione, distribuzione e possesso di materiale pedopornografico, diffusione di false informazioni, minacce aggravate e intimidazione&#8221;. A parlare \u00e8 il ministro dell&#8217;Interno maltese, Glenn Bedingfield, interpellato dall&#8217;ANSA sul caso del 15enne italiano detenuto da oltre 70 giorni in un carcere maltese con l&#8217;accusa di procurato allarme bomba nella scuola che frequentava. Una vicenda che Malta &#8211; spiega Bedinfield &#8211; sta gestendo in collaborazione con Europol e sulla quale &#8220;saranno i tribunali a pronunciarsi sulla base delle prove presentate&#8221;.<\/p>\n<p>\t\t \tIl racconto del padre<\/p>\n<p>A raccontare il caso era stato ieri il padre del ragazzino, Antonio Santoiemma. &#8220;Mio figlio, un 15enne italiano, \u00e8 in isolamento da 70 giorni nel carcere minorile Coors a Malta. \u00c8 stato arrestato il 25 maggio scorso dalle autorit\u00e0 maltesi&#8221;. In un\u2019intervista all\u2019Ansa, l\u2019uomo aveva raccontato le condizioni di detenzione dell\u2019adolescente, definite &#8220;allarmanti&#8221;. &#8220;Nostro figlio \u2013 aveva detto &#8211; per 4 giorni \u00e8 stato detenuto in isolamento presso la divisione 6 del carcere di Corradino per adulti, dove per il forte stress si \u00e8 autolesionato. Trasferito presso il carcere minorile Coors ha trascorso 35 giorni chiuso 22 ore al giorno, costretto a mangiare in piedi e per 3 giorni a nutrirsi con le mani perch\u00e9 nessuno si \u00e8 preoccupato di fornirgli delle posate&#8221;.\u00a0<\/p>\n<p>\t\t\t<a class=\"c-inline-card j-inline-card c-inline-card--with-image\" href=\"https:\/\/tg24.sky.it\/mondo\/2026\/08\/04\/malta-ragazzo-carcere-padre-dichiarazione\" rel=\"follow nofollow noopener\" data-intcmp=\"skytg24_articolo_approfondimenti_inline\" target=\"_blank\"><\/p>\n<p>\t\t\t         <img decoding=\"async\" crossorigin=\"anonymous\" alt=\"\"  loading=\"lazy\"  src=\"https:\/\/www.europesays.com\/it\/wp-content\/uploads\/2026\/08\/carcere_ipa.jpg\"\/><\/p>\n<p>\n\t\t\t         Approfondimento<br \/>\n\t\t\t         Malta, padre di 15enne italiano: \u201cMio figlio in carcere da 70 giorni\u201d\n\t\t\t      <\/p>\n<p>\t\t\t<\/a><\/p>\n<p>\t\t \t&#8220;Trattato con dignit\u00e0&#8221;<\/p>\n<p>Fonti del dipartimento carcerario, interpellate al proposito, hanno riferito che il ragazzo viene tenuto lontano dai coetanei nel penitenziario minorile per motivi di sicurezza &#8220;anche nei confronti degli altri detenuti&#8221;. La Correctional Services Agency (CSA) che gestisce i penitenziari maltesi &#8220;opera nel pieno rispetto delle norme e dei diritti umani&#8221;, ha precisato il ministro maltese sottolineando che la Csa &#8220;\u00e8 incaricata della custodia sicura, protetta e legale di tutte le persone rinviate a giudizio o condannate dai tribunali, in conformit\u00e0 con le leggi maltesi e gli obblighi internazionali&#8221;. &#8220;Ogni persona in custodia, indipendentemente dai reati che si presume abbia commesso o per i quali sia stata condannata, ha il diritto di essere trattata con dignit\u00e0&#8221;, ha ribadito Bedingfield, precisando che restano comunque attive le necessarie misure di sicurezza e supervisione per la sicurezza del ragazzo e degli altri detenuti.<\/p>\n<p>Team multidisciplinare<\/p>\n<p>Il ministro ha infine assicurato che &#8220;la comunicazione con la famiglia del detenuto rimane una priorit\u00e0&#8221;, con contatti regolari tra il responsabile del centro e i genitori, e che il caso \u00e8 monitorato costantemente da un team multidisciplinare ed ha concluso affermando che l&#8217;Agenzia continuer\u00e0 ad adempiere ai propri doveri legali &#8220;rispettando pienamente l&#8217;indipendenza del processo giudiziario e astenendosi dall&#8217;esprimere ulteriori commenti su questioni che sono attualmente all&#8217;esame dei tribunali&#8221;.\u00a0<\/p>\n<p>\t\t\t<a class=\"c-inline-card j-inline-card c-inline-card--with-image\" href=\"https:\/\/tg24.sky.it\/cronaca\/2025\/05\/09\/reati-giovani-aumento-covid\" rel=\"follow nofollow noopener\" data-intcmp=\"skytg24_articolo_approfondimenti_inline\" target=\"_blank\"><\/p>\n<p>\t\t\t         <img decoding=\"async\" crossorigin=\"anonymous\" alt=\"\"  loading=\"lazy\"  src=\"https:\/\/www.europesays.com\/it\/wp-content\/uploads\/2026\/08\/GettyImages-589573154.jpg\"\/><\/p>\n<p>\n\t\t\t         Vedi anche<br \/>\n\t\t\t         Per la criminalit\u00e0 minorile c&#8217;\u00e8 un prima e un dopo. E c&#8217;entra il Covid\n\t\t\t      <\/p>\n<p>\t\t\t<\/a><\/p>\n<p>\t            TAG:<\/p>\n","protected":false},"excerpt":{"rendered":"Il ragazzo, di origini pugliesi e residente con la famiglia a Malta da cinque anni, \u00e8 accusato di&hellip;\n","protected":false},"author":3,"featured_media":619145,"comment_status":"","ping_status":"","sticky":false,"template":"","format":"standard","meta":{"footnotes":"","_share_on_mastodon":"0"},"categories":[6],"tags":[874,14,8,1537,90,89,20256,7,15,82,9,83,10,13,11,80,84,12,81,85],"class_list":["post-619144","post","type-post","status-publish","format-standard","has-post-thumbnail","category-ultime-notizie","tag-carcere","tag-cronaca","tag-headlines","tag-it","tag-italia","tag-italy","tag-malta","tag-news","tag-notizie","tag-notizie-di-cronaca","tag-notizie-principali","tag-notiziedicronaca","tag-notizieprincipali","tag-titoli","tag-ultime-notizie","tag-ultime-notizie-di-cronaca","tag-ultime-notizie-e-news-di-oggi","tag-ultimenotizie","tag-ultimenotiziedicronaca","tag-ultimenotizieenewsdioggi"],"share_on_mastodon":{"url":"https:\/\/pubeurope.com\/@it\/117043940409621533","error":""},"_links":{"self":[{"href":"https:\/\/www.europesays.com\/it\/wp-json\/wp\/v2\/posts\/619144","targetHints":{"allow":["GET"]}}],"collection":[{"href":"https:\/\/www.europesays.com\/it\/wp-json\/wp\/v2\/posts"}],"about":[{"href":"https:\/\/www.europesays.com\/it\/wp-json\/wp\/v2\/types\/post"}],"author":[{"embeddable":true,"href":"https:\/\/www.europesays.com\/it\/wp-json\/wp\/v2\/users\/3"}],"replies":[{"embeddable":true,"href":"https:\/\/www.europesays.com\/it\/wp-json\/wp\/v2\/comments?post=619144"}],"version-history":[{"count":0,"href":"https:\/\/www.europesays.com\/it\/wp-json\/wp\/v2\/posts\/619144\/revisions"}],"wp:featuredmedia":[{"embeddable":true,"href":"https:\/\/www.europesays.com\/it\/wp-json\/wp\/v2\/media\/619145"}],"wp:attachment":[{"href":"https:\/\/www.europesays.com\/it\/wp-json\/wp\/v2\/media?parent=619144"}],"wp:term":[{"taxonomy":"category","embeddable":true,"href":"https:\/\/www.europesays.com\/it\/wp-json\/wp\/v2\/categories?post=619144"},{"taxonomy":"post_tag","embeddable":true,"href":"https:\/\/www.europesays.com\/it\/wp-json\/wp\/v2\/tags?post=619144"}],"curies":[{"name":"wp","href":"https:\/\/api.w.org\/{rel}","templated":true}]}}