{"id":619237,"date":"2026-08-05T18:11:16","date_gmt":"2026-08-05T18:11:16","guid":{"rendered":"https:\/\/www.europesays.com\/it\/619237\/"},"modified":"2026-08-05T18:11:16","modified_gmt":"2026-08-05T18:11:16","slug":"allarme-bomba-a-scalo-milano-fiordaliso-e-cupole-tre-centri-commerciali-evacuati-vicino-a-milano","status":"publish","type":"post","link":"https:\/\/www.europesays.com\/it\/619237\/","title":{"rendered":"Allarme bomba a Scalo Milano, Fiordaliso e Cupole: tre centri commerciali evacuati vicino a Milano"},"content":{"rendered":"<p>Allarme bomba in tre centri commerciali dell&#8217;hinterland sud di Milano nel pomeriggio di mercoled\u00ec 5 agosto. Gli allarmi sono scattati all&#8217;outlet Scalo Milano di Locate Triulzi, al Fiordaliso di Rozzano e alle Cupole di San Giuliano Milanese. Le strutture sono state temporaneamente chiuse ed evacuate.<\/p>\n<p>L&#8217;allarme<\/p>\n<p>L&#8217;allarme a Scalo Milano \u00e8 scattato intorno alle quattro di pomeriggio. Sul posto sono giunti i militari che hanno disposto l&#8217;evacuazione del centro commerciale all&#8217;aperto. \u201cCi hanno fatti uscire a quanto pare per un&#8217;allerta bomba. La situazione \u00e8 in stallo\u201d, racconta un cliente della struttura. In molti, soprattutto i dipendenti, hanno atteso il via libera per rientrare. Ma, poco dopo, il Gruppo ha annunciato la chiusura fino a gioved\u00ec 6 agosto.<\/p>\n<p>La nota<\/p>\n<p>\u201cPer motivi di sicurezza e a titolo precauzionale, abbiamo deciso di chiudere temporaneamente Scalo Milano Outlet &amp; More. La sicurezza dei nostri ospiti, dei partner commerciali e dei dipendenti \u00e8, come sempre, la nostra massima priorit\u00e0. Vi ringraziamo per la comprensione e la pazienza mentre collaboriamo strettamente con le autorit\u00e0 competenti. Condivideremo aggiornamenti non appena saranno disponibili. Le informazioni relative alla riapertura del centro saranno comunicate attraverso i nostri canali ufficiali, inclusi il nostro sito web e le piattaforme social\u201d, si legge sulla homepage della struttura.<\/p>\n<p>L&#8217;email\u00a0<\/p>\n<p>Secondo quanto si apprende, alla direzione sarebbe arrivata un&#8217;email con l&#8217;annuncio della presenza di ordigni esplosivi nell&#8217;edificio. Stesso &#8220;copione&#8221; per il centro commerciale Fiordaliso di Rozzano e per le Cupole di San Giuliano Milanesi, nella stessa zona dell&#8217;hinterland: l&#8217;arrivo dell&#8217;email e l&#8217;ordine di evacuare.<\/p>\n<p>L&#8217;invito dei sindaci<\/p>\n<p>Le amministrazioni comunali dei tre Comuni coinvolti sono impegnate a rassicurare la popolazione, invitando al contempo a non avvicinarsi alle strutture. Cos\u00ec per esempio Marco Segala, sindaco di San Giuliano Milanese, intorno alle sei di pomeriggio: \u201cSiamo in attesa dell\u2019arrivo degli artificieri, che effettueranno tutte le verifiche necessarie. Invito tutti i cittadini a non avvicinarsi alla zona interessata e a seguire esclusivamente le comunicazioni ufficiali, evitando la diffusione di notizie non verificate\u201d.<\/p>\n","protected":false},"excerpt":{"rendered":"Allarme bomba in tre centri commerciali dell&#8217;hinterland sud di Milano nel pomeriggio di mercoled\u00ec 5 agosto. Gli allarmi&hellip;\n","protected":false},"author":3,"featured_media":619238,"comment_status":"","ping_status":"","sticky":false,"template":"","format":"standard","meta":{"footnotes":"","_share_on_mastodon":"0"},"categories":[79],"tags":[10492,14,93,94,1537,90,89,7,15,11,84,91,12,85,92],"class_list":["post-619237","post","type-post","status-publish","format-standard","has-post-thumbnail","category-italia","tag-bombe","tag-cronaca","tag-cronaca-italiana","tag-cronacaitaliana","tag-it","tag-italia","tag-italy","tag-news","tag-notizie","tag-ultime-notizie","tag-ultime-notizie-e-news-di-oggi","tag-ultime-notizie-italia","tag-ultimenotizie","tag-ultimenotizieenewsdioggi","tag-ultimenotizieitalia"],"share_on_mastodon":{"url":"","error":""},"_links":{"self":[{"href":"https:\/\/www.europesays.com\/it\/wp-json\/wp\/v2\/posts\/619237","targetHints":{"allow":["GET"]}}],"collection":[{"href":"https:\/\/www.europesays.com\/it\/wp-json\/wp\/v2\/posts"}],"about":[{"href":"https:\/\/www.europesays.com\/it\/wp-json\/wp\/v2\/types\/post"}],"author":[{"embeddable":true,"href":"https:\/\/www.europesays.com\/it\/wp-json\/wp\/v2\/users\/3"}],"replies":[{"embeddable":true,"href":"https:\/\/www.europesays.com\/it\/wp-json\/wp\/v2\/comments?post=619237"}],"version-history":[{"count":0,"href":"https:\/\/www.europesays.com\/it\/wp-json\/wp\/v2\/posts\/619237\/revisions"}],"wp:featuredmedia":[{"embeddable":true,"href":"https:\/\/www.europesays.com\/it\/wp-json\/wp\/v2\/media\/619238"}],"wp:attachment":[{"href":"https:\/\/www.europesays.com\/it\/wp-json\/wp\/v2\/media?parent=619237"}],"wp:term":[{"taxonomy":"category","embeddable":true,"href":"https:\/\/www.europesays.com\/it\/wp-json\/wp\/v2\/categories?post=619237"},{"taxonomy":"post_tag","embeddable":true,"href":"https:\/\/www.europesays.com\/it\/wp-json\/wp\/v2\/tags?post=619237"}],"curies":[{"name":"wp","href":"https:\/\/api.w.org\/{rel}","templated":true}]}}