{"id":61988,"date":"2025-08-22T09:43:09","date_gmt":"2025-08-22T09:43:09","guid":{"rendered":"https:\/\/www.europesays.com\/it\/61988\/"},"modified":"2025-08-22T09:43:09","modified_gmt":"2025-08-22T09:43:09","slug":"vaccini-borghi-lega-vogliamo-evitare-qualsiasi-obbligo-serve-una-legge","status":"publish","type":"post","link":"https:\/\/www.europesays.com\/it\/61988\/","title":{"rendered":"Vaccini, Borghi (Lega): \u201cVogliamo evitare qualsiasi obbligo, serve una legge\u201d"},"content":{"rendered":"<p>Dopo la polemica sul <a data-intcmp=\"skytg24_foglia articolo_interlink_text\" href=\"https:\/\/tg24.sky.it\/politica\/video\/2025\/08\/19\/commissione-vaccini-polemiche-decisione-di-sciogliere-il-nitag-1030070\" target=\"_self\" rel=\"nofollow noopener\">Nitag<\/a>, la Lega prosegue la battaglia contro l\u2019obbligo <a data-intcmp=\"skytg24_foglia articolo_interlink_text\" href=\"https:\/\/tg24.sky.it\/argomenti\/vaccini\" target=\"_self\" rel=\"nofollow noopener\">vaccinale<\/a>. Nelle scorse ore il leader Matteo Salvini ha detto che \u201cavere dubbi sull\u2019obbligo dei vaccini\u00a0\u00e8 buon senso\u201d. Mentre Claudio Borghi, che l\u2019anno scorso aveva presentato un emendamento al decreto liste di attesa per far saltare l\u2019obbligo, ha rincarato la dose: \u201cCi riproveremo, certo. Cos\u00ec ci allineeremo con gli altri Paesi, visto che a livello internazionale quello che ha fatto l\u2019Italia \u00e8 l\u2019eccezione, non certo la regola\u201d. Secondo le sue parole, riportate da Repubblica, Borghi ha aggiunto: \u201cVogliamo evitare qualsiasi obbligo vaccinale ma sar\u00e0 necessario l\u2019accordo con gli alleati\u201d.<\/p>\n<p>\t\t \tLe parole di Salvini<\/p>\n<p>&#8220;Dirsi dubbiosi sull&#8217;obbligo vaccinale che non c&#8217;\u00e8 nella maggior parte dei Paesi europei non penso sia antiscientifico, penso sia di buon senso\u201d, aveva detto due giorni fa il ministro delle Infrastrutture Matteo Salvini. Poi era tornato sulla vicenda dell&#8217;azzeramento da parte del ministro della Salute Schillaci della commissione\u00a0vaccini\u00a0per la <a data-intcmp=\"skytg24_foglia articolo_interlink_text\" href=\"https:\/\/tg24.sky.it\/salute-e-benessere\/2025\/08\/07\/schillaci-comitato-vaccini-nazionale-no-vax-gimbe\" target=\"_self\" rel=\"nofollow noopener\">presenza di due esponenti critici nei confronti delle immunizzazioni<\/a>.\u00a0Salvini ha sottolineato di non voler chiedere le dimissioni di Schillaci, ma &#8220;lo dico da ministro: \u00e8 come se io avessi nominato una commissione da me firmata, con dei membri da me scelti, e dopo tre giorni mi fossi auto azzerato la commissione da me scelta. Avrei un problema in casa&#8221;. &#8220;Poi &#8211; ha concluso &#8211; leggevo oggi un&#8217;intervista interessante di uno di questi due professori e medici che non stanno simpatici a qualcuno, non sono no vax, semplicemente chiedono che vengano calcolati tutti i benefici che ci sono nei\u00a0vaccini\u00a0e anche eventuali controindicazioni&#8221;.<\/p>\n<p>\t\t\t<a class=\"c-inline-card j-inline-card c-inline-card--with-image\" href=\"https:\/\/tg24.sky.it\/politica\/video\/2025\/08\/20\/salvini-avere-dubbi-su-obbligo-vaccinale-e-buon-senso-1030279\" rel=\"follow nofollow noopener\" data-intcmp=\"skytg24_articolo_approfondimenti_inline\" target=\"_blank\"><\/p>\n<p>\t\t\t         <img decoding=\"async\" crossorigin=\"anonymous\" alt=\"\" src=\"https:\/\/www.europesays.com\/it\/wp-content\/uploads\/2025\/08\/1030279_1755712997601_thumb_494.0000001_1755713283718.jpg\"  loading=\"lazy\"  bad-src=\"https:\/\/www.europesays.com\/it\/wp-content\/uploads\/2025\/08\/1030279_1755712997601_thumb_494.0000001_1755713283718.jpg\"\/><\/p>\n<p>\n\t\t\t         Vedi anche<br \/>\n\t\t\t         Salvini: avere dubbi su obbligo vaccinale \u00e8 buon senso\n\t\t\t      <\/p>\n<p>\t\t\t<\/a><\/p>\n<p>\t\t \tLa vicenda Nitag<\/p>\n<p>Il tema \u00e8 tornato alla ribalta per la polemica sul Nitag, l\u2019organismo di consulenza del ministero alla Salute sulle vaccinazioni. <a data-intcmp=\"skytg24_foglia articolo_interlink_text\" href=\"https:\/\/tg24.sky.it\/politica\/2025\/08\/16\/vaccini-iministro-schillaci-gruppo-tecnico\" target=\"_self\" rel=\"nofollow noopener\">Il ministro Schillaci aveva nominato 22 membri e poi li ha revocati<\/a> per la presenza tra i nomi di due persone con posizione critiche, o contrarie, sui vaccini: l&#8217;ex ematologo Paolo Bellavite e il pediatra Eugenio Serravalle. All\u2019irritazione della premier Meloni \u00e8 seguita la presa di distanza soprattutto della Lega. Salvini ha attaccato senza mezzi termini il ministro della Salute: &#8220;Ha deciso di testa sua ma evidentemente al ministero c&#8217;\u00e8 qualcosa che non funziona perch\u00e9 o si \u00e8 distratto prima o si \u00e8 distratto dopo. Delle due l&#8217;una, visto che le ha firmate lui e li ha rimossi lui\u201d.<\/p>\n<p>Le posizioni in maggioranza<\/p>\n<p>La Lega dunque punterebbe a cancellare o cambiare la legge del 2017 dall\u2019allora ministra Lorenzin che ha introdotto in Italia l\u2019obbligatoriet\u00e0 per i genitori di fare i vaccini pediatrici ai figli, pena l\u2019impossibilit\u00e0 di iscriverli a scuola. Non di tutti gli esponenti del Carroccio sono allineati (ad esempio Zaia ha espresso posizioni differenti). Nella maggioranza di governo Forza Italia in questi giorni ha invece difeso lo strumento dei vaccini.<\/p>\n<p>\t\t\t<a class=\"c-inline-card j-inline-card c-inline-card--with-image\" href=\"https:\/\/tg24.sky.it\/politica\/video\/2025\/08\/20\/la-maggioranza-si-spacca-sulla-commissione-vaccini-1030288\" rel=\"follow nofollow noopener\" data-intcmp=\"skytg24_articolo_approfondimenti_inline\" target=\"_blank\"><\/p>\n<p>\t\t\t         <img decoding=\"async\" crossorigin=\"anonymous\" alt=\"\" src=\"https:\/\/www.europesays.com\/it\/wp-content\/uploads\/2025\/08\/1030288_1755720490459_thumb_494.0000001_1755721464641.jpg\"  loading=\"lazy\"  bad-src=\"https:\/\/www.europesays.com\/it\/wp-content\/uploads\/2025\/08\/1030288_1755720490459_thumb_494.0000001_1755721464641.jpg\"\/><\/p>\n<p>\n\t\t\t         Vedi anche<br \/>\n\t\t\t         La maggioranza si spacca sulla Commissione Vaccini\n\t\t\t      <\/p>\n<p>\t\t\t<\/a><\/p>\n","protected":false},"excerpt":{"rendered":"Dopo la polemica sul Nitag, la Lega prosegue la battaglia contro l\u2019obbligo vaccinale. Nelle scorse ore il leader&hellip;\n","protected":false},"author":3,"featured_media":61989,"comment_status":"","ping_status":"","sticky":false,"template":"","format":"standard","meta":{"footnotes":""},"categories":[79],"tags":[14,93,94,369,1537,90,89,109,7,15,240,11,84,91,12,85,92,2187,4196],"class_list":{"0":"post-61988","1":"post","2":"type-post","3":"status-publish","4":"format-standard","5":"has-post-thumbnail","7":"category-italia","8":"tag-cronaca","9":"tag-cronaca-italiana","10":"tag-cronacaitaliana","11":"tag-digitall","12":"tag-it","13":"tag-italia","14":"tag-italy","15":"tag-lega","16":"tag-news","17":"tag-notizie","18":"tag-salute","19":"tag-ultime-notizie","20":"tag-ultime-notizie-e-news-di-oggi","21":"tag-ultime-notizie-italia","22":"tag-ultimenotizie","23":"tag-ultimenotizieenewsdioggi","24":"tag-ultimenotizieitalia","25":"tag-vaccini","26":"tag-vaccino"},"share_on_mastodon":{"url":"","error":""},"_links":{"self":[{"href":"https:\/\/www.europesays.com\/it\/wp-json\/wp\/v2\/posts\/61988","targetHints":{"allow":["GET"]}}],"collection":[{"href":"https:\/\/www.europesays.com\/it\/wp-json\/wp\/v2\/posts"}],"about":[{"href":"https:\/\/www.europesays.com\/it\/wp-json\/wp\/v2\/types\/post"}],"author":[{"embeddable":true,"href":"https:\/\/www.europesays.com\/it\/wp-json\/wp\/v2\/users\/3"}],"replies":[{"embeddable":true,"href":"https:\/\/www.europesays.com\/it\/wp-json\/wp\/v2\/comments?post=61988"}],"version-history":[{"count":0,"href":"https:\/\/www.europesays.com\/it\/wp-json\/wp\/v2\/posts\/61988\/revisions"}],"wp:featuredmedia":[{"embeddable":true,"href":"https:\/\/www.europesays.com\/it\/wp-json\/wp\/v2\/media\/61989"}],"wp:attachment":[{"href":"https:\/\/www.europesays.com\/it\/wp-json\/wp\/v2\/media?parent=61988"}],"wp:term":[{"taxonomy":"category","embeddable":true,"href":"https:\/\/www.europesays.com\/it\/wp-json\/wp\/v2\/categories?post=61988"},{"taxonomy":"post_tag","embeddable":true,"href":"https:\/\/www.europesays.com\/it\/wp-json\/wp\/v2\/tags?post=61988"}],"curies":[{"name":"wp","href":"https:\/\/api.w.org\/{rel}","templated":true}]}}