{"id":619889,"date":"2026-08-06T04:30:28","date_gmt":"2026-08-06T04:30:28","guid":{"rendered":"https:\/\/www.europesays.com\/it\/619889\/"},"modified":"2026-08-06T04:30:28","modified_gmt":"2026-08-06T04:30:28","slug":"due-punti-vendita-giglio-verso-la-chiusura-in-arrivo-il-licenziamento-per-15-dipendenti","status":"publish","type":"post","link":"https:\/\/www.europesays.com\/it\/619889\/","title":{"rendered":"Due punti vendita Giglio verso la chiusura, in arrivo il licenziamento per 15 dipendenti"},"content":{"rendered":"<p>Due punti vendita verso la chiusura, licenziamento in arrivo per 15 dipendenti. La comunicazione \u00e8 stata inviata dalla societ\u00e0 Giglio spa, alle organizzazioni sindacali. Lo stop riguarder\u00e0 i due negozi di piazza Mordini Giglio Piccolo e Giglio Accessori. Alla base della decisione ci sarebbe la riduzione dei volumi di vendita a vantaggio invece dell&#8217;e-commerce.<\/p>\n<p>&#8220;L\u2019emporio del lusso made in Palermo, che vende brand iconici dell\u2019alta moda e accessori di tendenza nella catena di negozi sull\u2019asse di via Libert\u00e0 presenta una &#8216;condizione economica negativa&#8217;, dovuta all\u2019andamento involutivo generale, alla riduzione dei consumi, al cambio delle abitudini d\u2019acquisto che coinvolge anche il comparto del lusso &#8211; si legge in una nota diffusa da Filcams Cgil Palermo -. Una situazione di crisi che, per l\u2019azienda, necessita di interventi a salvaguardia della continuit\u00e0 aziendale&#8221;. La procedura di licenziamento dovrebbe riguardare 15 dipendenti su 64 attualmente occupati dall&#8217;azienda. La procedura, secondo i tempi previsti per legge, dovrebbe chiudersi a ottobre.<\/p>\n<p>\u201cUn altro grande marchio palermitano \u00e8 in piena crisi. Percorreremo tutti i tempi della procedura, per ottenere la salvaguardia di tutti i livelli occupazionali. Siamo vicini ai lavoratori. Non faremo sconti a nessuno facendo rispettare quelli che sono i loro diritti &#8211; dichiarano il segretario generale Filcams Cgil Palermo Giuseppe Aiello e il segretario Filcams Manlio Mandalari \u2013. Non \u00e8 un fulmine a ciel sereno. Il gruppo aveva gi\u00e0 mostrato le prime avvisaglie, tanto che un paio di mesi fa \u00e8 stata avviata una procedura di Fis (fondo integrazione salariale, ndr) per i lavoratori di un\u2019altra societ\u00e0 del gruppo, che gestisce la logistica, la Giglio.com, procedura rispetto alla quale ci siamo espressi in modo molto critico\u201d.<\/p>\n<p>La Filcams in passato aveva anche criticato pesantemente l\u2019applicazione in azienda da parte di Giglio di un contratto non leader, e aveva chiesto l\u2019adozione di un contratto di settore firmato dalle organizzazioni sindacali comparativamente pi\u00f9 rappresentative. \u201cDal punto di vista salariale \u2013 aggiungono Aiello e Mandalari \u2013 si tratta di un contratto peggiorativo. L\u2019abbiamo contestato e abbiamo provato a chiedere durante la procedura che applicassero il contratto nazionale pi\u00f9 rappresentativo. Avrebbero dovuto colmare le differenze salariali, come previsto dal decreto lavoro del Primo maggio. Ma adesso \u00e8 sopraggiunta la crisi\u201d.<\/p>\n<p>Attualmente la societ\u00e0 dei negozi Giglio spa impiega complessivamente 64 lavoratori e lavoratrici dipendenti tra full-time e part-time nei vari ruoli. Dodici nel negozio storico Giglio In di via Libert\u00e0, altri 5 nella Boutique Uomo, 9 nella Boutique Donna, 6 da Giglio Accessori, 6 da Giglio Piccolo, 4 al Molo Trapezoidale e altri nella sede amministrativa di via Stazione San Lorenzo.<\/p>\n","protected":false},"excerpt":{"rendered":"Due punti vendita verso la chiusura, licenziamento in arrivo per 15 dipendenti. La comunicazione \u00e8 stata inviata dalla&hellip;\n","protected":false},"author":3,"featured_media":619890,"comment_status":"","ping_status":"","sticky":false,"template":"","format":"standard","meta":{"footnotes":"","_share_on_mastodon":"0"},"categories":[172],"tags":[178,177,3707,1537,90,89],"class_list":["post-619889","post","type-post","status-publish","format-standard","has-post-thumbnail","category-affari","tag-affari","tag-business","tag-commercio","tag-it","tag-italia","tag-italy"],"share_on_mastodon":{"url":"https:\/\/pubeurope.com\/@it\/117046688861187063","error":""},"_links":{"self":[{"href":"https:\/\/www.europesays.com\/it\/wp-json\/wp\/v2\/posts\/619889","targetHints":{"allow":["GET"]}}],"collection":[{"href":"https:\/\/www.europesays.com\/it\/wp-json\/wp\/v2\/posts"}],"about":[{"href":"https:\/\/www.europesays.com\/it\/wp-json\/wp\/v2\/types\/post"}],"author":[{"embeddable":true,"href":"https:\/\/www.europesays.com\/it\/wp-json\/wp\/v2\/users\/3"}],"replies":[{"embeddable":true,"href":"https:\/\/www.europesays.com\/it\/wp-json\/wp\/v2\/comments?post=619889"}],"version-history":[{"count":0,"href":"https:\/\/www.europesays.com\/it\/wp-json\/wp\/v2\/posts\/619889\/revisions"}],"wp:featuredmedia":[{"embeddable":true,"href":"https:\/\/www.europesays.com\/it\/wp-json\/wp\/v2\/media\/619890"}],"wp:attachment":[{"href":"https:\/\/www.europesays.com\/it\/wp-json\/wp\/v2\/media?parent=619889"}],"wp:term":[{"taxonomy":"category","embeddable":true,"href":"https:\/\/www.europesays.com\/it\/wp-json\/wp\/v2\/categories?post=619889"},{"taxonomy":"post_tag","embeddable":true,"href":"https:\/\/www.europesays.com\/it\/wp-json\/wp\/v2\/tags?post=619889"}],"curies":[{"name":"wp","href":"https:\/\/api.w.org\/{rel}","templated":true}]}}