{"id":620057,"date":"2026-08-06T07:27:13","date_gmt":"2026-08-06T07:27:13","guid":{"rendered":"https:\/\/www.europesays.com\/it\/620057\/"},"modified":"2026-08-06T07:27:13","modified_gmt":"2026-08-06T07:27:13","slug":"ciclismo-giovanili-a-firenze-manfredi-e-tricolore","status":"publish","type":"post","link":"https:\/\/www.europesays.com\/it\/620057\/","title":{"rendered":"Ciclismo. Giovanili a Firenze . Manfredi \u00e8 tricolore"},"content":{"rendered":"<p>L\u2019allievo <strong>Leonardo Manfredi<\/strong>, portacolori del <strong>Team Paletti Modena<\/strong>, ha conquistato la maglia tricolore nella velocit\u00e0 a squadre nella prima giornata dei <strong>campionati italiani giovanili<\/strong> in corso di svolgimento sul <strong>velodromo Sacchi a Firenze<\/strong>.<\/p>\n<p>Manfredi si \u00e8 aggiudicato il titolo assieme a Lucio Baccini e Loris Iapella. Il terzetto emiliano \u00e8 stato protagonista di una prova solida e ben sincronizzata, superando il Veneto autore di una prestazione di alto livello, mentre il podio \u00e8 stato completato dal Team Friuli Venezia Giulia. Sempre nella prima giornata, Manfredi \u00e8 stato inserito dal tecnico emiliano-romagnola nella formazione dell\u2019inseguimento a squadre assieme ai romagnoli Nicol\u00f2 Astara, Alexandru Munteanu e Lucio Baccini, che si sono aggiudicati la finale per il terzo e quarto posto conquistando un pregevole bronzo. Manfredi sar\u00e0 poi impegnato nella velocit\u00e0.<\/p>\n<p>I tricolori giovanili sul velodromo fiorentino si concluderanno venerd\u00ec con la Madison. Soddisfazione nel Team Solme Olmo per la sesta vittoria stagionale su strada, un successo, quello di Armin Caselli, colto con autorit\u00e0 in quel di Sommacampagna (Vr): &#8220;Il giusto riconoscimento per il grande impegno costellato di risultati di rilievo \u2013 ha commentato soddisfatto il diesse dell\u2019atleta modenese Zanetti \u2013, gi\u00e0 domenica \u00e8 entrato nella top ten e nella corsa veronese \u00e8 riuscito a centrare la fuga decisiva assieme a compagno di squadra Cornacchini che lo ha messo nella condizione di aggiudicarsi nettamente la vittoria&#8221;.<\/p>\n<p>Al ds gli ha fatto eco direttamente il 19enne Armin Caselli: &#8220;Sentivo di stare bene e sono riuscito, grazie al supporto di tutto il team, a trovare una vittoria che dedico a tutta la mia famiglia che mi \u00e8 sempre stata vicino. Vista la buona condizione spero di fare un bel finale di stagione, ci sono diversi appuntamenti importanti&#8221;.<\/p>\n","protected":false},"excerpt":{"rendered":"L\u2019allievo Leonardo Manfredi, portacolori del Team Paletti Modena, ha conquistato la maglia tricolore nella velocit\u00e0 a squadre nella&hellip;\n","protected":false},"author":3,"featured_media":620058,"comment_status":"","ping_status":"","sticky":false,"template":"","format":"standard","meta":{"footnotes":"","_share_on_mastodon":"0"},"categories":[1456],"tags":[1824,1825,2266,11370,1537,90,89,27417,245,244,20756],"class_list":["post-620057","post","type-post","status-publish","format-standard","has-post-thumbnail","category-ciclismo","tag-ciclismo","tag-cycling","tag-firenze","tag-giovanili","tag-it","tag-italia","tag-italy","tag-manfredi","tag-sport","tag-sports","tag-tricolore"],"share_on_mastodon":{"url":"https:\/\/pubeurope.com\/@it\/117047384251690952","error":""},"_links":{"self":[{"href":"https:\/\/www.europesays.com\/it\/wp-json\/wp\/v2\/posts\/620057","targetHints":{"allow":["GET"]}}],"collection":[{"href":"https:\/\/www.europesays.com\/it\/wp-json\/wp\/v2\/posts"}],"about":[{"href":"https:\/\/www.europesays.com\/it\/wp-json\/wp\/v2\/types\/post"}],"author":[{"embeddable":true,"href":"https:\/\/www.europesays.com\/it\/wp-json\/wp\/v2\/users\/3"}],"replies":[{"embeddable":true,"href":"https:\/\/www.europesays.com\/it\/wp-json\/wp\/v2\/comments?post=620057"}],"version-history":[{"count":0,"href":"https:\/\/www.europesays.com\/it\/wp-json\/wp\/v2\/posts\/620057\/revisions"}],"wp:featuredmedia":[{"embeddable":true,"href":"https:\/\/www.europesays.com\/it\/wp-json\/wp\/v2\/media\/620058"}],"wp:attachment":[{"href":"https:\/\/www.europesays.com\/it\/wp-json\/wp\/v2\/media?parent=620057"}],"wp:term":[{"taxonomy":"category","embeddable":true,"href":"https:\/\/www.europesays.com\/it\/wp-json\/wp\/v2\/categories?post=620057"},{"taxonomy":"post_tag","embeddable":true,"href":"https:\/\/www.europesays.com\/it\/wp-json\/wp\/v2\/tags?post=620057"}],"curies":[{"name":"wp","href":"https:\/\/api.w.org\/{rel}","templated":true}]}}