{"id":620192,"date":"2026-08-06T09:18:15","date_gmt":"2026-08-06T09:18:15","guid":{"rendered":"https:\/\/www.europesays.com\/it\/620192\/"},"modified":"2026-08-06T09:18:15","modified_gmt":"2026-08-06T09:18:15","slug":"lorenzo-uglietti-pronto-a-ripartire-con-reggio-emilia-la-forza-del-gruppo-sara-ancora-la-nostra-arma","status":"publish","type":"post","link":"https:\/\/www.europesays.com\/it\/620192\/","title":{"rendered":"Lorenzo Uglietti pronto a ripartire con Reggio Emilia: \u00abLa forza del gruppo sar\u00e0 ancora la nostra arma\u00bb"},"content":{"rendered":"<p class=\"isSelectedEnd\">Lorenzo Uglietti \u00e8 pronto a iniziare una nuova stagione con la maglia della Pallacanestro Reggiana. Intervistato da Il Resto del Carlino \u2013 Reggio Emilia, l\u2019esterno biancorosso ha parlato del possibile ruolo di capitano, dell\u2019attesa per il ritorno in palestra e delle caratteristiche del roster costruito dalla societ\u00e0 per il prossimo campionato.<\/p>\n<p class=\"isSelectedEnd\">Uno dei temi affrontati \u00e8 stato quello della fascia di capitano. Uglietti non ha nascosto il piacere che proverebbe nel ricoprire un ruolo cos\u00ec importante, mettendo la propria disponibilit\u00e0 al servizio della squadra. Prima di prendere una decisione definitiva, per\u00f2, sar\u00e0 necessario ritrovarsi con i compagni e confrontarsi con la societ\u00e0 in vista dell\u2019inizio della nuova avventura.<\/p>\n<p class=\"isSelectedEnd\">L\u2019esterno classe 1994 ha poi raccontato la propria voglia di tornare in campo. Dopo essersi concesso un periodo di riposo e aver approfittato delle vacanze per visitare alcune citt\u00e0 e incontrare gli amici, Uglietti ha ammesso di attendere con impazienza il giorno del raduno: \u00abOnestamente non vedo l\u2019ora\u00bb. La mancanza del campo, dello spogliatoio e delle partite si \u00e8 infatti fatta sentire gi\u00e0 a poche settimane dalla conclusione della passata stagione.<\/p>\n<p class=\"isSelectedEnd\">Positivo anche il giudizio sulla nuova Pallacanestro Reggiana. La conferma di diversi giocatori consentir\u00e0 alla formazione allenata da Dimitris Priftis di ripartire da una base gi\u00e0 consolidata, sia dal punto di vista tecnico sia sotto il profilo dell\u2019intesa all\u2019interno del gruppo.<\/p>\n<p class=\"isSelectedEnd\">Gli arrivi di Rob Edwards e Speedy Smith permetteranno inoltre alla Reggiana di aumentare la fisicit\u00e0 nel reparto degli esterni. Secondo Uglietti, entrambi potranno garantire solidit\u00e0 difensiva e adattarsi alle richieste di coach Priftis. Sotto canestro, invece, Derek Ogbeide aggiunger\u00e0 atletismo, presenza fisica e profondit\u00e0 alle rotazioni.<\/p>\n<p>La nuova squadra biancorossa prover\u00e0 dunque a ripartire dalla continuit\u00e0 del gruppo e dall\u2019inserimento di giocatori in grado di aumentarne la fisicit\u00e0. Uglietti \u00e8 pronto a rappresentare ancora una volta uno dei punti di riferimento dello spogliatoio, con la possibilit\u00e0 di assumere anche un ruolo sempre pi\u00f9 importante dal punto di vista della leadership.<\/p>\n<p>Fonte: Il Resto del Carlino \u2013 Reggio Emilia<\/p>\n<p>In foto: Lorenzo Uglietti | Foto di Susanna Arioli \/ Ciamillo-Castoria<\/p>\n","protected":false},"excerpt":{"rendered":"Lorenzo Uglietti \u00e8 pronto a iniziare una nuova stagione con la maglia della Pallacanestro Reggiana. Intervistato da Il&hellip;\n","protected":false},"author":3,"featured_media":620193,"comment_status":"","ping_status":"","sticky":false,"template":"","format":"standard","meta":{"footnotes":"","_share_on_mastodon":"0"},"categories":[1453],"tags":[1756,1757,308384,126954,1537,90,89,1868,52854,18452,22326,324229,251,331343,245,244,90263],"class_list":["post-620192","post","type-post","status-publish","format-standard","has-post-thumbnail","category-basket","tag-basket","tag-basketball","tag-derek-ogbeide","tag-dimitris-priftis","tag-it","tag-italia","tag-italy","tag-lba","tag-lorenzo-uglietti","tag-pallacanestro-reggiana","tag-reggio-emilia","tag-rob-edwards","tag-serie-a","tag-speedy-smith","tag-sport","tag-sports","tag-una-hotels-reggio-emilia"],"share_on_mastodon":{"url":"https:\/\/pubeurope.com\/@it\/117047820871904365","error":""},"_links":{"self":[{"href":"https:\/\/www.europesays.com\/it\/wp-json\/wp\/v2\/posts\/620192","targetHints":{"allow":["GET"]}}],"collection":[{"href":"https:\/\/www.europesays.com\/it\/wp-json\/wp\/v2\/posts"}],"about":[{"href":"https:\/\/www.europesays.com\/it\/wp-json\/wp\/v2\/types\/post"}],"author":[{"embeddable":true,"href":"https:\/\/www.europesays.com\/it\/wp-json\/wp\/v2\/users\/3"}],"replies":[{"embeddable":true,"href":"https:\/\/www.europesays.com\/it\/wp-json\/wp\/v2\/comments?post=620192"}],"version-history":[{"count":0,"href":"https:\/\/www.europesays.com\/it\/wp-json\/wp\/v2\/posts\/620192\/revisions"}],"wp:featuredmedia":[{"embeddable":true,"href":"https:\/\/www.europesays.com\/it\/wp-json\/wp\/v2\/media\/620193"}],"wp:attachment":[{"href":"https:\/\/www.europesays.com\/it\/wp-json\/wp\/v2\/media?parent=620192"}],"wp:term":[{"taxonomy":"category","embeddable":true,"href":"https:\/\/www.europesays.com\/it\/wp-json\/wp\/v2\/categories?post=620192"},{"taxonomy":"post_tag","embeddable":true,"href":"https:\/\/www.europesays.com\/it\/wp-json\/wp\/v2\/tags?post=620192"}],"curies":[{"name":"wp","href":"https:\/\/api.w.org\/{rel}","templated":true}]}}