{"id":620259,"date":"2026-08-06T10:09:17","date_gmt":"2026-08-06T10:09:17","guid":{"rendered":"https:\/\/www.europesays.com\/it\/620259\/"},"modified":"2026-08-06T10:09:17","modified_gmt":"2026-08-06T10:09:17","slug":"soudal-quick-step-arriva-teutenberg-con-un-contratto-biennale","status":"publish","type":"post","link":"https:\/\/www.europesays.com\/it\/620259\/","title":{"rendered":"SOUDAL QUICK STEP. ARRIVA TEUTENBERG CON UN CONTRATTO BIENNALE"},"content":{"rendered":"<p>            <a class=\"category\" href=\"https:\/\/www.tuttobiciweb.it\/articles\/category\/MERCATO\" itemprop=\"about\" rel=\"nofollow noopener\" target=\"_blank\">MERCATO<\/a> | 06\/08\/2026 | 11:15<\/p>\n<p><strong>Tim Torn Teutenberg ha firmato un contratto con la Soudal Quick-Step che lo legher\u00e0 alla squadra fino alla fine del 2028.<\/strong> Il ventiquattrenne di Colonia \u00e8 diventato professionista nel 2025 e da allora ha impressionato per le sue doti di velocista, le sue capacit\u00e0 a cronometro e la sua passione per le corse di un giorno.\n            <\/p>\n<p>&#8220;<strong>Sono felicissimo di entrare a far parte di questa squadra.<\/strong> Ammiro la Soudal Quick-Step fin da quando ero piccolo ed <strong>ero un grande fan di Mark Cavendish quando correva per il Wolfpack.<\/strong> \u00c8 una squadra con una straordinaria tradizione nelle Classiche, le gare in cui spero di continuare a migliorare. Allo stesso tempo, voglio anche crescere come velocista, quindi la prossima stagione sar\u00e0 incentrata sul trovare il giusto equilibrio tra i due aspetti&#8221;, ha dichiarato Tim.\n            <\/p>\n<p>Il ciclismo ha sempre fatto parte della vita di Tim, il che non sorprende vista la profonda passione della sua famiglia per questo sport. <strong>Suo nonno, Horst,<\/strong> ha dedicato decenni allo sviluppo del ciclismo nella Renania Settentrionale-Vestfalia, mentre<strong> suo padre, Lars,<\/strong> ha avuto una brillante carriera professionistica, culminata con vittorie al Tour de Wallonie e alla Th\u00fcringen Rundfahrt. <strong>Suo zio, Sven<\/strong>, ha gareggiato ai massimi livelli prima di svolgere un ruolo chiave nel portare la Grand D\u00e9part del Tour de France a D\u00fcsseldorf, mentre <strong>sua zia, Ina-Yoko<\/strong> Teutenberg, \u00e8 una delle cicliste pi\u00f9 vincenti di tutti i tempi. La tradizione ciclistica della famiglia continua ancora oggi con la sorella maggiore di Tim, Lea Lin Teutenberg, anch&#8217;essa ciclista professionista.<\/p>\n<p><strong>Il talento di Tim era evidente ben prima del suo ingresso nel mondo del ciclismo professionistico<\/strong>. Tra i suoi risultati pi\u00f9 significativi come corridore under 23 spicca la vittoria alla Parigi-Roubaix Espoirs, e ora spera un giorno di lasciare il segno nella versione World Tour dell&#8217;Inferno del Nord con i colori della Soudal Quick-Step. \u201cNon ho mai corso la Parigi-Roubaix da quando sono diventato professionista, ma spero che unendomi a questa squadra avr\u00f2 l&#8217;opportunit\u00e0 di farlo e di supportare al meglio il gruppo nella lotta per un grande risultato sul pav\u00e9 francese. <strong>Non vedo l&#8217;ora di correre di nuovo al fianco di Jasper Stuyven, Tim Merlier e Paul Magnier.<\/strong> Veri leader e corridori da cui si pu\u00f2 imparare molto, ed \u00e8 esattamente quello che intendo fare la prossima stagione.\u201d<\/p>\n<p>Il CEO della Soudal Quick-Step, J\u00fcrgen For\u00e9, ha dato il benvenuto a Tim nella squadra: \u201cTim ha gi\u00e0 dimostrato di essere un corridore molto versatile. Ha la velocit\u00e0 per competere nelle volate di gruppo, pu\u00f2 ottenere buoni risultati nelle Classiche e ha anche dimostrato le sue qualit\u00e0 nelle cronometro e in pista. Questa versatilit\u00e0, unita alla sua ambizione di migliorarsi e alla sua forte etica del lavoro, lo rende un corridore promettente per il futuro. <strong>Crediamo che sia perfetto per la nostra squadra e per la nostra filosofia. \u00c8 ancora giovane, desideroso di imparare e pronto a fare il passo successivo nella sua carriera<\/strong>. Non vediamo l&#8217;ora di lavorare con lui nelle prossime stagioni e di aiutarlo a continuare a crescere. Siamo fiduciosi che, insieme, potremo raggiungere grandi traguardi.\u201d<\/p>\n<p>\n    <a href=\"https:\/\/www.tuttobiciweb.it\/article\/2026\/08\/06\/1786007979\/cycling-soudal-quick-step-tim-teutenberg-sprinters-classics?lang=en\" rel=\"nofollow noopener\" target=\"_blank\"><img decoding=\"async\" src=\"https:\/\/www.europesays.com\/it\/wp-content\/uploads\/2025\/12\/enver.png\"\/><\/a><\/p>\n<p>Copyright &amp;copy TBW<\/p>\n","protected":false},"excerpt":{"rendered":"MERCATO | 06\/08\/2026 | 11:15 Tim Torn Teutenberg ha firmato un contratto con la Soudal Quick-Step che lo&hellip;\n","protected":false},"author":3,"featured_media":620260,"comment_status":"","ping_status":"","sticky":false,"template":"","format":"standard","meta":{"footnotes":"","_share_on_mastodon":"0"},"categories":[1456],"tags":[1824,14371,1825,1537,90,89,23533,245,244,342064,34655],"class_list":["post-620259","post","type-post","status-publish","format-standard","has-post-thumbnail","category-ciclismo","tag-ciclismo","tag-classiche","tag-cycling","tag-it","tag-italia","tag-italy","tag-soudal-quick-step","tag-sport","tag-sports","tag-tim-teutenberg","tag-velocisti"],"share_on_mastodon":{"url":"https:\/\/pubeurope.com\/@it\/117048022032283605","error":""},"_links":{"self":[{"href":"https:\/\/www.europesays.com\/it\/wp-json\/wp\/v2\/posts\/620259","targetHints":{"allow":["GET"]}}],"collection":[{"href":"https:\/\/www.europesays.com\/it\/wp-json\/wp\/v2\/posts"}],"about":[{"href":"https:\/\/www.europesays.com\/it\/wp-json\/wp\/v2\/types\/post"}],"author":[{"embeddable":true,"href":"https:\/\/www.europesays.com\/it\/wp-json\/wp\/v2\/users\/3"}],"replies":[{"embeddable":true,"href":"https:\/\/www.europesays.com\/it\/wp-json\/wp\/v2\/comments?post=620259"}],"version-history":[{"count":0,"href":"https:\/\/www.europesays.com\/it\/wp-json\/wp\/v2\/posts\/620259\/revisions"}],"wp:featuredmedia":[{"embeddable":true,"href":"https:\/\/www.europesays.com\/it\/wp-json\/wp\/v2\/media\/620260"}],"wp:attachment":[{"href":"https:\/\/www.europesays.com\/it\/wp-json\/wp\/v2\/media?parent=620259"}],"wp:term":[{"taxonomy":"category","embeddable":true,"href":"https:\/\/www.europesays.com\/it\/wp-json\/wp\/v2\/categories?post=620259"},{"taxonomy":"post_tag","embeddable":true,"href":"https:\/\/www.europesays.com\/it\/wp-json\/wp\/v2\/tags?post=620259"}],"curies":[{"name":"wp","href":"https:\/\/api.w.org\/{rel}","templated":true}]}}