{"id":620278,"date":"2026-08-06T10:22:12","date_gmt":"2026-08-06T10:22:12","guid":{"rendered":"https:\/\/www.europesays.com\/it\/620278\/"},"modified":"2026-08-06T10:22:12","modified_gmt":"2026-08-06T10:22:12","slug":"e-morto-francesco-guccini-il-maestrone-lanciato-contro-lingiustizia","status":"publish","type":"post","link":"https:\/\/www.europesays.com\/it\/620278\/","title":{"rendered":"\u00c8 morto Francesco Guccini, il Maestrone lanciato contro l&#8217;ingiustizia"},"content":{"rendered":"<p>Francesco Guccini \u00e8 morto. E&#8217; un Dio che \u00e8 morto per citare una sua canzone celeberrima. Aveva 86 anni, da tempo viveva ritirato nella sua Pavana, cullato dal &#8220;suono continuo e ossessivo che fa il Limentra&#8221;, il fiume celebrato nella canzone Amerigo, storia di povert\u00e0 e migranti. Viene dal mondo delle osterie e delle balere, un mondo che non esiste pi\u00f9 ma che lui ha reso eterno: ancora oggi a Bologna, che lu\u00ec defin\u00ec &#8220;una vecchia signora col seno sul piano padono e il culo sui colli&#8221;, c&#8217;\u00e8 chi cerca il respiro di quei luoghi, in primis l&#8217;Osteria delle Dame. I funerali si svolgeranno in forma privata, per suo volere e come ribadito dalla famiglia, nei prossimi giorni. Per me \u00e8 stato un punto di riferimento dall&#8217;adolescenza in avanti, \u00e8 stato il secondo concerto della mia vita (il primo fu Edoardo Bennato nella stagione di Burattino senza Fili) e credo di averlo visto sul palco almeno una ventina di volte. Al suo fiaco una fantastica compagnia di musicisti, da Juan Flaco Biondini ad Ares Tavolazzi, dal mitico batterista Ellade Bandini a Vince Tempera per citare qualche nome. Oltre che narratore di storie \u00e8 stato anche scrittore, indimenticabile il suo Croniche Epafaniche del 1986.<\/p>\n<p>\t\t\tIL DEBUTTO NEL 1967 CON FOLK BEAT N. 1<\/p>\n<p>Il suo viaggio musicale \u00e8 iniziato nel 1967 con un album per l&#8217;epoca ostico dal titolo <strong>Folk Beat N. 1 <\/strong>(per la cronaca non c&#8217;\u00e8 mai stato un secondo atto). I dischi erano esclusivamente vinili e si dividevano in Lato A e lAto B. Pur essendo un esordio conteneva gi\u00e0 canzoni che sono sempre state presenti nei suoi concerti e che restano, nel 2026, pietre angolari del cantaurorato: si tratta di <strong>Noi non ci saremo, In Morte di S.F.<\/strong> (con la quale apriva tutti i suoi spettacoli mentre la chiusura era affidata a <strong>La Locomotiva<\/strong>) e <strong>La canzone del Bambino nel Vento (Auschwitz)<\/strong>: &#8220;io chiedo quando sar\u00e0 che l\u2019uomo potr\u00e0 imparare a\u00a0vivere senza ammazzare e\u00a0il vento si poser\u00e0&#8221; \u00e8 un interrogativo che ancora oggi resta tristemente senza risposta.<\/p>\n<p>\t\t\tL&#8217;ULTIMA THULE E LE CANZONI DA INTORTO E DA OSTERIA<\/p>\n<p>Muoversi nella sua discografia \u00e8 opera titanica. <strong>Francesco Guccini<\/strong> \u00e8 stato il maestro Alberto Manzi (quel professore che negli Sessanta attraverso un programma televisivo, ha fatto prendere la licenza elementare a un milione e mezzo di italiani)<\/p>\n","protected":false},"excerpt":{"rendered":"Francesco Guccini \u00e8 morto. E&#8217; un Dio che \u00e8 morto per citare una sua canzone celeberrima. Aveva 86&hellip;\n","protected":false},"author":3,"featured_media":620279,"comment_status":"","ping_status":"","sticky":false,"template":"","format":"standard","meta":{"footnotes":"","_share_on_mastodon":"0"},"categories":[174],"tags":[2922,203,62127,204,1537,90,89],"class_list":["post-620278","post","type-post","status-publish","format-standard","has-post-thumbnail","category-intrattenimento","tag-addii","tag-entertainment","tag-francesco-guccini","tag-intrattenimento","tag-it","tag-italia","tag-italy"],"share_on_mastodon":{"url":"https:\/\/pubeurope.com\/@it\/117048072644741385","error":""},"_links":{"self":[{"href":"https:\/\/www.europesays.com\/it\/wp-json\/wp\/v2\/posts\/620278","targetHints":{"allow":["GET"]}}],"collection":[{"href":"https:\/\/www.europesays.com\/it\/wp-json\/wp\/v2\/posts"}],"about":[{"href":"https:\/\/www.europesays.com\/it\/wp-json\/wp\/v2\/types\/post"}],"author":[{"embeddable":true,"href":"https:\/\/www.europesays.com\/it\/wp-json\/wp\/v2\/users\/3"}],"replies":[{"embeddable":true,"href":"https:\/\/www.europesays.com\/it\/wp-json\/wp\/v2\/comments?post=620278"}],"version-history":[{"count":0,"href":"https:\/\/www.europesays.com\/it\/wp-json\/wp\/v2\/posts\/620278\/revisions"}],"wp:featuredmedia":[{"embeddable":true,"href":"https:\/\/www.europesays.com\/it\/wp-json\/wp\/v2\/media\/620279"}],"wp:attachment":[{"href":"https:\/\/www.europesays.com\/it\/wp-json\/wp\/v2\/media?parent=620278"}],"wp:term":[{"taxonomy":"category","embeddable":true,"href":"https:\/\/www.europesays.com\/it\/wp-json\/wp\/v2\/categories?post=620278"},{"taxonomy":"post_tag","embeddable":true,"href":"https:\/\/www.europesays.com\/it\/wp-json\/wp\/v2\/tags?post=620278"}],"curies":[{"name":"wp","href":"https:\/\/api.w.org\/{rel}","templated":true}]}}