{"id":620447,"date":"2026-08-06T12:40:14","date_gmt":"2026-08-06T12:40:14","guid":{"rendered":"https:\/\/www.europesays.com\/it\/620447\/"},"modified":"2026-08-06T12:40:14","modified_gmt":"2026-08-06T12:40:14","slug":"guerra-ucraina-media-droni-russi-contro-nave-cargo-tedesca-a-odessa-incendio-a-bordo-ed-equipaggio-evacuato","status":"publish","type":"post","link":"https:\/\/www.europesays.com\/it\/620447\/","title":{"rendered":"Guerra Ucraina, media: \u00abDroni russi contro nave cargo tedesca a Odessa, incendio a bordo ed equipaggio evacuato\u00bb"},"content":{"rendered":"<p>Una nave cargo tedesca, battente bandiera liberiana, \u00e8 finita nel mirino di un attacco di droni russi, nel Mar Nero, vicino a Odessa. Lo scrive la Bild. Stando al tabloid alcuni razzi hanno inoltre distrutto un deposito dell&#8217;azienda tedesca di Ulm Liqui Moly, a Kiev. La nave presa d&#8217;assalto dai droni si chiama \u00abEmil\u00bb e si trovava a 21 miglia dalla citt\u00e0 portuale. A bordo \u00e8 esploso un incendio, e diversi sistemi tecnici sono andati in panne. L&#8217;equipaggio \u00e8 stato evacuato e nessuno \u00e8 rimasto ferito. Confermati dai russi, gli attacchi arrivano il giorno dopo il ritrovamento di un drone bomba all&#8217;aeroporto di Lipsia.<\/p>\n","protected":false},"excerpt":{"rendered":"Una nave cargo tedesca, battente bandiera liberiana, \u00e8 finita nel mirino di un attacco di droni russi, nel&hellip;\n","protected":false},"author":3,"featured_media":620448,"comment_status":"","ping_status":"","sticky":false,"template":"","format":"standard","meta":{"footnotes":"","_share_on_mastodon":"0"},"categories":[160],"tags":[14,164,165,77,3576,166,7,15,9864,383,53911,171,170,243,11,167,12,168,161,162,163],"class_list":["post-620447","post","type-post","status-publish","format-standard","has-post-thumbnail","category-mondo","tag-cronaca","tag-dal-mondo","tag-dalmondo","tag-guerra","tag-guerra-ucraina","tag-mondo","tag-news","tag-notizie","tag-petrolio","tag-putin","tag-raffinerie","tag-russia","tag-ucraina","tag-ultima-ora","tag-ultime-notizie","tag-ultime-notizie-di-mondo","tag-ultimenotizie","tag-ultimenotiziedimondo","tag-world","tag-world-news","tag-worldnews"],"share_on_mastodon":{"url":"https:\/\/pubeurope.com\/@it\/117048615272835847","error":""},"_links":{"self":[{"href":"https:\/\/www.europesays.com\/it\/wp-json\/wp\/v2\/posts\/620447","targetHints":{"allow":["GET"]}}],"collection":[{"href":"https:\/\/www.europesays.com\/it\/wp-json\/wp\/v2\/posts"}],"about":[{"href":"https:\/\/www.europesays.com\/it\/wp-json\/wp\/v2\/types\/post"}],"author":[{"embeddable":true,"href":"https:\/\/www.europesays.com\/it\/wp-json\/wp\/v2\/users\/3"}],"replies":[{"embeddable":true,"href":"https:\/\/www.europesays.com\/it\/wp-json\/wp\/v2\/comments?post=620447"}],"version-history":[{"count":0,"href":"https:\/\/www.europesays.com\/it\/wp-json\/wp\/v2\/posts\/620447\/revisions"}],"wp:featuredmedia":[{"embeddable":true,"href":"https:\/\/www.europesays.com\/it\/wp-json\/wp\/v2\/media\/620448"}],"wp:attachment":[{"href":"https:\/\/www.europesays.com\/it\/wp-json\/wp\/v2\/media?parent=620447"}],"wp:term":[{"taxonomy":"category","embeddable":true,"href":"https:\/\/www.europesays.com\/it\/wp-json\/wp\/v2\/categories?post=620447"},{"taxonomy":"post_tag","embeddable":true,"href":"https:\/\/www.europesays.com\/it\/wp-json\/wp\/v2\/tags?post=620447"}],"curies":[{"name":"wp","href":"https:\/\/api.w.org\/{rel}","templated":true}]}}