{"id":620586,"date":"2026-08-06T14:40:13","date_gmt":"2026-08-06T14:40:13","guid":{"rendered":"https:\/\/www.europesays.com\/it\/620586\/"},"modified":"2026-08-06T14:40:13","modified_gmt":"2026-08-06T14:40:13","slug":"proteam-allarme-rosso-una-categoria-a-rischio-una-categoria-da-proteggere","status":"publish","type":"post","link":"https:\/\/www.europesays.com\/it\/620586\/","title":{"rendered":"PROTEAM, ALLARME ROSSO. UNA CATEGORIA A RISCHIO, UNA CATEGORIA DA PROTEGGERE"},"content":{"rendered":"<p><strong>E improvvisamente scatt\u00f2 l\u2019allarme rosso.<\/strong> O meglio, improvvisamente qualcuno si \u00e8 accorto che l\u2019allarme rosso suona da tempo ma \u00e8 rimasto finora inascoltato. <strong>L\u2019annuncio della chiusura ufficiale del Team Flanders Baloise<\/strong> a fine stagione ha stappato le orecchie a pi\u00f9 d\u2019uno e si \u00e8 fatto sentire anche ad Aigle, dove regnava il silenzio.\n            <\/p>\n<p><strong>La \u201ccolpa\u201d \u00e8 di Tom Van Damme e del suo doppio ruolo<\/strong>: da una parte \u00e8 presidente del Consiglio del Ciclismo Professionistico UCI e membro del Consiglio Direttivo e dall\u2019altra \u00e8 presidente della Federazione belga. Come dire che<strong> da una parte poco o nulla ha fatto &#8211; lui e tutta l\u2019Uci &#8211; per sostenere le formazioni ProTeam<\/strong> e dall\u2019altra si trova a <strong>far fronte all\u2019uscita di scena dell\u2019unica squadra belga appartenente alla categoria.<\/strong>\n            <\/p>\n<p>Una categoria, peraltro, che continua a veder eroso il proprio patrimonio: delle sedici formazioni iscritte quest\u2019anno, oltre al Team Flanders Baloise <strong>sono pericolosamente a rischio il Team TotalEnergies e la Equipo Kern Pharma. E<\/strong>ntrambi gli sponsor principali, cos\u00ec come aveva fatto il Governo delle Fiandre gi\u00e0 nel 2025, <strong>hanno annunciato la conclusione del loro impegno<\/strong> e al momento non ci sono annunci n\u00e9 indicazioni positive.<\/p>\n<p>Il problema \u00e8 sempre lo stesso e lo abbiamo denunciato pi\u00f9 volte:<strong> i ProTeam hanno bisogno di certezze, di calendari omogenei e di punteggi realistici.<\/strong> Facciamo un esempio non italiano per essere equidistanti?\u2008Tornando a disputare il Tour de France dopo oltre trent\u2019anni, <strong>la Caja Rural RGA si \u00e8 appuntata s\u00ec un fiore all\u2019occhiello ma in termini di punti conquistati<\/strong> &#8211; nel corso di una prova di livello altissimo &#8211; <strong>ha fatto un bagno di sangue<\/strong> rispetto a formazioni che nello stesso frangente hanno fatto razzia di punti in Cina e nelle corse di seconda categoria in Europa. E alla fine, un punto vale&#8230; un punto e quindi fa la differenza.<\/p>\n<p><strong>Per i ProTeam serve un calendario dedicato, definito e certo, urge una classifica dedicata, definita e certa<\/strong>: chiss\u00e0 se stavolta ad Aigle lo hanno capito o se continuano nella loro pervicace missione di privilegiare esclusivamente il ciclismo di vertice.\u00a0<\/p>\n<p>Eppure, sempre restando per equidistanza lontano dall\u2019Italia, <strong>proprio la chiusura del Team Flanders Baloise ha riacceso la luce sull\u2019importanza del lavoro svolto da una formazione regionale<\/strong> che nella sua storia ha tesserato <strong>218 corridori fiamminghi<\/strong> (tanti i pistard&#8230;) <strong>portando ben 111 di loro all\u2019approdo ai massimi livelli del ciclismo,<\/strong> 87 negli UCI WorldTeam e 24 in UCI ProTeam.<\/p>\n<p>Certo, oggi<strong> vanno per la maggiore le formazioni Devo<\/strong> ma \u00e8 facile capire che non c\u2019\u00e8 spazio per tutti, che ci sono corridori che hanno bisogno di un anno o due in pi\u00f9 per mettersi in evidenza ed emergere, che il ruolo dei ProTeam pu\u00f2 e deve continuare ad essere prezioso.<\/p>\n<p>Anche perch\u00e9 <strong>non bisogna dimenticare che ai piani superiori non sono tutte rose e fiori: quanti WorldTeam sono alla ricerca di uno sponsor principale, di un secondo nome di peso<\/strong>, di risorse nuove per gestire un\u2019azienda (squadra WT, formazione Devo e team femminile) i cui costi sono sempre pi\u00f9 alti a fronte di risultati agonistici spesso non all\u2019altezza in quanto il budget non consente l\u2019ingaggio di uno dei big che al momento fanno la differenza?<\/p>\n<p>nella foto, Tom Van Damme (da uci.ch)<\/p>\n","protected":false},"excerpt":{"rendered":"E improvvisamente scatt\u00f2 l\u2019allarme rosso. O meglio, improvvisamente qualcuno si \u00e8 accorto che l\u2019allarme rosso suona da tempo&hellip;\n","protected":false},"author":3,"featured_media":620587,"comment_status":"","ping_status":"","sticky":false,"template":"","format":"standard","meta":{"footnotes":"","_share_on_mastodon":"0"},"categories":[1456],"tags":[1824,228274,1825,1537,90,89,85284,245,244,342192,3148],"class_list":["post-620586","post","type-post","status-publish","format-standard","has-post-thumbnail","category-ciclismo","tag-ciclismo","tag-crisi-squadre","tag-cycling","tag-it","tag-italia","tag-italy","tag-proteam","tag-sport","tag-sports","tag-team-flanders-baloise","tag-uci"],"share_on_mastodon":{"url":"https:\/\/pubeurope.com\/@it\/117049086849280685","error":""},"_links":{"self":[{"href":"https:\/\/www.europesays.com\/it\/wp-json\/wp\/v2\/posts\/620586","targetHints":{"allow":["GET"]}}],"collection":[{"href":"https:\/\/www.europesays.com\/it\/wp-json\/wp\/v2\/posts"}],"about":[{"href":"https:\/\/www.europesays.com\/it\/wp-json\/wp\/v2\/types\/post"}],"author":[{"embeddable":true,"href":"https:\/\/www.europesays.com\/it\/wp-json\/wp\/v2\/users\/3"}],"replies":[{"embeddable":true,"href":"https:\/\/www.europesays.com\/it\/wp-json\/wp\/v2\/comments?post=620586"}],"version-history":[{"count":0,"href":"https:\/\/www.europesays.com\/it\/wp-json\/wp\/v2\/posts\/620586\/revisions"}],"wp:featuredmedia":[{"embeddable":true,"href":"https:\/\/www.europesays.com\/it\/wp-json\/wp\/v2\/media\/620587"}],"wp:attachment":[{"href":"https:\/\/www.europesays.com\/it\/wp-json\/wp\/v2\/media?parent=620586"}],"wp:term":[{"taxonomy":"category","embeddable":true,"href":"https:\/\/www.europesays.com\/it\/wp-json\/wp\/v2\/categories?post=620586"},{"taxonomy":"post_tag","embeddable":true,"href":"https:\/\/www.europesays.com\/it\/wp-json\/wp\/v2\/tags?post=620586"}],"curies":[{"name":"wp","href":"https:\/\/api.w.org\/{rel}","templated":true}]}}