{"id":620639,"date":"2026-08-06T15:25:15","date_gmt":"2026-08-06T15:25:15","guid":{"rendered":"https:\/\/www.europesays.com\/it\/620639\/"},"modified":"2026-08-06T15:25:15","modified_gmt":"2026-08-06T15:25:15","slug":"eclissi-totale-di-sole-12-agosto-2026-dove-e-come-osservarla","status":"publish","type":"post","link":"https:\/\/www.europesays.com\/it\/620639\/","title":{"rendered":"Eclissi totale di sole 12 agosto 2026: dove e come osservarla"},"content":{"rendered":"<p>L\u2019estate 2026 sta per essere resa memorabile da un evento astronomico che non capitava dal 1999:<strong> un\u2019eclissi di sole totale<\/strong> \u00e8 <strong>attesa per il 12 agosto<\/strong> e sar\u00e0 visibile in modo <strong>parziale anche dall\u2019Italia<\/strong>\u2026 i luoghi per\u00f2 pi\u00f9 magici dove lo spettacolo del disco solare sar\u00e0 totalmente coperto dalla luna sono tanti e sono gi\u00e0 diventati i protagonisti della stagione.<\/p>\n<p>C\u2019\u00e8 gi\u00e0 chi la definisce <strong>l\u2019eclissi del secolo<\/strong> e l\u2019interesse sembra confermarlo. Nelle localit\u00e0 coinvolte, le ricerche di alloggi sono aumentate fino al 250%, mentre alcune compagnie di crociera hanno modificato le rotte per trovarsi nel posto giusto al momento esatto. Ecco tutto quello che bisogna sapere per prepararsi allo spettacolo.<\/p>\n<p>Ecco una<strong> guida completa<\/strong> per conoscere tutto ci\u00f2 che c\u2019\u00e8 da sapere sul fenomeno.\n<\/p>\n<p>Dove sar\u00e0 visibile l\u2019eclissi totale di Sole del 2026: la fascia della totalit\u00e0<\/p>\n<p>Prima di prenotare qualsiasi viaggio last minute per poter<strong> vedere l\u2019eclissi totale di sole del 2026<\/strong> \u00e8 bene sapere che la totalit\u00e0 \u00e8 un fenomeno che coinvolge solo pochi territori; solo chi si trova precisamente in quella \u201cpiccola\u201d striscia di terra vedr\u00e0 il sole coperto per intero. Chi \u00e8 spostato, anche solo di una cinquantina di chilometri, assister\u00e0 a un\u2019eclissi parziale\u2026 comunque uno show imperdibile.<\/p>\n<p>I calcoli dell\u2019<strong>Osservatorio Astronomico Nazionale della Spagna<\/strong> hanno spiegato che il fenomeno sar\u00e0 visibile dalle 17:34 ora italiana sul mare di Bering per esaurirsi alle 21:58 sull\u2019Atlantico. <strong>Durer\u00e0 264 minuti<\/strong> e toccher\u00e0 il nordest della <strong>Groenlandia<\/strong>, sfiorer\u00e0 <strong>l\u2019ovest dell\u2019Islanda<\/strong>, taglier\u00e0 l\u2019Atlantico per poi abbattersi sulla<strong> penisola iberica<\/strong> da ovest a est.<\/p>\n<p>Il <strong>picco massimo<\/strong> si registrer\u00e0 alle 19:46 a largo dell\u2019Islanda dove il fenomeno di oscurit\u00e0 durer\u00e0 per ben 2 minuti e 18 secondi.<\/p>\n<p>Groenlandia<\/p>\n<p>La prima terra coinvolta a finire nel cono d\u2019ombra \u00e8 la costa nordorientale della <a href=\"https:\/\/siviaggia.it\/idee-di-viaggio\/groenlandia-cosa-vedere\/522935\/\" rel=\"nofollow noopener\" target=\"_blank\">Groenlandia<\/a>. Attorno al parco nazionale Nordorientale e all\u2019insediamento di <strong>Ittoqqortoormiit<\/strong>, sullo <strong>Scoresby Sund<\/strong> lo spettacolo naturale lascer\u00e0 tutti a bocca aperta. Per poterla osservare in questa zona sono state preparate nave e voli charter mesi prima; la posizione \u00e8 straordinaria perch\u00e9 l\u2019orizzonte \u00e8 pulitissimo e il contrasto con ghiacciai e fiordi \u00e8 impareggiabile. Attenzione a non fermarsi nella capitale Nuuk, non \u00e8 compresa nella fascia.<\/p>\n<p>Islanda<\/p>\n<p>Pochi minuti dopo rispetto alla Groenlandia lo show si sposta in <a href=\"https:\/\/siviaggia.it\/destinazioni\/europa\/islanda\/\" rel=\"nofollow noopener\" target=\"_blank\">Islanda<\/a>: l\u2019eclissi totale interesser\u00e0 i <strong>fiordi dell\u2019ovest,<\/strong> la <strong>penisola di Sn\u00e6fellsnes<\/strong> e l\u2019area attorno alla capitale, con durate che variano a seconda di quanto si \u00e8 vicini al centro della fascia. <a href=\"https:\/\/siviaggia.it\/destinazioni\/europa\/islanda\/reykjavik\/\" rel=\"nofollow noopener\" target=\"_blank\">Reykjav\u00edk<\/a> e la vicina <strong>K\u00f3pavogur<\/strong> rientrano nel percorso, anche se in posizione periferica: qui il buio completo dura poco pi\u00f9 di un minuto. Spostandosi verso <strong>\u00cdsafj\u00f6r\u00f0ur<\/strong> e le <strong>coste di Sn\u00e6fellsnes<\/strong> si guadagnano secondi preziosi. L\u2019unica incognita resta il meteo: il cielo islandese nel mese di agosto \u00e8 molto mutevole e si dovrebbe mettere in conto uno spostamento last minute con un\u2019auto a noleggio per poter essere certi di non perdersela.<\/p>\n<p>Spagna<\/p>\n<p>La<strong> vera protagonista dell\u2019Eclissi totale di sole del 2026<\/strong>? La <a href=\"https:\/\/siviaggia.it\/destinazioni\/europa\/spagna\/\" rel=\"nofollow noopener\" target=\"_blank\">Spagna<\/a>, che <a href=\"https:\/\/siviaggia.it\/notizie\/eclissi-sole-12-agosto-2026-record-prenotazioni-spagna-islanda\/597954\/\" rel=\"nofollow noopener\" target=\"_blank\">sta vivendo un boom di prenotazioni<\/a> per il grande evento. Il Paese a due passi da noi \u00e8 l\u2019<strong>unico posto al mondo<\/strong> dove si potr\u00e0 vedere la fase conclusiva della totalit\u00e0 al tramonto, con il sole nero appoggiato quasi sulla linea dall\u2019orizzonte. Uno scenario poetico che i fotografi inseguono da anni. La fascia entra dalla <a href=\"https:\/\/siviaggia.it\/idee-di-viaggio\/isola-di-ons-spagna\/586854\/\" rel=\"nofollow noopener\" target=\"_blank\">Galizia<\/a> attorno alle <strong>19:31<\/strong> e prosegue fino alle <a href=\"https:\/\/siviaggia.it\/destinazioni\/europa\/spagna\/isole-baleari\/\" rel=\"nofollow noopener\" target=\"_blank\">isole Baleari<\/a> alle <strong>19:38<\/strong>. In mezzo numerose realt\u00e0 territoriali:<\/p>\n<ul>\n<li>La Coru\u00f1a,<\/li>\n<li>Lugo,<\/li>\n<li>Oviedo,<\/li>\n<li>Santander,<\/li>\n<li>Le\u00f3n,<\/li>\n<li>Zamora,<\/li>\n<li>Palencia,<\/li>\n<li>Valladolid,<\/li>\n<li>Segovia,<\/li>\n<li>Burgos,<\/li>\n<li><a href=\"https:\/\/siviaggia.it\/notizie\/eclissi-solare-totale-2026-perche-andare-soria-spagna\/577170\/\" rel=\"nofollow noopener\" target=\"_blank\">Soria<\/a>,<\/li>\n<li><a href=\"https:\/\/siviaggia.it\/notizie\/bilbao-spagna-perche-visitare-2026\/573999\/\" rel=\"nofollow noopener\" target=\"_blank\">Bilbao<\/a><\/li>\n<li>Vitoria-Gasteiz,<\/li>\n<li>Logro\u00f1o,<\/li>\n<li>Guadalajara,<\/li>\n<li>Cuenca,<\/li>\n<li><a href=\"https:\/\/siviaggia.it\/idee-di-viaggio\/un-viaggio-nellantico-regno-daragona-saragozza\/196154\/\" rel=\"nofollow noopener\" target=\"_blank\">Saragozza<\/a>,<\/li>\n<li>Teruel,<\/li>\n<li>Lleida,<\/li>\n<li>Tarragona,<\/li>\n<li>Valencia,<\/li>\n<li><a href=\"https:\/\/siviaggia.it\/notizie\/perche-viaggiare-castellon-de-la-plana-spagna\/591092\/\" rel=\"nofollow noopener\" target=\"_blank\">Castell\u00f3n de la Plana<\/a>,<\/li>\n<li>Palma di Maiorca.<\/li>\n<\/ul>\n<p>Le due grandi metropoli di <strong>Madrid e Barcellona<\/strong> restano appena fuori dalla fascia, chi \u00e8 in vacanza qui potr\u00e0 godersi un\u2019eclissi parziale\u2026 oppure organizzare una gita in una delle destinazioni che abbiamo appena citato.<\/p>\n<p>Portogallo<\/p>\n<p>Anche il <strong>Portogallo<\/strong> partecipa, seppur in versione ridotta perch\u00e9 la fascia toccata \u00e8 minima. La regione di <strong>Tr\u00e1s-os-Montes<\/strong> sar\u00e0 interessata dall\u2019eclissi totale a<strong> Bragan\u00e7a e Miranda do Dour<\/strong>. Seppur si trovi fuori dal turismo di massa con altopiani e borghi in pietra sta attirando curiosi proprio per questo appuntamento imperdibile. <strong>Lisbona e Porto<\/strong>? Da queste due citt\u00e0 si potr\u00e0 osservare solo un\u2019eclissi parziale, seppur piuttosto marcata.<\/p>\n<p>Eclissi totale di Sole 2026 in Italia: sar\u00e0 visibile?<\/p>\n<p>Se vi state chiedendo <strong>cosa potremo osservare dall\u2019Italia<\/strong> dobbiamo rispondere chiaramente che il Belpaese non permetter\u00e0 di osservare un\u2019eclissi totale ma solo parziale. Chiaramente non si resta a mani vuote\u2026 anzi. Il 12 agosto il cielo italiano offrir\u00e0 da varie posizioni uno splendido show. La percentuale di copertura cresce verso nordovest con <strong>Piemonte, Valle d\u2019Aosta e Liguria<\/strong> come regioni favorite. Verso sud e verso est l\u2019effetto si riduce progressivamente. Il nostro problema \u00e8 l\u2019altezza del sole che essendo ormai molto basso potrebbe nascondere lo show se l\u2019orizzonte non resta del tutto libero. Insomma, nelle grandi citt\u00e0 tra palazzi e alberi si rischia di perdere la meraviglia\u2026 meglio spostarsi in posizioni panoramiche. Chi vuole scoprire <a href=\"https:\/\/siviaggia.it\/notizie\/eclissi-solare-italia-agosto-2026-dove-vederla\/596503\/\" rel=\"nofollow noopener\" target=\"_blank\">dove vedere l\u2019eclissi solare in Italia<\/a> deve accontentarsi di un\u2019osservazione parziale ma comunque meritevole.<\/p>\n<p>Come scegliere il posto migliore per vedere l\u2019eclissi<\/p>\n<p>La scelta della postazione pesa pi\u00f9 di quanto si immagini, per scegliere il miglior posto dove vedere l\u2019eclissi bisogna prendere in considerazione la propria zona di partenza.<strong> Chi \u00e8 gi\u00e0 in vacanza in zone interessate<\/strong>, come ad esempio la Spagna, potrebbe organizzare un on the road con un\u2019auto a noleggio. Nella penisola iberica il numero id pernotti e la richiesta di alloggi per quel periodo \u00e8 schizzato alle stelle con un 7,4% in pi\u00f9 di interesse rispetto agli altri anni.<\/p>\n<p>Zone come <strong>Saragozza<\/strong> registrano persino un +123%. Le mete protagoniste sono quelle prese d\u2019assalto e anche le pi\u00f9 care; guardando attorno ma restando nel percorso si possono fare vere scoperte. In Spagna una citt\u00e0 come <strong>La Coru\u00f1a<\/strong> rappresenta un\u2019alternativa interessante, mentre in Islanda gli agriturismi e le guesthouse rurali nei dintorni della capitale conservano ancora disponibilit\u00e0.<\/p>\n<p><strong>Sul luogo di osservazione valgono poche regole essenziali:<\/strong><\/p>\n<ul>\n<li>Cercate un orizzonte libero verso ovest, perch\u00e9 il Sole sar\u00e0 bassissimo;<\/li>\n<li>Tenete pronto un piano B a pochi chilometri, per nuvole o folla eccessiva;<\/li>\n<li>Arrivate con largo anticipo, meglio il giorno prima, evitando di mettervi in viaggio proprio il 12 perch\u00e9 strade, aeroporti e treni saranno congestionati;<\/li>\n<li>Portate acqua e uno strato in pi\u00f9, perch\u00e9 durante la totalit\u00e0 la temperatura scende.<\/li>\n<\/ul>\n<p>Come osservare l\u2019eclissi: lo strumento indispensabile<\/p>\n<p>C\u2019\u00e8 un solo strumento davvero indispensabile per vedere l\u2019eclissi totale e sono gli<strong> occhiali certificati secondo la norma ISO 12312-2<\/strong> che con la lente in polimero nero opaco o metallizzato lascia passare una frazione infinitesimale della luce solare. Il prezzo non \u00e8 alto, se ne trovano in negozi di ottica e in quei giorni nelle aree interessate sar\u00e0 facile acquistarli.<\/p>\n<p><strong>Non vanno usati invece i normali occhiali da sole<\/strong> perch\u00e9 non proteggono a sufficienza e non servono neppure vetri affumicati, CD o pellicole fotografiche. Va prestata molta attenzione perch\u00e9 guardare il sole senza una protezione adeguata potrebbe provocare danni permanenti alla retina.<\/p>\n<p>Un\u2019alternativa sicura e pure divertente \u00e8 la <strong>proiezione<\/strong>: basta un cartoncino con un forellino, tenuto a distanza da una superficie chiara, per vedere l\u2019immagine del Sole eclissato in miniatura. Funziona anche con uno scolapasta. Chi usa binocolo o telescopio deve montare un filtro solare certificato davanti all\u2019obiettivo, mai dietro l\u2019oculare, e gli occhiali da eclissi non vanno mai usati guardando dentro uno strumento ottico privo di filtro.<\/p>\n<p>C\u2019\u00e8 <strong>solo un\u2019eccezione<\/strong>: nei secondi di totale eclissi, quando il sole \u00e8 coperto per intero, si possono togliere i filtri e osservare la corona a occhio nudo ma bisogner\u00e0 ricoprire lo sguardo appena riappare il primo spicchio di sole.<\/p>\n<p>Come vederla da casa<\/p>\n<p>Non tutti potranno spostarsi ma l\u2019<strong>Agenzia Spaziale Europea<\/strong> ha organizzato una <strong>diretta<\/strong> che parte dalle 19:30 del 12 agosto e si potr\u00e0 <strong>seguire in streaming su YouTube<\/strong> sul loro canale ufficiale; gratuitamente da ogni parte del mondo le immagini verranno diffuse direttamente dall\u2019Osservatorio Astrofisico di Javalambre, a Teruel, uno dei siti spagnoli con le condizioni di cielo migliori, mentre a <strong>Le\u00f3n<\/strong> \u00e8 previsto un <strong>programma di eventi divulgativi<\/strong> per buona parte della giornata.<\/p>\n<p>Siamo tuti d\u2019accordo che guardarla da uno schermo non \u00e8 la stessa cosa, per\u00f2 questa opzione potrebbe essere un\u2019alternativa per chi non vuole perdersi la magia di un evento cos\u00ec raro mentre magari si \u00e8 in vacanza altrove o si \u00e8 ancora nelle proprie citt\u00e0 italiane in attesa dell\u2019inizio delle ferie. C\u2019\u00e8 da dire, per\u00f2, che chi si perde questo show potr\u00e0 rimediare presto: il <a href=\"https:\/\/siviaggia.it\/notizie\/eclissi-solare-totale-2027-dove-vederla\/567544\/\" rel=\"nofollow noopener\" target=\"_blank\">2 agosto 2027<\/a><strong> il Mediterraneo<\/strong> torner\u00e0 protagonista con <strong>un\u2019altra eclissi<\/strong>\u2026 e c\u2019\u00e8 un intero anno per prepararsi. Nel frattempo godiamoci un <a href=\"https:\/\/siviaggia.it\/notizie\/eclissi-stelle-cadenti-spettacoli-celesti-agosto-2026-italia\/597819\/\" rel=\"nofollow noopener\" target=\"_blank\">agosto di fenomeni astrali imperdibili<\/a>: le stelle cadenti e l\u2019eclissi lunare completano le proposte del periodo.<\/p>\n<p>Tra viaggi improvvisati, rooftop e brindisi al tramonto, sono tante le persone che stanno modificando le rotte dei propri viaggi estivi per poter osservare dal vivo questo spettacolo godendosi una meraviglia che la natura regala solo poche volte nella vita di ognuno. Spagna, Islanda, Groenlandia e Portogallo per un\u2019esperienza totale o l\u2019Italia per una visione parziale sono pronte a conquistare l\u2019attenzione dei viaggiatori con un appuntamento imperdibile per il 12 agosto\u2026 e per chi proprio non pu\u00f2 partire c\u2019\u00e8 la diretta online: il digitale \u00e8 comunque una buona alternativa.<\/p>\n","protected":false},"excerpt":{"rendered":"L\u2019estate 2026 sta per essere resa memorabile da un evento astronomico che non capitava dal 1999: un\u2019eclissi di&hellip;\n","protected":false},"author":3,"featured_media":620640,"comment_status":"","ping_status":"","sticky":false,"template":"","format":"standard","meta":{"footnotes":"","_share_on_mastodon":"0"},"categories":[6],"tags":[16662,14,1533,8,1537,90,89,7,15,82,9,83,10,13,11,80,84,12,81,85],"class_list":["post-620639","post","type-post","status-publish","format-standard","has-post-thumbnail","category-ultime-notizie","tag-consigli","tag-cronaca","tag-estate","tag-headlines","tag-it","tag-italia","tag-italy","tag-news","tag-notizie","tag-notizie-di-cronaca","tag-notizie-principali","tag-notiziedicronaca","tag-notizieprincipali","tag-titoli","tag-ultime-notizie","tag-ultime-notizie-di-cronaca","tag-ultime-notizie-e-news-di-oggi","tag-ultimenotizie","tag-ultimenotiziedicronaca","tag-ultimenotizieenewsdioggi"],"share_on_mastodon":{"url":"https:\/\/pubeurope.com\/@it\/117049263967411093","error":""},"_links":{"self":[{"href":"https:\/\/www.europesays.com\/it\/wp-json\/wp\/v2\/posts\/620639","targetHints":{"allow":["GET"]}}],"collection":[{"href":"https:\/\/www.europesays.com\/it\/wp-json\/wp\/v2\/posts"}],"about":[{"href":"https:\/\/www.europesays.com\/it\/wp-json\/wp\/v2\/types\/post"}],"author":[{"embeddable":true,"href":"https:\/\/www.europesays.com\/it\/wp-json\/wp\/v2\/users\/3"}],"replies":[{"embeddable":true,"href":"https:\/\/www.europesays.com\/it\/wp-json\/wp\/v2\/comments?post=620639"}],"version-history":[{"count":0,"href":"https:\/\/www.europesays.com\/it\/wp-json\/wp\/v2\/posts\/620639\/revisions"}],"wp:featuredmedia":[{"embeddable":true,"href":"https:\/\/www.europesays.com\/it\/wp-json\/wp\/v2\/media\/620640"}],"wp:attachment":[{"href":"https:\/\/www.europesays.com\/it\/wp-json\/wp\/v2\/media?parent=620639"}],"wp:term":[{"taxonomy":"category","embeddable":true,"href":"https:\/\/www.europesays.com\/it\/wp-json\/wp\/v2\/categories?post=620639"},{"taxonomy":"post_tag","embeddable":true,"href":"https:\/\/www.europesays.com\/it\/wp-json\/wp\/v2\/tags?post=620639"}],"curies":[{"name":"wp","href":"https:\/\/api.w.org\/{rel}","templated":true}]}}