{"id":620656,"date":"2026-08-06T15:45:17","date_gmt":"2026-08-06T15:45:17","guid":{"rendered":"https:\/\/www.europesays.com\/it\/620656\/"},"modified":"2026-08-06T15:45:17","modified_gmt":"2026-08-06T15:45:17","slug":"stoner-tutti-hanno-perso-fiducia-in-bagnaia-perche-si-lamentava-ma-si-vedeva-che-la-moto-non-era-la-stessa","status":"publish","type":"post","link":"https:\/\/www.europesays.com\/it\/620656\/","title":{"rendered":"Stoner: &#8220;Tutti hanno perso fiducia in Bagnaia perch\u00e9 si lamentava, ma si vedeva che la moto non era la stessa&#8221;"},"content":{"rendered":"<p>Casey Stoner ritiene che Pecco Bagnaia abbia &#8220;pescato la pagliuzza pi\u00f9 corta&#8221; tra le sue difficolt\u00e0 con Ducati, sostenendo che troppe persone hanno liquidato le lamentele dell&#8217;italiano sulla moto prima che venisse infine scaricato dalla factory bolognese.<\/p>\n<p>Nel corso del 2025, Bagnaia ha suggerito che qualcosa fosse cambiato fondamentalmente sulla Desmosedici, passando dall&#8217;essere un contendente al titolo nel 2024 ad un comprimario in parecchie occasioni. Sebbene sia riuscito a conquistare due vittorie nei Gran Premi e diversi altri podi nel 2025, ha faticato in gran parte della stagione a trovare la velocit\u00e0, non riuscendo a concludere sei delle ultime sette gare.<\/p>\n<p>Ma mentre sia lui che <a href=\"https:\/\/it.motorsport.com\/driver\/fabio-di-giannantonio\/177448\/\" target=\"_blank\" rel=\"noopener nofollow\">Fabio di Giannantonio<\/a> della VR46 hanno faticato a domare la GP25, il compagno di squadra <a href=\"https:\/\/it.motorsport.com\/driver\/marc-marquez\/159980\/\" target=\"_blank\" rel=\"noopener nofollow\">Marc Marquez<\/a> ha conquistato il titolo con ben cinque gare d&#8217;anticipo, dimostrando che la moto era ancora in grado di vincere il campionato nonostante le sue debolezze.<\/p>\n<p>Stoner ha detto di aver sempre creduto che le lamentele di Bagnaia sulla moto fossero giustificate, insistendo sul fatto che la GP25 si comportava in modo diverso rispetto alla sua antenata.<\/p>\n<p>&#8220;Mi dispiace molto per Pecco perch\u00e9 nell&#8217;ultimo periodo ha faticato un po&#8217;&#8221;, ha detto Stoner a MotoGP.com. &#8220;Tutti hanno perso fiducia in Pecco perch\u00e9 dicevano che si stava solo lamentando, che era la stessa moto, &#8216;bla bla&#8217;. Ma dall&#8217;esterno potevo vedere che la moto non era la stessa&#8221;.<\/p>\n<p>&#8220;\u00c8 un pilota davvero fluido, un ragazzo davvero fluido in tutti questi aspetti, e guardavo la moto fare cose che non avrebbe dovuto fare&#8221;.<\/p>\n<p>   <img decoding=\"async\" draggable=\"false\" src=\"https:\/\/www.europesays.com\/it\/wp-content\/uploads\/2026\/08\/francesco-bagnaia-ducati-team.jpg\" alt=\"Francesco Bagnaia, Ducati Team\" width=\"1200\" height=\"800\" loading=\"lazy\"\/> <\/p>\n<p class=\"title\">Francesco Bagnaia, Ducati Team<\/p>\n<p class=\"photographer\">Foto di: Gold and Goose Photography \/ Getty Images<\/p>\n<p>Durante la pausa invernale, la Ducati ha scelto di strappare\u00a0<a href=\"https:\/\/it.motorsport.com\/driver\/pedro-acosta\/458181\/\" target=\"_blank\" rel=\"noopener nofollow\">Pedro Acosta<\/a> alla KTM per il 2027, mentre Bagnaia ha poi firmato un nuovo accordo per raggiungere il connazionale <a href=\"https:\/\/it.motorsport.com\/driver\/marco-bezzecchi\/177443\/\" target=\"_blank\" rel=\"noopener nofollow\">Marco Bezzecchi<\/a> in Aprilia.<\/p>\n<p>Questo porr\u00e0 fine ad una delle partnership pilota\/team di maggior successo nella MotoGP moderna. Bagnaia ha regalato a Ducati il suo primo titolo piloti dal trionfo di Stoner nel 2007, battendo la Yamaha di <a href=\"https:\/\/it.motorsport.com\/driver\/fabio-quartararo\/164609\/\" target=\"_blank\" rel=\"noopener nofollow\">Fabio Quartararo<\/a> nel 2022, prima di difendere con successo la corona nella stagione successiva.<\/p>\n<p>Stoner spera che un nuovo inizio in Aprilia permetta a Bagnaia di costruire qualcosa di importante sulla forma ritrovata quest&#8217;anno in sella alla GP26, ritenendo che l&#8217;italiano sia stato trattato ingiustamente durante il suo ultimo periodo in Ducati.<\/p>\n<p>&#8220;Considerando che Pecco \u00e8 quello che ha davvero dato loro i primi titoli dopo i miei, consecutivi, e poi \u00e8 stato secondo ai lati di quel periodo, ed era l&#8217;unico pilota Ducati davvero davanti, ha pescato la pagliuzza pi\u00f9 corta, senza dubbio&#8221;.<\/p>\n<p>&#8220;Sono entusiasta di vedere cosa potr\u00e0 succedere per lui, magari trovando nuove motivazioni, si spera una nuova famiglia in Aprilia, per tornare al suo modo di fare e ad essere sicuro di s\u00e9 com&#8217;era prima&#8221;.<\/p>\n<p>Leggi anche:<\/p>\n<p>            Vogliamo la vostra opinione!<\/p>\n<p class=\"mt-auto\">Cosa vorresti vedere su Motorsport.com?<\/p>\n<p>            <a href=\"#\" class=\"ms-link text-link font-bold\">Partecipate al nostro sondaggio di 5 minuti.<\/a><\/p>\n<p class=\"mt-1 text-body\">&#8211; Il team di Motorsport.com<\/p>\n","protected":false},"excerpt":{"rendered":"Casey Stoner ritiene che Pecco Bagnaia abbia &#8220;pescato la pagliuzza pi\u00f9 corta&#8221; tra le sue difficolt\u00e0 con Ducati,&hellip;\n","protected":false},"author":3,"featured_media":620657,"comment_status":"","ping_status":"","sticky":false,"template":"","format":"standard","meta":{"footnotes":"","_share_on_mastodon":"0"},"categories":[176],"tags":[8388,2834,2360,6874,1537,90,89,342292,1785,342291,2915,245,244],"class_list":["post-620656","post","type-post","status-publish","format-standard","has-post-thumbnail","category-sport","tag-casey-stoner","tag-ducati-team","tag-francesco-bagnaia","tag-gran-bretagna","tag-it","tag-italia","tag-italy","tag-ma-si-vedeva-che-la-moto-non-era-la-stessa","tag-motogp","tag-motogp-stoner-tutti-hanno-perso-fiducia-in-bagnaia-perchu00e9-si-lamentava","tag-silverstone","tag-sport","tag-sports"],"share_on_mastodon":{"url":"https:\/\/pubeurope.com\/@it\/117049343429740309","error":""},"_links":{"self":[{"href":"https:\/\/www.europesays.com\/it\/wp-json\/wp\/v2\/posts\/620656","targetHints":{"allow":["GET"]}}],"collection":[{"href":"https:\/\/www.europesays.com\/it\/wp-json\/wp\/v2\/posts"}],"about":[{"href":"https:\/\/www.europesays.com\/it\/wp-json\/wp\/v2\/types\/post"}],"author":[{"embeddable":true,"href":"https:\/\/www.europesays.com\/it\/wp-json\/wp\/v2\/users\/3"}],"replies":[{"embeddable":true,"href":"https:\/\/www.europesays.com\/it\/wp-json\/wp\/v2\/comments?post=620656"}],"version-history":[{"count":0,"href":"https:\/\/www.europesays.com\/it\/wp-json\/wp\/v2\/posts\/620656\/revisions"}],"wp:featuredmedia":[{"embeddable":true,"href":"https:\/\/www.europesays.com\/it\/wp-json\/wp\/v2\/media\/620657"}],"wp:attachment":[{"href":"https:\/\/www.europesays.com\/it\/wp-json\/wp\/v2\/media?parent=620656"}],"wp:term":[{"taxonomy":"category","embeddable":true,"href":"https:\/\/www.europesays.com\/it\/wp-json\/wp\/v2\/categories?post=620656"},{"taxonomy":"post_tag","embeddable":true,"href":"https:\/\/www.europesays.com\/it\/wp-json\/wp\/v2\/tags?post=620656"}],"curies":[{"name":"wp","href":"https:\/\/api.w.org\/{rel}","templated":true}]}}