{"id":620763,"date":"2026-08-06T17:09:21","date_gmt":"2026-08-06T17:09:21","guid":{"rendered":"https:\/\/www.europesays.com\/it\/620763\/"},"modified":"2026-08-06T17:09:21","modified_gmt":"2026-08-06T17:09:21","slug":"citroen-tutte-le-novita-in-arrivo-nel-2026-ami-e-c3-c3-aircross-c4-e-c5-aircross","status":"publish","type":"post","link":"https:\/\/www.europesays.com\/it\/620763\/","title":{"rendered":"Citro\u00ebn, tutte le novit\u00e0 in arrivo nel 2026: Ami, \u00cb-C3, C3 Aircross, C4 e C5 Aircross"},"content":{"rendered":"<p> &lt;\\\/p&gt;&#8221;},{&#8220;type&#8221;:&#8221;image&#8221;,&#8221;small_url&#8221;:&#8221;https:\/\/statics.quattroruote.it\/content\/dam\/quattroruote\/it\/news\/nuovi-modelli\/2026\/08\/05\/qnovita_citroen\/gallery\/rsmall\/2026-citroen-ami (1).jpg&#8221;,&#8221;big_url&#8221;:&#8221;https:\/\/statics.quattroruote.it\/content\/dam\/quattroruote\/it\/news\/nuovi-modelli\/2026\/08\/05\/qnovita_citroen\/gallery\/rbig\/2026-citroen-ami (1).jpg&#8221;,&#8221;alt&#8221;:&#8221;Dalla Ami alla C5 Aircross: tutte le novit\u00e0 Citro\u00ebn in arrivo entro il 2026&#8243;,&#8221;caption&#8221;:&#8221;<\/p>\n<p> &lt;\\\/p&gt;&#8221;},{&#8220;type&#8221;:&#8221;image&#8221;,&#8221;small_url&#8221;:&#8221;https:\/\/statics.quattroruote.it\/content\/dam\/quattroruote\/it\/news\/nuovi-modelli\/2026\/08\/05\/qnovita_citroen\/gallery\/rsmall\/2026-citroen-ami (2).jpg&#8221;,&#8221;big_url&#8221;:&#8221;https:\/\/statics.quattroruote.it\/content\/dam\/quattroruote\/it\/news\/nuovi-modelli\/2026\/08\/05\/qnovita_citroen\/gallery\/rbig\/2026-citroen-ami (2).jpg&#8221;,&#8221;alt&#8221;:&#8221;Dalla Ami alla C5 Aircross: tutte le novit\u00e0 Citro\u00ebn in arrivo entro il 2026&#8243;,&#8221;caption&#8221;:&#8221;<\/p>\n<p> &lt;\\\/p&gt;&#8221;},{&#8220;type&#8221;:&#8221;image&#8221;,&#8221;small_url&#8221;:&#8221;https:\/\/statics.quattroruote.it\/content\/dam\/quattroruote\/it\/news\/nuovi-modelli\/2026\/08\/05\/qnovita_citroen\/gallery\/rsmall\/2026-citroen-ami (3).jpg&#8221;,&#8221;big_url&#8221;:&#8221;https:\/\/statics.quattroruote.it\/content\/dam\/quattroruote\/it\/news\/nuovi-modelli\/2026\/08\/05\/qnovita_citroen\/gallery\/rbig\/2026-citroen-ami (3).jpg&#8221;,&#8221;alt&#8221;:&#8221;Dalla Ami alla C5 Aircross: tutte le novit\u00e0 Citro\u00ebn in arrivo entro il 2026&#8243;,&#8221;caption&#8221;:&#8221;<\/p>\n<p> &lt;\\\/p&gt;&#8221;},{&#8220;type&#8221;:&#8221;image&#8221;,&#8221;small_url&#8221;:&#8221;https:\/\/statics.quattroruote.it\/content\/dam\/quattroruote\/it\/news\/nuovi-modelli\/2026\/08\/05\/qnovita_citroen\/gallery\/rsmall\/2026-citroen-ami (4).jpg&#8221;,&#8221;big_url&#8221;:&#8221;https:\/\/statics.quattroruote.it\/content\/dam\/quattroruote\/it\/news\/nuovi-modelli\/2026\/08\/05\/qnovita_citroen\/gallery\/rbig\/2026-citroen-ami (4).jpg&#8221;,&#8221;alt&#8221;:&#8221;Dalla Ami alla C5 Aircross: tutte le novit\u00e0 Citro\u00ebn in arrivo entro il 2026&#8243;,&#8221;caption&#8221;:&#8221;<\/p>\n<p> &lt;\\\/p&gt;&#8221;},{&#8220;type&#8221;:&#8221;image&#8221;,&#8221;small_url&#8221;:&#8221;https:\/\/statics.quattroruote.it\/content\/dam\/quattroruote\/it\/news\/nuovi-modelli\/2026\/08\/05\/qnovita_citroen\/gallery\/rsmall\/2026-citroen-ami (5).jpg&#8221;,&#8221;big_url&#8221;:&#8221;https:\/\/statics.quattroruote.it\/content\/dam\/quattroruote\/it\/news\/nuovi-modelli\/2026\/08\/05\/qnovita_citroen\/gallery\/rbig\/2026-citroen-ami (5).jpg&#8221;,&#8221;alt&#8221;:&#8221;Dalla Ami alla C5 Aircross: tutte le novit\u00e0 Citro\u00ebn in arrivo entro il 2026&#8243;,&#8221;caption&#8221;:&#8221;<\/p>\n<p> &lt;\\\/p&gt;&#8221;},{&#8220;type&#8221;:&#8221;image&#8221;,&#8221;small_url&#8221;:&#8221;https:\/\/statics.quattroruote.it\/content\/dam\/quattroruote\/it\/news\/nuovi-modelli\/2026\/08\/05\/qnovita_citroen\/gallery\/rsmall\/2026-citroen-ami (6).jpg&#8221;,&#8221;big_url&#8221;:&#8221;https:\/\/statics.quattroruote.it\/content\/dam\/quattroruote\/it\/news\/nuovi-modelli\/2026\/08\/05\/qnovita_citroen\/gallery\/rbig\/2026-citroen-ami (6).jpg&#8221;,&#8221;alt&#8221;:&#8221;Dalla Ami alla C5 Aircross: tutte le novit\u00e0 Citro\u00ebn in arrivo entro il 2026&#8243;,&#8221;caption&#8221;:&#8221;<\/p>\n<p> &lt;\\\/p&gt;&#8221;},{&#8220;type&#8221;:&#8221;image&#8221;,&#8221;small_url&#8221;:&#8221;https:\/\/statics.quattroruote.it\/content\/dam\/quattroruote\/it\/news\/nuovi-modelli\/2026\/08\/05\/qnovita_citroen\/gallery\/rsmall\/2026-citroen-ami (7).jpg&#8221;,&#8221;big_url&#8221;:&#8221;https:\/\/statics.quattroruote.it\/content\/dam\/quattroruote\/it\/news\/nuovi-modelli\/2026\/08\/05\/qnovita_citroen\/gallery\/rbig\/2026-citroen-ami (7).jpg&#8221;,&#8221;alt&#8221;:&#8221;Dalla Ami alla C5 Aircross: tutte le novit\u00e0 Citro\u00ebn in arrivo entro il 2026&#8243;,&#8221;caption&#8221;:&#8221;<\/p>\n<p> &lt;\\\/p&gt;&#8221;},{&#8220;type&#8221;:&#8221;image&#8221;,&#8221;small_url&#8221;:&#8221;https:\/\/statics.quattroruote.it\/content\/dam\/quattroruote\/it\/news\/nuovi-modelli\/2026\/08\/05\/qnovita_citroen\/gallery\/rsmall\/2026-citroen_c3_collection.jpg&#8221;,&#8221;big_url&#8221;:&#8221;https:\/\/statics.quattroruote.it\/content\/dam\/quattroruote\/it\/news\/nuovi-modelli\/2026\/08\/05\/qnovita_citroen\/gallery\/rbig\/2026-citroen_c3_collection.jpg&#8221;,&#8221;alt&#8221;:&#8221;Dalla Ami alla C5 Aircross: tutte le novit\u00e0 Citro\u00ebn in arrivo entro il 2026&#8243;,&#8221;caption&#8221;:&#8221;<\/p>\n<p> &lt;\\\/p&gt;&#8221;},{&#8220;type&#8221;:&#8221;image&#8221;,&#8221;small_url&#8221;:&#8221;https:\/\/statics.quattroruote.it\/content\/dam\/quattroruote\/it\/news\/nuovi-modelli\/2026\/08\/05\/qnovita_citroen\/gallery\/rsmall\/2026-citroen_c3_collection-2.jpg&#8221;,&#8221;big_url&#8221;:&#8221;https:\/\/statics.quattroruote.it\/content\/dam\/quattroruote\/it\/news\/nuovi-modelli\/2026\/08\/05\/qnovita_citroen\/gallery\/rbig\/2026-citroen_c3_collection-2.jpg&#8221;,&#8221;alt&#8221;:&#8221;Dalla Ami alla C5 Aircross: tutte le novit\u00e0 Citro\u00ebn in arrivo entro il 2026&#8243;,&#8221;caption&#8221;:&#8221;<\/p>\n<p> &lt;\\\/p&gt;&#8221;},{&#8220;type&#8221;:&#8221;image&#8221;,&#8221;small_url&#8221;:&#8221;https:\/\/statics.quattroruote.it\/content\/dam\/quattroruote\/it\/news\/nuovi-modelli\/2026\/08\/05\/qnovita_citroen\/gallery\/rsmall\/2026-citroen-e-c3-tonic (1).jpg&#8221;,&#8221;big_url&#8221;:&#8221;https:\/\/statics.quattroruote.it\/content\/dam\/quattroruote\/it\/news\/nuovi-modelli\/2026\/08\/05\/qnovita_citroen\/gallery\/rbig\/2026-citroen-e-c3-tonic (1).jpg&#8221;,&#8221;alt&#8221;:&#8221;Dalla Ami alla C5 Aircross: tutte le novit\u00e0 Citro\u00ebn in arrivo entro il 2026&#8243;,&#8221;caption&#8221;:&#8221;<\/p>\n<p> &lt;\\\/p&gt;&#8221;},{&#8220;type&#8221;:&#8221;image&#8221;,&#8221;small_url&#8221;:&#8221;https:\/\/statics.quattroruote.it\/content\/dam\/quattroruote\/it\/news\/nuovi-modelli\/2026\/08\/05\/qnovita_citroen\/gallery\/rsmall\/2026-citroen-e-c3-tonic (2).jpg&#8221;,&#8221;big_url&#8221;:&#8221;https:\/\/statics.quattroruote.it\/content\/dam\/quattroruote\/it\/news\/nuovi-modelli\/2026\/08\/05\/qnovita_citroen\/gallery\/rbig\/2026-citroen-e-c3-tonic (2).jpg&#8221;,&#8221;alt&#8221;:&#8221;Dalla Ami alla C5 Aircross: tutte le novit\u00e0 Citro\u00ebn in arrivo entro il 2026&#8243;,&#8221;caption&#8221;:&#8221;<\/p>\n<p> &lt;\\\/p&gt;&#8221;},{&#8220;type&#8221;:&#8221;image&#8221;,&#8221;small_url&#8221;:&#8221;https:\/\/statics.quattroruote.it\/content\/dam\/quattroruote\/it\/news\/nuovi-modelli\/2026\/08\/05\/qnovita_citroen\/gallery\/rsmall\/2026-citroen-e-c3-tonic (3).jpg&#8221;,&#8221;big_url&#8221;:&#8221;https:\/\/statics.quattroruote.it\/content\/dam\/quattroruote\/it\/news\/nuovi-modelli\/2026\/08\/05\/qnovita_citroen\/gallery\/rbig\/2026-citroen-e-c3-tonic (3).jpg&#8221;,&#8221;alt&#8221;:&#8221;Dalla Ami alla C5 Aircross: tutte le novit\u00e0 Citro\u00ebn in arrivo entro il 2026&#8243;,&#8221;caption&#8221;:&#8221;<\/p>\n<p> &lt;\\\/p&gt;&#8221;},{&#8220;type&#8221;:&#8221;image&#8221;,&#8221;small_url&#8221;:&#8221;https:\/\/statics.quattroruote.it\/content\/dam\/quattroruote\/it\/news\/nuovi-modelli\/2026\/08\/05\/qnovita_citroen\/gallery\/rsmall\/2026-citroen-e-c3-tonic (4).jpg&#8221;,&#8221;big_url&#8221;:&#8221;https:\/\/statics.quattroruote.it\/content\/dam\/quattroruote\/it\/news\/nuovi-modelli\/2026\/08\/05\/qnovita_citroen\/gallery\/rbig\/2026-citroen-e-c3-tonic (4).jpg&#8221;,&#8221;alt&#8221;:&#8221;Dalla Ami alla C5 Aircross: tutte le novit\u00e0 Citro\u00ebn in arrivo entro il 2026&#8243;,&#8221;caption&#8221;:&#8221;<\/p>\n<p> &lt;\\\/p&gt;&#8221;},{&#8220;type&#8221;:&#8221;image&#8221;,&#8221;small_url&#8221;:&#8221;https:\/\/statics.quattroruote.it\/content\/dam\/quattroruote\/it\/news\/nuovi-modelli\/2026\/08\/05\/qnovita_citroen\/gallery\/rsmall\/2026-citroen-e-c3-tonic (5).jpg&#8221;,&#8221;big_url&#8221;:&#8221;https:\/\/statics.quattroruote.it\/content\/dam\/quattroruote\/it\/news\/nuovi-modelli\/2026\/08\/05\/qnovita_citroen\/gallery\/rbig\/2026-citroen-e-c3-tonic (5).jpg&#8221;,&#8221;alt&#8221;:&#8221;Dalla Ami alla C5 Aircross: tutte le novit\u00e0 Citro\u00ebn in arrivo entro il 2026&#8243;,&#8221;caption&#8221;:&#8221;<\/p>\n<p> &lt;\\\/p&gt;&#8221;},{&#8220;type&#8221;:&#8221;image&#8221;,&#8221;small_url&#8221;:&#8221;https:\/\/statics.quattroruote.it\/content\/dam\/quattroruote\/it\/news\/nuovi-modelli\/2026\/08\/05\/qnovita_citroen\/gallery\/rsmall\/2026-citroen_c3_aircross_collection.jpg&#8221;,&#8221;big_url&#8221;:&#8221;https:\/\/statics.quattroruote.it\/content\/dam\/quattroruote\/it\/news\/nuovi-modelli\/2026\/08\/05\/qnovita_citroen\/gallery\/rbig\/2026-citroen_c3_aircross_collection.jpg&#8221;,&#8221;alt&#8221;:&#8221;Dalla Ami alla C5 Aircross: tutte le novit\u00e0 Citro\u00ebn in arrivo entro il 2026&#8243;,&#8221;caption&#8221;:&#8221;<\/p>\n<p> &lt;\\\/p&gt;&#8221;},{&#8220;type&#8221;:&#8221;image&#8221;,&#8221;small_url&#8221;:&#8221;https:\/\/statics.quattroruote.it\/content\/dam\/quattroruote\/it\/news\/nuovi-modelli\/2026\/08\/05\/qnovita_citroen\/gallery\/rsmall\/2026-citroen_c3_aircross_collection2.jpg&#8221;,&#8221;big_url&#8221;:&#8221;https:\/\/statics.quattroruote.it\/content\/dam\/quattroruote\/it\/news\/nuovi-modelli\/2026\/08\/05\/qnovita_citroen\/gallery\/rbig\/2026-citroen_c3_aircross_collection2.jpg&#8221;,&#8221;alt&#8221;:&#8221;Dalla Ami alla C5 Aircross: tutte le novit\u00e0 Citro\u00ebn in arrivo entro il 2026&#8243;,&#8221;caption&#8221;:&#8221;<\/p>\n<p> &lt;\\\/p&gt;&#8221;},{&#8220;type&#8221;:&#8221;image&#8221;,&#8221;small_url&#8221;:&#8221;https:\/\/statics.quattroruote.it\/content\/dam\/quattroruote\/it\/news\/nuovi-modelli\/2026\/08\/05\/qnovita_citroen\/gallery\/rsmall\/2026-citroen-c4-collection (1).jpg&#8221;,&#8221;big_url&#8221;:&#8221;https:\/\/statics.quattroruote.it\/content\/dam\/quattroruote\/it\/news\/nuovi-modelli\/2026\/08\/05\/qnovita_citroen\/gallery\/rbig\/2026-citroen-c4-collection (1).jpg&#8221;,&#8221;alt&#8221;:&#8221;Dalla Ami alla C5 Aircross: tutte le novit\u00e0 Citro\u00ebn in arrivo entro il 2026&#8243;,&#8221;caption&#8221;:&#8221;<\/p>\n<p> &lt;\\\/p&gt;&#8221;},{&#8220;type&#8221;:&#8221;image&#8221;,&#8221;small_url&#8221;:&#8221;https:\/\/statics.quattroruote.it\/content\/dam\/quattroruote\/it\/news\/nuovi-modelli\/2026\/08\/05\/qnovita_citroen\/gallery\/rsmall\/2026-citroen-c4-collection (2).jpg&#8221;,&#8221;big_url&#8221;:&#8221;https:\/\/statics.quattroruote.it\/content\/dam\/quattroruote\/it\/news\/nuovi-modelli\/2026\/08\/05\/qnovita_citroen\/gallery\/rbig\/2026-citroen-c4-collection (2).jpg&#8221;,&#8221;alt&#8221;:&#8221;Dalla Ami alla C5 Aircross: tutte le novit\u00e0 Citro\u00ebn in arrivo entro il 2026&#8243;,&#8221;caption&#8221;:&#8221;<\/p>\n<p> &lt;\\\/p&gt;&#8221;},{&#8220;type&#8221;:&#8221;image&#8221;,&#8221;small_url&#8221;:&#8221;https:\/\/statics.quattroruote.it\/content\/dam\/quattroruote\/it\/news\/nuovi-modelli\/2026\/08\/05\/qnovita_citroen\/gallery\/rsmall\/2026-citroen-c4-collection2.jpg&#8221;,&#8221;big_url&#8221;:&#8221;https:\/\/statics.quattroruote.it\/content\/dam\/quattroruote\/it\/news\/nuovi-modelli\/2026\/08\/05\/qnovita_citroen\/gallery\/rbig\/2026-citroen-c4-collection2.jpg&#8221;,&#8221;alt&#8221;:&#8221;Dalla Ami alla C5 Aircross: tutte le novit\u00e0 Citro\u00ebn in arrivo entro il 2026&#8243;,&#8221;caption&#8221;:&#8221;<\/p>\n<p> &lt;\\\/p&gt;&#8221;},{&#8220;type&#8221;:&#8221;image&#8221;,&#8221;small_url&#8221;:&#8221;https:\/\/statics.quattroruote.it\/content\/dam\/quattroruote\/it\/news\/nuovi-modelli\/2026\/08\/05\/qnovita_citroen\/gallery\/rsmall\/2026-citroen-c5-aircross (1).jpg&#8221;,&#8221;big_url&#8221;:&#8221;https:\/\/statics.quattroruote.it\/content\/dam\/quattroruote\/it\/news\/nuovi-modelli\/2026\/08\/05\/qnovita_citroen\/gallery\/rbig\/2026-citroen-c5-aircross (1).jpg&#8221;,&#8221;alt&#8221;:&#8221;Dalla Ami alla C5 Aircross: tutte le novit\u00e0 Citro\u00ebn in arrivo entro il 2026&#8243;,&#8221;caption&#8221;:&#8221;<\/p>\n<p> &lt;\\\/p&gt;&#8221;},{&#8220;type&#8221;:&#8221;image&#8221;,&#8221;small_url&#8221;:&#8221;https:\/\/statics.quattroruote.it\/content\/dam\/quattroruote\/it\/news\/nuovi-modelli\/2026\/08\/05\/qnovita_citroen\/gallery\/rsmall\/2026-citroen-c5-aircross (2).jpg&#8221;,&#8221;big_url&#8221;:&#8221;https:\/\/statics.quattroruote.it\/content\/dam\/quattroruote\/it\/news\/nuovi-modelli\/2026\/08\/05\/qnovita_citroen\/gallery\/rbig\/2026-citroen-c5-aircross (2).jpg&#8221;,&#8221;alt&#8221;:&#8221;Dalla Ami alla C5 Aircross: tutte le novit\u00e0 Citro\u00ebn in arrivo entro il 2026&#8243;,&#8221;caption&#8221;:&#8221;<\/p>\n<p> &lt;\\\/p&gt;&#8221;},{&#8220;type&#8221;:&#8221;image&#8221;,&#8221;small_url&#8221;:&#8221;https:\/\/statics.quattroruote.it\/content\/dam\/quattroruote\/it\/news\/nuovi-modelli\/2026\/08\/05\/qnovita_citroen\/gallery\/rsmall\/2026-citroen-c5-aircross (3).jpg&#8221;,&#8221;big_url&#8221;:&#8221;https:\/\/statics.quattroruote.it\/content\/dam\/quattroruote\/it\/news\/nuovi-modelli\/2026\/08\/05\/qnovita_citroen\/gallery\/rbig\/2026-citroen-c5-aircross (3).jpg&#8221;,&#8221;alt&#8221;:&#8221;Dalla Ami alla C5 Aircross: tutte le novit\u00e0 Citro\u00ebn in arrivo entro il 2026&#8243;,&#8221;caption&#8221;:&#8221;<\/p>\n<p> &lt;\\\/p&gt;&#8221;},{&#8220;type&#8221;:&#8221;image&#8221;,&#8221;small_url&#8221;:&#8221;https:\/\/statics.quattroruote.it\/content\/dam\/quattroruote\/it\/news\/nuovi-modelli\/2026\/08\/05\/qnovita_citroen\/gallery\/rsmall\/2026-citroen-c5-aircross (4).jpg&#8221;,&#8221;big_url&#8221;:&#8221;https:\/\/statics.quattroruote.it\/content\/dam\/quattroruote\/it\/news\/nuovi-modelli\/2026\/08\/05\/qnovita_citroen\/gallery\/rbig\/2026-citroen-c5-aircross (4).jpg&#8221;,&#8221;alt&#8221;:&#8221;Dalla Ami alla C5 Aircross: tutte le novit\u00e0 Citro\u00ebn in arrivo entro il 2026&#8243;,&#8221;caption&#8221;:&#8221;<\/p>\n<p> &lt;\\\/p&gt;&#8221;},{&#8220;type&#8221;:&#8221;image&#8221;,&#8221;small_url&#8221;:&#8221;https:\/\/statics.quattroruote.it\/content\/dam\/quattroruote\/it\/news\/nuovi-modelli\/2026\/08\/05\/qnovita_citroen\/gallery\/rsmall\/2026-citroen-c5-aircross (5).jpg&#8221;,&#8221;big_url&#8221;:&#8221;https:\/\/statics.quattroruote.it\/content\/dam\/quattroruote\/it\/news\/nuovi-modelli\/2026\/08\/05\/qnovita_citroen\/gallery\/rbig\/2026-citroen-c5-aircross (5).jpg&#8221;,&#8221;alt&#8221;:&#8221;Dalla Ami alla C5 Aircross: tutte le novit\u00e0 Citro\u00ebn in arrivo entro il 2026&#8243;,&#8221;caption&#8221;:&#8221;<\/p>\n<p> &lt;\\\/p&gt;&#8221;},{&#8220;type&#8221;:&#8221;image&#8221;,&#8221;small_url&#8221;:&#8221;https:\/\/statics.quattroruote.it\/content\/dam\/quattroruote\/it\/news\/nuovi-modelli\/2026\/08\/05\/qnovita_citroen\/gallery\/rsmall\/2026-citroen-c5-aircross (7).jpg&#8221;,&#8221;big_url&#8221;:&#8221;https:\/\/statics.quattroruote.it\/content\/dam\/quattroruote\/it\/news\/nuovi-modelli\/2026\/08\/05\/qnovita_citroen\/gallery\/rbig\/2026-citroen-c5-aircross (7).jpg&#8221;,&#8221;alt&#8221;:&#8221;Dalla Ami alla C5 Aircross: tutte le novit\u00e0 Citro\u00ebn in arrivo entro il 2026&#8243;,&#8221;caption&#8221;:&#8221;<\/p>\n<p> &lt;\\\/p&gt;&#8221;},{&#8220;type&#8221;:&#8221;image&#8221;,&#8221;small_url&#8221;:&#8221;https:\/\/statics.quattroruote.it\/content\/dam\/quattroruote\/it\/news\/nuovi-modelli\/2026\/08\/05\/qnovita_citroen\/gallery\/rsmall\/2026-citroen-c5-aircross (8).jpg&#8221;,&#8221;big_url&#8221;:&#8221;https:\/\/statics.quattroruote.it\/content\/dam\/quattroruote\/it\/news\/nuovi-modelli\/2026\/08\/05\/qnovita_citroen\/gallery\/rbig\/2026-citroen-c5-aircross (8).jpg&#8221;,&#8221;alt&#8221;:&#8221;Dalla Ami alla C5 Aircross: tutte le novit\u00e0 Citro\u00ebn in arrivo entro il 2026&#8243;,&#8221;caption&#8221;:&#8221;<\/p>\n<p> &lt;\\\/p&gt;&#8221;},{&#8220;type&#8221;:&#8221;image&#8221;,&#8221;small_url&#8221;:&#8221;https:\/\/statics.quattroruote.it\/content\/dam\/quattroruote\/it\/news\/nuovi-modelli\/2026\/08\/05\/qnovita_citroen\/gallery\/rsmall\/2026-citroen-c5-aircross (9).jpg&#8221;,&#8221;big_url&#8221;:&#8221;https:\/\/statics.quattroruote.it\/content\/dam\/quattroruote\/it\/news\/nuovi-modelli\/2026\/08\/05\/qnovita_citroen\/gallery\/rbig\/2026-citroen-c5-aircross (9).jpg&#8221;,&#8221;alt&#8221;:&#8221;Dalla Ami alla C5 Aircross: tutte le novit\u00e0 Citro\u00ebn in arrivo entro il 2026&#8243;,&#8221;caption&#8221;:&#8221;<\/p>\n<p> &lt;\\\/p&gt;&#8221;}],&#8221;slickFor&#8221;:{&#8220;infinite&#8221;:true,&#8221;autoplaySpeed&#8221;:-1000,&#8221;slidesToShow&#8221;:1,&#8221;slidesToScroll&#8221;:1,&#8221;arrows&#8221;:true,&#8221;adaptiveHeight&#8221;:false,&#8221;dots&#8221;:false,&#8221;fade&#8221;:true,&#8221;asNavFor&#8221;:&#8221;.c-gallery1__slider&#8211;nav&#8221;,&#8221;initialSlide&#8221;:0,&#8221;autoplay&#8221;:false,&#8221;autoplayF&#8221;:false,&#8221;autoplaySpeedF&#8221;:-1000},&#8221;slickNav&#8221;:{&#8220;slidesToShow&#8221;:1,&#8221;slidesToScroll&#8221;:1,&#8221;arrows&#8221;:true,&#8221;asNavFor&#8221;:&#8221;.c-gallery1__slider&#8211;for&#8221;,&#8221;dots&#8221;:false,&#8221;centerMode&#8221;:true,&#8221;infinite&#8221;:true,&#8221;focusOnSelect&#8221;:true}}&#8221; data-js-component=&#8221;gallery1&#8243; data-articletitle=&#8221;Dalla Ami alla C5 Aircross: tutte le novit\u00e0 Citro\u00ebn in arrivo entro il 2026&#8243;&gt;\n        <\/p>\n","protected":false},"excerpt":{"rendered":"&lt;\\\/p&gt;&#8221;},{&#8220;type&#8221;:&#8221;image&#8221;,&#8221;small_url&#8221;:&#8221;https:\/\/statics.quattroruote.it\/content\/dam\/quattroruote\/it\/news\/nuovi-modelli\/2026\/08\/05\/qnovita_citroen\/gallery\/rsmall\/2026-citroen-ami (1).jpg&#8221;,&#8221;big_url&#8221;:&#8221;https:\/\/statics.quattroruote.it\/content\/dam\/quattroruote\/it\/news\/nuovi-modelli\/2026\/08\/05\/qnovita_citroen\/gallery\/rbig\/2026-citroen-ami (1).jpg&#8221;,&#8221;alt&#8221;:&#8221;Dalla Ami alla C5 Aircross: tutte le novit\u00e0 Citro\u00ebn in arrivo entro il 2026&#8243;,&#8221;caption&#8221;:&#8221; &lt;\\\/p&gt;&#8221;},{&#8220;type&#8221;:&#8221;image&#8221;,&#8221;small_url&#8221;:&#8221;https:\/\/statics.quattroruote.it\/content\/dam\/quattroruote\/it\/news\/nuovi-modelli\/2026\/08\/05\/qnovita_citroen\/gallery\/rsmall\/2026-citroen-ami (2).jpg&#8221;,&#8221;big_url&#8221;:&#8221;https:\/\/statics.quattroruote.it\/content\/dam\/quattroruote\/it\/news\/nuovi-modelli\/2026\/08\/05\/qnovita_citroen\/gallery\/rbig\/2026-citroen-ami&hellip;\n","protected":false},"author":3,"featured_media":620764,"comment_status":"","ping_status":"","sticky":false,"template":"","format":"standard","meta":{"footnotes":"","_share_on_mastodon":"0"},"categories":[173],"tags":[20693,1537,90,89,195,198,199,197,200,201,194,196],"class_list":["post-620763","post","type-post","status-publish","format-standard","has-post-thumbnail","category-scienza-e-tecnologia","tag-citroen","tag-it","tag-italia","tag-italy","tag-science","tag-science-and-technology","tag-scienceandtechnology","tag-scienza","tag-scienza-e-tecnologia","tag-scienzaetecnologia","tag-technology","tag-tecnologia"],"share_on_mastodon":{"url":"https:\/\/pubeurope.com\/@it\/117049673054442907","error":""},"_links":{"self":[{"href":"https:\/\/www.europesays.com\/it\/wp-json\/wp\/v2\/posts\/620763","targetHints":{"allow":["GET"]}}],"collection":[{"href":"https:\/\/www.europesays.com\/it\/wp-json\/wp\/v2\/posts"}],"about":[{"href":"https:\/\/www.europesays.com\/it\/wp-json\/wp\/v2\/types\/post"}],"author":[{"embeddable":true,"href":"https:\/\/www.europesays.com\/it\/wp-json\/wp\/v2\/users\/3"}],"replies":[{"embeddable":true,"href":"https:\/\/www.europesays.com\/it\/wp-json\/wp\/v2\/comments?post=620763"}],"version-history":[{"count":0,"href":"https:\/\/www.europesays.com\/it\/wp-json\/wp\/v2\/posts\/620763\/revisions"}],"wp:featuredmedia":[{"embeddable":true,"href":"https:\/\/www.europesays.com\/it\/wp-json\/wp\/v2\/media\/620764"}],"wp:attachment":[{"href":"https:\/\/www.europesays.com\/it\/wp-json\/wp\/v2\/media?parent=620763"}],"wp:term":[{"taxonomy":"category","embeddable":true,"href":"https:\/\/www.europesays.com\/it\/wp-json\/wp\/v2\/categories?post=620763"},{"taxonomy":"post_tag","embeddable":true,"href":"https:\/\/www.europesays.com\/it\/wp-json\/wp\/v2\/tags?post=620763"}],"curies":[{"name":"wp","href":"https:\/\/api.w.org\/{rel}","templated":true}]}}