{"id":620807,"date":"2026-08-06T17:49:13","date_gmt":"2026-08-06T17:49:13","guid":{"rendered":"https:\/\/www.europesays.com\/it\/620807\/"},"modified":"2026-08-06T17:49:13","modified_gmt":"2026-08-06T17:49:13","slug":"investito-in-bici-parte-gara-di-solidarieta-a-empoli","status":"publish","type":"post","link":"https:\/\/www.europesays.com\/it\/620807\/","title":{"rendered":"Investito in bici, parte gara di solidariet\u00e0\u00a0a Empoli"},"content":{"rendered":"<p>Da Empoli \u00e8 partita una gara di solidariet\u00e0 per la famiglia di Emanuele, la cui vita \u00e8 stata stravolta a soli 18 anni da un incidente in bicicletta. Lo scorso maggio infatti <a href=\"https:\/\/www.gonews.it\/2026\/05\/22\/empoli-grave-incidente-bicicletta-18enne-codice-rosso\/\" rel=\"nofollow noopener\" target=\"_blank\">\u00e8 stato investito<\/a> da un pirata della strada che non lo ha nemmeno soccorso.<\/p>\n<p>\u201cTrasportato all\u2019ospedale Careggi di Firenze, dove \u00e8 arrivato in condizioni disperate e in coma &#8211; raccontano gli organizzatori della raccolta fondi su\u00a0<a href=\"https:\/\/www.gofundme.com\/f\/aiutiamo-emanuele-e-la-sua-famiglia-a-tornare-a-sorridere\" data-saferedirecturl=\"https:\/\/www.google.com\/url?q=https:\/\/www.gofundme.com\/f\/aiutiamo-emanuele-e-la-sua-famiglia-a-tornare-a-sorridere&amp;source=gmail&amp;ust=1786115214611000&amp;usg=AOvVaw1w6CvUkDyz39mFemfTxpdK\" rel=\"nofollow noopener\" target=\"_blank\">GoFundMe<\/a>\u00a0&#8211; \u00e8 stato sottoposto a diversi interventi neurochirurgici alla testa, accompagnati da gravi complicazioni\u201d.<\/p>\n<p>\u201cOggi &#8211; scrivono &#8211; Emanuele si trova in un centro di riabilitazione. Il suo cammino lungo e difficile, per\u00f2, \u00e8 molto lontano dalla conclusione e dalla normalit\u00e0: dovr\u00e0 affrontare altri interventi chirurgici e un lungo percorso di recupero e riabilitazione. Accanto a lui &#8211; continuano &#8211; c\u2019\u00e8 sempre stata la sua famiglia ma, oltre al dolore e alla paura, i suoi cari stanno affrontando anche un enorme peso economico: spese mediche, riabilitazione, continui spostamenti e tutte le necessit\u00e0 che una situazione cos\u00ec complessa comporta\u201d.<\/p>\n<p>\u201cPer questo &#8211; spiegano &#8211; abbiamo deciso di aprire questa raccolta fondi. Insieme possiamo dare loro la forza e il sostegno necessari per affrontare questo difficile cammino, con la speranza che Emanuele possa tornare, un giorno, a inseguire i suoi sogni\u201d.<\/p>\n<p>La raccolta fondi, arrivata a diecimila euro, \u00e8 raggiungibile a questo <strong><a href=\"https:\/\/www.gofundme.com\/f\/aiutiamo-emanuele-e-la-sua-famiglia-a-tornare-a-sorridere\" rel=\"nofollow noopener\" target=\"_blank\">link<\/a><\/strong>.<\/p>\n<p>Notizie correlate<\/p>\n<p>\nEmpoli<\/p>\n<p>\nAttualit\u00e0<\/p>\n<p>\n6 Agosto 2026<\/p>\n<p><a href=\"https:\/\/www.gonews.it\/2026\/08\/06\/its-academy-prodigi-al-via-le-iscrizioni-per-i-corsi-dautunno\/\" class=\"img-link img-wrap w_hover\" rel=\"nofollow noopener\" target=\"_blank\"><br \/>\n<img loading=\"lazy\" width=\"150\" height=\"150\" src=\"https:\/\/www.europesays.com\/it\/wp-content\/uploads\/2026\/08\/its-prodigi--150x150.jpeg\" class=\"attachment-thumbnail size-thumbnail wp-post-image\" alt=\"\" decoding=\"async\"\/>\t\t<\/p>\n<p><\/a><\/p>\n<p>\u00c8 gi\u00e0 tempo di candidarsi alle prove di selezione per i corsi dell\u2019ITS Academy Prodigi, l\u2019unica scuola di alta formazione in Toscana interamente dedicata all\u2019Information &amp; Communication Technology. Le iscrizioni [&#8230;]<\/p>\n<p>\nToscana<\/p>\n<p>\nAttualit\u00e0<\/p>\n<p>\n6 Agosto 2026<\/p>\n<p><a href=\"https:\/\/www.gonews.it\/2026\/08\/06\/incendi-impianti-riciclo-legambiente-toscana\/\" class=\"img-link img-wrap w_hover\" rel=\"nofollow noopener\" target=\"_blank\"><br \/>\n<img loading=\"lazy\" width=\"150\" height=\"150\" src=\"https:\/\/www.europesays.com\/it\/wp-content\/uploads\/2026\/08\/Incendio_Lugnano_Vicopisano_2026__1-150x150.jpeg\" class=\"attachment-thumbnail size-thumbnail wp-post-image\" alt=\"\" decoding=\"async\"\/>\t\t<\/p>\n<p><\/a><\/p>\n<p>Nei soli mesi di giugno e luglio in Toscana, sono stati cinque gli episodi che hanno visto il divampare delle fiamme negli impianti del riciclo. Il 2 giugno a Capannori, [&#8230;]<\/p>\n<p>\nEmpoli<\/p>\n<p>\nAttualit\u00e0<\/p>\n<p>\n6 Agosto 2026<\/p>\n<p><a href=\"https:\/\/www.gonews.it\/2026\/08\/06\/arrivano-due-nuovi-agenti-di-polizia-per-il-commissariato-di-empoli\/\" class=\"img-link img-wrap w_hover\" rel=\"nofollow noopener\" target=\"_blank\"><br \/>\n<img width=\"150\" height=\"150\" src=\"https:\/\/www.europesays.com\/it\/wp-content\/uploads\/2026\/08\/empoli_commissariato_polizia_generica_-150x150.jpg\" class=\"attachment-thumbnail size-thumbnail wp-post-image\" alt=\"\" decoding=\"async\" loading=\"lazy\"\/>\t\t<\/p>\n<p><\/a><\/p>\n<p>Il Commissariato di Pubblica Sicurezza di Empoli sar\u00e0 potenziato con l\u2019arrivo di due nuovi agenti di Polizia, nell\u2019ambito del piano di assegnazioni disposto dal Capo della Polizia il 3 agosto. [&#8230;]<\/p>\n<p><a href=\"https:\/\/www.gonews.it\/tag\/empoli\" rel=\"nofollow noopener\" target=\"_blank\">Tutte le notizie di Empoli <\/a> <\/p>\n<p><a class=\"gobackbottom\" href=\"#\" onclick=\"window.history.go(-1); return false;\" style=\"width:100%;\"><strong> &lt;&lt; Indietro <\/strong><\/a><\/p>\n","protected":false},"excerpt":{"rendered":"Da Empoli \u00e8 partita una gara di solidariet\u00e0 per la famiglia di Emanuele, la cui vita \u00e8 stata&hellip;\n","protected":false},"author":3,"featured_media":620808,"comment_status":"","ping_status":"","sticky":false,"template":"","format":"standard","meta":{"footnotes":"","_share_on_mastodon":"0"},"categories":[1456],"tags":[1824,1825,5531,1537,90,89,245,244],"class_list":["post-620807","post","type-post","status-publish","format-standard","has-post-thumbnail","category-ciclismo","tag-ciclismo","tag-cycling","tag-empoli","tag-it","tag-italia","tag-italy","tag-sport","tag-sports"],"share_on_mastodon":{"url":"https:\/\/pubeurope.com\/@it\/117049830939422550","error":""},"_links":{"self":[{"href":"https:\/\/www.europesays.com\/it\/wp-json\/wp\/v2\/posts\/620807","targetHints":{"allow":["GET"]}}],"collection":[{"href":"https:\/\/www.europesays.com\/it\/wp-json\/wp\/v2\/posts"}],"about":[{"href":"https:\/\/www.europesays.com\/it\/wp-json\/wp\/v2\/types\/post"}],"author":[{"embeddable":true,"href":"https:\/\/www.europesays.com\/it\/wp-json\/wp\/v2\/users\/3"}],"replies":[{"embeddable":true,"href":"https:\/\/www.europesays.com\/it\/wp-json\/wp\/v2\/comments?post=620807"}],"version-history":[{"count":0,"href":"https:\/\/www.europesays.com\/it\/wp-json\/wp\/v2\/posts\/620807\/revisions"}],"wp:featuredmedia":[{"embeddable":true,"href":"https:\/\/www.europesays.com\/it\/wp-json\/wp\/v2\/media\/620808"}],"wp:attachment":[{"href":"https:\/\/www.europesays.com\/it\/wp-json\/wp\/v2\/media?parent=620807"}],"wp:term":[{"taxonomy":"category","embeddable":true,"href":"https:\/\/www.europesays.com\/it\/wp-json\/wp\/v2\/categories?post=620807"},{"taxonomy":"post_tag","embeddable":true,"href":"https:\/\/www.europesays.com\/it\/wp-json\/wp\/v2\/tags?post=620807"}],"curies":[{"name":"wp","href":"https:\/\/api.w.org\/{rel}","templated":true}]}}