{"id":620993,"date":"2026-08-06T20:22:17","date_gmt":"2026-08-06T20:22:17","guid":{"rendered":"https:\/\/www.europesays.com\/it\/620993\/"},"modified":"2026-08-06T20:22:17","modified_gmt":"2026-08-06T20:22:17","slug":"sono-stati-arrestati-cinque-agenti-della-polizia-locale-di-milano","status":"publish","type":"post","link":"https:\/\/www.europesays.com\/it\/620993\/","title":{"rendered":"Sono stati arrestati cinque agenti della polizia locale di Milano"},"content":{"rendered":"<p>Cinque agenti della polizia locale di Milano <a href=\"https:\/\/www.milanotoday.it\/dossier\/criminalita\/nomi-agenti-polizia-locale-arrestati-2026.html\" rel=\"nofollow noopener\" target=\"_blank\">sono stati arrestati <\/a>all\u2019alba di gioved\u00ec 6 agosto. Si tratta di un ufficiale e quattro agenti. Agli indagati, stando a quanto trapelato, sono stati contestati &#8211; a vario titolo &#8211; i reati di arresto illegale, peculato e falso ideologico commesso dal pubblico ufficiale.<\/p>\n<p><a href=\"https:\/\/www.milanotoday.it\/dossier\/criminalita\/nomi-agenti-polizia-locale-arrestati-2026.html\" rel=\"nofollow noopener\" target=\"_blank\">Chi sono gli agenti arrestati: i loro nomi<\/a><\/p>\n<p>Le misure cautelari, disposte dalla procura di Milano, sono state eseguite dai ghisa del reparto radiomobile. Le indagini, sempre condotte dai \u201cghisa\u201d e coordinate dalla procura, sono scattate in seguito alla denuncia dell\u2019avvocato difensore di un soggetto arrestato il 16 luglio dai cinque indagati.<\/p>\n<p>Il comandante: \u201cIl corpo sa reagire\u201d<\/p>\n<p>\u201cDalla segnalazione ricevuta &#8211; commenta il comandante della Polizia Locale, Gianluca Mirabelli &#8211; sono bastati quindici giorni per ricostruire, con la guida dell\u2019Autorit\u00e0 Giudiziaria, una vicenda indubbiamente dolorosa, ma che dimostra quanto il Corpo sappia reagire e sia refrattario a condotte per le quali non esistono giustificazioni. Non saranno certo cinque singoli individui a compromettere l\u2019onorabilit\u00e0 di oltre 3.300 donne e uomini che ogni giorno svolgono il proprio dovere con dignit\u00e0, rigore e profondo senso del delle istituzioni\u201d.<\/p>\n<p>Venerd\u00ec l&#8217;interrogatorio<\/p>\n<p>Gli interrogatori di garanzia si terranno domani pomeriggio (venerd\u00ec) nel carcere di San Vittore. Lo ha deciso il giudice per le indagini preliminari di Milano Elio Sparacino. Come accennato, i cinque agenti sono stati arrestati per peculato e falso. Avrebbero inoltre sottratto 1.400 euro a un loro arrestato per droga, il 16 luglio, e falsificato i verbali. L&#8217;inchiesta del pm Giovanni Tarzia contesta anche l&#8217;ipotesi di reato di arresto illegale. Fra gli indagati, assistiti dagli avvocati Giovanni e Nicol\u00f2 Briola, c&#8217;\u00e8 anche una commissaria donna, la pi\u00f9 alta in grado. La misura cautelare riguarda un solo episodio, ma, da quanto si apprende, il quadro dell&#8217;indagine sarebbe pi\u00f9 ampio e riguarderebbe i comportamenti di una &#8216;squadretta&#8217; di agenti infedeli, sottolineano pi\u00f9 fonti a conoscenza del fascicolo. Ci sarebbero quindi p\u00f9 episodi da ricostruire. Il gip ha ritenuto sussistenti le esigenze cautelari del pericolo di reiterazione dei reati e di inquinamento probatorio.<\/p>\n","protected":false},"excerpt":{"rendered":"Cinque agenti della polizia locale di Milano sono stati arrestati all\u2019alba di gioved\u00ec 6 agosto. Si tratta di&hellip;\n","protected":false},"author":3,"featured_media":620994,"comment_status":"","ping_status":"","sticky":false,"template":"","format":"standard","meta":{"footnotes":"","_share_on_mastodon":"0"},"categories":[6],"tags":[19649,14,8,1537,90,89,7,15,82,9,83,10,13,11,80,84,12,81,85],"class_list":["post-620993","post","type-post","status-publish","format-standard","has-post-thumbnail","category-ultime-notizie","tag-arresti","tag-cronaca","tag-headlines","tag-it","tag-italia","tag-italy","tag-news","tag-notizie","tag-notizie-di-cronaca","tag-notizie-principali","tag-notiziedicronaca","tag-notizieprincipali","tag-titoli","tag-ultime-notizie","tag-ultime-notizie-di-cronaca","tag-ultime-notizie-e-news-di-oggi","tag-ultimenotizie","tag-ultimenotiziedicronaca","tag-ultimenotizieenewsdioggi"],"share_on_mastodon":{"url":"https:\/\/pubeurope.com\/@it\/117050431631504639","error":""},"_links":{"self":[{"href":"https:\/\/www.europesays.com\/it\/wp-json\/wp\/v2\/posts\/620993","targetHints":{"allow":["GET"]}}],"collection":[{"href":"https:\/\/www.europesays.com\/it\/wp-json\/wp\/v2\/posts"}],"about":[{"href":"https:\/\/www.europesays.com\/it\/wp-json\/wp\/v2\/types\/post"}],"author":[{"embeddable":true,"href":"https:\/\/www.europesays.com\/it\/wp-json\/wp\/v2\/users\/3"}],"replies":[{"embeddable":true,"href":"https:\/\/www.europesays.com\/it\/wp-json\/wp\/v2\/comments?post=620993"}],"version-history":[{"count":0,"href":"https:\/\/www.europesays.com\/it\/wp-json\/wp\/v2\/posts\/620993\/revisions"}],"wp:featuredmedia":[{"embeddable":true,"href":"https:\/\/www.europesays.com\/it\/wp-json\/wp\/v2\/media\/620994"}],"wp:attachment":[{"href":"https:\/\/www.europesays.com\/it\/wp-json\/wp\/v2\/media?parent=620993"}],"wp:term":[{"taxonomy":"category","embeddable":true,"href":"https:\/\/www.europesays.com\/it\/wp-json\/wp\/v2\/categories?post=620993"},{"taxonomy":"post_tag","embeddable":true,"href":"https:\/\/www.europesays.com\/it\/wp-json\/wp\/v2\/tags?post=620993"}],"curies":[{"name":"wp","href":"https:\/\/api.w.org\/{rel}","templated":true}]}}