{"id":621495,"date":"2026-08-07T04:27:17","date_gmt":"2026-08-07T04:27:17","guid":{"rendered":"https:\/\/www.europesays.com\/it\/621495\/"},"modified":"2026-08-07T04:27:17","modified_gmt":"2026-08-07T04:27:17","slug":"sondaggio-mannheimer-uno-choc-quanto-valgono-di-battista-e-vannacci","status":"publish","type":"post","link":"https:\/\/www.europesays.com\/it\/621495\/","title":{"rendered":"Sondaggio Mannheimer, uno choc: &#8220;Quanto valgono Di Battista e Vannacci&#8221;"},"content":{"rendered":"<p><strong>Renato Mannheimer<\/strong>, in collegamento con L&#8217;aria che tira su La7, ha parlato di <strong>Roberto Vannacci<\/strong> e di <strong>Alessandro Di Battista<\/strong>. Il &#8220;Che Guevara di Roma Nord&#8221; non ha ancora ufficializzato la sua discesa in campo. Ma gi\u00e0 i primi sondaggisti hanno provato a realizzare alcune ricerche su ipotetiche cifre. E il risultato non pu\u00f2 che far tremare<strong> Giuseppe Conte <\/strong>e, pi\u00f9 in generale, il Movimento Cinque Stelle. Per i grillini, in effetti, sarebbe un vero e proprio bagno di sangue.<\/p>\n<p>&#8220;Di Battista \u00e8 meno popolare di Vannacci. Il leader di Futuro Nazionale<strong> ha gi\u00e0 superato il 7%<\/strong> &#8211; ha spiegato Mannheimer -. Di Battista non si \u00e8 nemmeno presentato, ma i principali sondaggi<strong> lo danno su un 3-3,5%<\/strong>. Ci sono due sondaggi recenti. Questo \u00e8 il pi\u00f9 recente e gli d\u00e0 il 3,5%. La cosa interessante, come si vede dal cartello, \u00e8 da dove li prende. E cio\u00e8 prenderebbe questi voti tanto dal Movimento Cinque Stelle. Addirittura un terzo dei votanti per Conte dice che prenderebbe in considerazione il voto per Di Battista che \u00e8 un&#8217;ala ancora pi\u00f9 radicale dei Cinque Stelle. Per questo Conte sta proprio in questi giorni cercando di radicalizzare. Viene anche da altri partiti, ma insomma<strong> l&#8217;emorragia grave \u00e8 nei Cinque Stelle<\/strong>. E questo fa capire non solo la campagna elettorale in corso, ma anche la paura e i movimenti attuali di Conte&#8221;.<\/p>\n<p><a href=\"https:\/\/www.liberoquotidiano.it\/news\/politica\/48786005\/roberto-vannacci-beppe-grillo-lettera-comico\/\" rel=\"nofollow noopener\" target=\"_blank\">Roberto Vannacci, contatto con Beppe Grillo: quella lettera al comicoRoberto Vannacci e Beppe Grillo. La strana coppia avrebbe diversi punti di vista. Lo crede Rinascimento Nazionale, il&amp;nb&#8230;<\/a><\/p>\n<p>E ancora: &#8220;Per Di Battista \u00e8 un<strong> inizio molto promettente<\/strong>. Per il Paese chiss\u00e0. Ma per lui \u00e8<strong> molto promettente<\/strong>, soprattutto perch\u00e9 non ha ancora fatto campagna elettorale. Vannacci \u00e8 vero che ha il 7%, ma \u00e8 da settimane che fa campagna elettorale. Vediamo se scende in campo quanto e <strong>soprattutto che cosa dice<\/strong>&#8220;.<\/p>\n<p><a href=\"https:\/\/www.la7.it\/laria-che-tira\/video\/ultimo-sondaggio-renato-mannheimer-la-lista-di-di-battista-varrebbe-il-35-mentre-vannacci-e-gia-06-08-2026-654046\" target=\"_blank\" rel=\"nofollow noopener\"><strong>L&#8217;aria che tira: il sondaggio di Mannheimer<\/strong><\/a><\/p>\n","protected":false},"excerpt":{"rendered":"Renato Mannheimer, in collegamento con L&#8217;aria che tira su La7, ha parlato di Roberto Vannacci e di Alessandro&hellip;\n","protected":false},"author":3,"featured_media":621496,"comment_status":"","ping_status":"","sticky":false,"template":"","format":"standard","meta":{"footnotes":"","_share_on_mastodon":"0"},"categories":[79],"tags":[41155,14,93,94,342715,1537,90,89,30774,7,15,284488,11,84,91,12,85,92],"class_list":["post-621495","post","type-post","status-publish","format-standard","has-post-thumbnail","category-italia","tag-alessandro-di-battista","tag-cronaca","tag-cronaca-italiana","tag-cronacaitaliana","tag-generale-vannacci","tag-it","tag-italia","tag-italy","tag-m5s","tag-news","tag-notizie","tag-renato-mannheimer","tag-ultime-notizie","tag-ultime-notizie-e-news-di-oggi","tag-ultime-notizie-italia","tag-ultimenotizie","tag-ultimenotizieenewsdioggi","tag-ultimenotizieitalia"],"share_on_mastodon":{"url":"https:\/\/pubeurope.com\/@it\/117052338615896978","error":""},"_links":{"self":[{"href":"https:\/\/www.europesays.com\/it\/wp-json\/wp\/v2\/posts\/621495","targetHints":{"allow":["GET"]}}],"collection":[{"href":"https:\/\/www.europesays.com\/it\/wp-json\/wp\/v2\/posts"}],"about":[{"href":"https:\/\/www.europesays.com\/it\/wp-json\/wp\/v2\/types\/post"}],"author":[{"embeddable":true,"href":"https:\/\/www.europesays.com\/it\/wp-json\/wp\/v2\/users\/3"}],"replies":[{"embeddable":true,"href":"https:\/\/www.europesays.com\/it\/wp-json\/wp\/v2\/comments?post=621495"}],"version-history":[{"count":0,"href":"https:\/\/www.europesays.com\/it\/wp-json\/wp\/v2\/posts\/621495\/revisions"}],"wp:featuredmedia":[{"embeddable":true,"href":"https:\/\/www.europesays.com\/it\/wp-json\/wp\/v2\/media\/621496"}],"wp:attachment":[{"href":"https:\/\/www.europesays.com\/it\/wp-json\/wp\/v2\/media?parent=621495"}],"wp:term":[{"taxonomy":"category","embeddable":true,"href":"https:\/\/www.europesays.com\/it\/wp-json\/wp\/v2\/categories?post=621495"},{"taxonomy":"post_tag","embeddable":true,"href":"https:\/\/www.europesays.com\/it\/wp-json\/wp\/v2\/tags?post=621495"}],"curies":[{"name":"wp","href":"https:\/\/api.w.org\/{rel}","templated":true}]}}