{"id":621527,"date":"2026-08-07T04:55:16","date_gmt":"2026-08-07T04:55:16","guid":{"rendered":"https:\/\/www.europesays.com\/it\/621527\/"},"modified":"2026-08-07T04:55:16","modified_gmt":"2026-08-07T04:55:16","slug":"litalia-soffoca-picchi-di-48c-a-napoli-dopo-il-caldo-rischio-nubifragi-violenti-pioggia-di-bollini-rossi-anche-nel-weekend","status":"publish","type":"post","link":"https:\/\/www.europesays.com\/it\/621527\/","title":{"rendered":"L&#8217;Italia soffoca, picchi di 48\u00b0C a Napoli: dopo il caldo, rischio nubifragi violenti. Pioggia di bollini rossi anche nel weekend"},"content":{"rendered":"<p>Dalle temperature estreme nelle citt\u00e0 ai ghiacciai alpini sempre pi\u00f9 fragili, l&#8217;<strong><a href=\"https:\/\/www.leggo.it\/t\/estate-2026\" rel=\"nofollow noopener\" target=\"_blank\">estate 2026<\/a><\/strong> continua a mostrare il suo volto pi\u00f9 duro. La <strong>quarta <a href=\"https:\/\/www.leggo.it\/t\/ondata-di-calore\" rel=\"nofollow noopener\" target=\"_blank\">ondata di calore<\/a> africana<\/strong> della stagione mantiene l&#8217;Italia sotto una <strong>cappa di <a href=\"https:\/\/www.leggo.it\/t\/afa\" rel=\"nofollow noopener\" target=\"_blank\">afa<\/a> e <a href=\"https:\/\/www.leggo.it\/t\/caldo\" rel=\"nofollow noopener\" target=\"_blank\">caldo<\/a><\/strong> eccezionale: secondo i meteorologi, la fase pi\u00f9 intensa proseguir\u00e0 almeno fino a <strong><a href=\"https:\/\/www.leggo.it\/t\/ferragosto\" rel=\"nofollow noopener\" target=\"_blank\">Ferragosto<\/a><\/strong>, mentre l&#8217;enorme quantit\u00e0 di energia accumulata potrebbe trasformarsi successivamente in <strong>temporali violenti<\/strong> e fenomeni estremi.<\/p>\n<p>  <strong>Il picco del caldo<\/strong> <\/p>\n<p><strong>Il dato simbolo arriva dalla Campania<\/strong>. Secondo le rilevazioni diffuse da Legambiente Campania, la temperatura ha raggiunto i 48 gradi alla <strong>Stazione Centrale di Napoli<\/strong> e al <strong>mercato ortofrutticolo di Afragola<\/strong>, valori che fotografano la portata dell&#8217;attuale fase africana. L&#8217;emergenza resta alta anche sul fronte sanitario: il <strong>Ministero della Salute ha previsto 26 citt\u00e0 con bollino rosso venerd\u00ec 7 agosto, mentre il numero scender\u00e0 a 21 sabato 8 agosto<\/strong>. Una situazione che continua a mettere sotto pressione soprattutto anziani, persone fragili e chi lavora all&#8217;aperto.<\/p>\n","protected":false},"excerpt":{"rendered":"Dalle temperature estreme nelle citt\u00e0 ai ghiacciai alpini sempre pi\u00f9 fragili, l&#8217;estate 2026 continua a mostrare il suo&hellip;\n","protected":false},"author":3,"featured_media":621528,"comment_status":"","ping_status":"","sticky":false,"template":"","format":"standard","meta":{"footnotes":"","_share_on_mastodon":"0"},"categories":[6],"tags":[31899,3118,14,8,1537,90,89,316096,419,342765,248,7,15,82,9,83,10,13,11,80,84,12,81,85],"class_list":["post-621527","post","type-post","status-publish","format-standard","has-post-thumbnail","category-ultime-notizie","tag-afa","tag-caldo-record","tag-cronaca","tag-headlines","tag-it","tag-italia","tag-italy","tag-lorenzo-tedici","tag-meteo","tag-meteo-previsioni","tag-napoli","tag-news","tag-notizie","tag-notizie-di-cronaca","tag-notizie-principali","tag-notiziedicronaca","tag-notizieprincipali","tag-titoli","tag-ultime-notizie","tag-ultime-notizie-di-cronaca","tag-ultime-notizie-e-news-di-oggi","tag-ultimenotizie","tag-ultimenotiziedicronaca","tag-ultimenotizieenewsdioggi"],"share_on_mastodon":{"url":"https:\/\/pubeurope.com\/@it\/117052448903547311","error":""},"_links":{"self":[{"href":"https:\/\/www.europesays.com\/it\/wp-json\/wp\/v2\/posts\/621527","targetHints":{"allow":["GET"]}}],"collection":[{"href":"https:\/\/www.europesays.com\/it\/wp-json\/wp\/v2\/posts"}],"about":[{"href":"https:\/\/www.europesays.com\/it\/wp-json\/wp\/v2\/types\/post"}],"author":[{"embeddable":true,"href":"https:\/\/www.europesays.com\/it\/wp-json\/wp\/v2\/users\/3"}],"replies":[{"embeddable":true,"href":"https:\/\/www.europesays.com\/it\/wp-json\/wp\/v2\/comments?post=621527"}],"version-history":[{"count":0,"href":"https:\/\/www.europesays.com\/it\/wp-json\/wp\/v2\/posts\/621527\/revisions"}],"wp:featuredmedia":[{"embeddable":true,"href":"https:\/\/www.europesays.com\/it\/wp-json\/wp\/v2\/media\/621528"}],"wp:attachment":[{"href":"https:\/\/www.europesays.com\/it\/wp-json\/wp\/v2\/media?parent=621527"}],"wp:term":[{"taxonomy":"category","embeddable":true,"href":"https:\/\/www.europesays.com\/it\/wp-json\/wp\/v2\/categories?post=621527"},{"taxonomy":"post_tag","embeddable":true,"href":"https:\/\/www.europesays.com\/it\/wp-json\/wp\/v2\/tags?post=621527"}],"curies":[{"name":"wp","href":"https:\/\/api.w.org\/{rel}","templated":true}]}}