{"id":621541,"date":"2026-08-07T05:13:11","date_gmt":"2026-08-07T05:13:11","guid":{"rendered":"https:\/\/www.europesays.com\/it\/621541\/"},"modified":"2026-08-07T05:13:11","modified_gmt":"2026-08-07T05:13:11","slug":"sal-da-vinci-notti-di-concerti-ed-emozioni-e-per-sempre-si-anche-in-puglia","status":"publish","type":"post","link":"https:\/\/www.europesays.com\/it\/621541\/","title":{"rendered":"Sal Da Vinci, notti di concerti ed emozioni: \u00e8 Per sempre s\u00ec anche in Puglia"},"content":{"rendered":"<p>\u00a0\u201cCon la mano sul petto, io te lo prometto davanti a Dio: saremo io e te da qui, sar\u00e0 per sempre s\u00ec\u201d: \u00e8 il verso pi\u00f9 iconico della canzone con cui <a href=\"https:\/\/www.quotidianodipuglia.it\/t\/sal-da-vinci\" rel=\"nofollow noopener\" target=\"_blank\">Sal Da Vinci<\/a> ha trionfato all\u2019ultimo Festival di Sanremo. Vittoria, dopo il terzo posto ottenuto nel 2009 con \u201cNon riesco a farti innamorare\u201d, che gli ha aperto le porte all\u2019Eurovision Song Contest 2026 dove si \u00e8 classificato quinto, facendo infiammare il pubblico di Vienna.<\/p>\n<p>E \u201cPer sempre s\u00ec\u201d \u00e8 diventato il titolo dell\u2019album e del tour in giro per l\u2019Italia che approda ora in Puglia per tre <a href=\"https:\/\/www.quotidianodipuglia.it\/t\/concerti\" rel=\"nofollow noopener\" target=\"_blank\">concerti<\/a>: oggi alle 21 al Levante Arena di <a href=\"https:\/\/www.quotidianodipuglia.it\/t\/giovinazzo\" rel=\"nofollow noopener\" target=\"_blank\">Giovinazzo<\/a>, domani, sempre alle 21, al Forum Eventi di <a href=\"https:\/\/www.quotidianodipuglia.it\/t\/san-pancrazio-salentino\" rel=\"nofollow noopener\" target=\"_blank\">San Pancrazio Salentino<\/a> e infine sabato 15 agosto al Museo Civico di <a href=\"https:\/\/www.quotidianodipuglia.it\/t\/lucera\" rel=\"nofollow noopener\" target=\"_blank\">Lucera<\/a>. Dopo i recenti successi teatrali e discografici, l\u2019artista napoletano ha scelto cos\u00ec di ritrovare il suo pubblico all\u2019aperto con un s\u00ec alla musica, un s\u00ec al contatto diretto con la gente, e un s\u00ec alle emozioni pure che solo uno spettacolo dal vivo sa regalare. Sar\u00e0 infatti un racconto musicale che intreccia i brani pi\u00f9 amati della sua discografia, a iniziare da \u201cRossetto e caff\u00e8\u201d del 2024, che oggi pu\u00f2 vantare, oltre ai due dischi di platino, oltre 450 milioni di streaming collezionati tra YouTube, Spotify e tutte le piattaforme digitali. E ancora \u201cVurria\u201d e \u201cIl mercante di stelle\u201d, e le nuove canzoni che stanno segnando questo capitolo del suo percorso. Un concerto capace di restituire tutta la forza emotiva e interpretativa che da sempre caratterizza la sua presenza scenica, con un momento centrale dedicato ovviamente all\u2019esecuzione di \u201cPer sempre s\u00ec\u201d, canzone che sin dalla prima serata sanremese ha spopolato perch\u00e9 ritmata, coinvolgente e capace di entrare nella memoria emotiva di milioni di persone in pochissimi secondi. Senza dimenticare un altro aspetto non meno importante. Il brano \u00e8 stato prodotto da Itaca, collettivo formato dai produttori milanesi Federico Mercuri e Giordano Cremona (insieme sono Merk &amp; Kremont), ed Eugenio Maimone. A cui si aggiunge anche un membro del team autoriale, la giovanissima e pluripremiata Federica Abbate, affiancata da Alessandro La Cava &#8211; tra i giovani parolieri\/autori che ha contribuito al successo di artisti come Sangiovanni, Angelina Mango, Noemi, Rkomi \u2013 lo stesso Sal, suo figlio Francesco Da Vinci e il maestro d\u2019orchestra Adriano Pennino. Ebbene, il risultato \u00e8 stato un suono disco-funk, con groove moderno ed energia radio, ma con un modo di cantare classico: moderno dunque nel suono e tradizionale nell\u2019interpretazione. E questo allarga moltissimo il pubblico. Eppure, non poche critiche, anche feroci, sono state rivolte soprattutto al testo, che parla di matrimonio, di promesse, di inginocchiarsi e giurarsi amore eterno, e che invece \u00e8 stato \u201caccusato\u201d di patriarcato e di veicolare messaggi pericolosi.<\/p>\n<p>Ma nella musica, come nella letteratura o nell\u2019opera (e la canzone italiana \u00e8 figlia diretta di Verdi e Puccini), il linguaggio deve essere \u201cpi\u00f9 grande della vita\u201d per colpire chi ascolta. \u00c8 l\u2019estetica del dramma \u00e8 dovuta proprio all\u2019iperbole, che estremizza i sentimenti e le passioni. E chi conosce Sal Da Vinci sa bene che i suoi concerti non sono mai solo musica. Figlio d\u2019arte e cresciuto sul palcoscenico tra studio, sacrifici e gavetta vera, Sal porta infatti in questo tour tutta la sua maestria narrativa. Tra una canzone e l\u2019altra, il cantante si trasforma in affabulatore, dialogando con la platea, raccontando aneddoti di vita, riflessioni sull\u2019amore, sulla speranza e sul valore dei legami indissolubili.<\/p>\n","protected":false},"excerpt":{"rendered":"\u00a0\u201cCon la mano sul petto, io te lo prometto davanti a Dio: saremo io e te da qui,&hellip;\n","protected":false},"author":3,"featured_media":621542,"comment_status":"","ping_status":"","sticky":false,"template":"","format":"standard","meta":{"footnotes":"","_share_on_mastodon":"0"},"categories":[1443],"tags":[2943,203,204,1537,90,89,1538,1539,10898,60568,9151],"class_list":["post-621541","post","type-post","status-publish","format-standard","has-post-thumbnail","category-musica","tag-concerti","tag-entertainment","tag-intrattenimento","tag-it","tag-italia","tag-italy","tag-music","tag-musica","tag-puglia","tag-sal-da-vinci","tag-spettacoli"],"share_on_mastodon":{"url":"https:\/\/pubeurope.com\/@it\/117052519925808574","error":""},"_links":{"self":[{"href":"https:\/\/www.europesays.com\/it\/wp-json\/wp\/v2\/posts\/621541","targetHints":{"allow":["GET"]}}],"collection":[{"href":"https:\/\/www.europesays.com\/it\/wp-json\/wp\/v2\/posts"}],"about":[{"href":"https:\/\/www.europesays.com\/it\/wp-json\/wp\/v2\/types\/post"}],"author":[{"embeddable":true,"href":"https:\/\/www.europesays.com\/it\/wp-json\/wp\/v2\/users\/3"}],"replies":[{"embeddable":true,"href":"https:\/\/www.europesays.com\/it\/wp-json\/wp\/v2\/comments?post=621541"}],"version-history":[{"count":0,"href":"https:\/\/www.europesays.com\/it\/wp-json\/wp\/v2\/posts\/621541\/revisions"}],"wp:featuredmedia":[{"embeddable":true,"href":"https:\/\/www.europesays.com\/it\/wp-json\/wp\/v2\/media\/621542"}],"wp:attachment":[{"href":"https:\/\/www.europesays.com\/it\/wp-json\/wp\/v2\/media?parent=621541"}],"wp:term":[{"taxonomy":"category","embeddable":true,"href":"https:\/\/www.europesays.com\/it\/wp-json\/wp\/v2\/categories?post=621541"},{"taxonomy":"post_tag","embeddable":true,"href":"https:\/\/www.europesays.com\/it\/wp-json\/wp\/v2\/tags?post=621541"}],"curies":[{"name":"wp","href":"https:\/\/api.w.org\/{rel}","templated":true}]}}