{"id":621651,"date":"2026-08-07T06:56:11","date_gmt":"2026-08-07T06:56:11","guid":{"rendered":"https:\/\/www.europesays.com\/it\/621651\/"},"modified":"2026-08-07T06:56:11","modified_gmt":"2026-08-07T06:56:11","slug":"intervista-pippo-inzaghi-ramos-e-la-maledizione-del-9-inter-e-mio-fratello-simone","status":"publish","type":"post","link":"https:\/\/www.europesays.com\/it\/621651\/","title":{"rendered":"Intervista Pippo Inzaghi: &#8220;Ramos e la maledizione del 9, Inter e mio fratello Simone&#8221;"},"content":{"rendered":"<p>                                L\u2019ex punta rossonera, oggi allenatore del Palermo: &#8220;Questo deve essere l&#8217;anno giusto per tornare in Serie A: non ci pesa essere i favoriti&#8221;<\/p>\n<p class=\"paragraph\" spellcheck=\"true\">Ovunque vada viene acclamato. Marted\u00ec sera all\u2019arrivo del Palermo nell\u2019hotel di Perth, Filippo Inzaghi \u00e8 stato accolto da oltre duecento tifosi del Milan: applausi, cori e autografi, come quando segnava una rete dietro l\u2019altra. Superpippo spera di guidare i rosanero in Serie A e non ha paura del ruolo di favorito, ma nel frattempo osserva il calcio del piano di sopra con la solita attenzione che lo contraddistingueva anche quando giocava.<\/p>\n<p class=\"paragraph\" spellcheck=\"true\"><b>Inzaghi, da dove vuole iniziare?<\/b><\/p>\n<p>&#8220;Da un pensiero per Baresi che \u00e8 stato l\u2019idolo di mio padre e di tutta la mia famiglia. Nel 1983 andavo a San Siro a vederlo giocare nel Mundialito. Avrei voluto essere al suo funerale, ma purtroppo ero in viaggio per l\u2019Australia. Cos\u00ec sono andato a \u201csalutarlo\u201d al murales a lui dedicato qui in citt\u00e0&#8221;.<\/p>\n<p><b>Qual \u00e8 stata la tua prima reazione quando ha saputo della sua scomparsa?<\/b><\/p>\n<p>&#8220;\u00c8 stato complicato&#8230; Ho ancora la sua maglia di Parma-Milan del  24 marzo 1996: ero giovane, ma lui volle la mia e divent\u00f2 ancora di pi\u00f9 un mito. Per me  \u00e8 stato il pi\u00f9 grande difensore della storia&#8221;.<\/p>\n<p><b>Colpito dall\u2019accoglienza ricevuta a Perth?<\/b><\/p>\n<p>&#8220;Emozionarsi cos\u00ec alla mia et\u00e0 \u00e8 una delle cose pi\u00f9 belle che mi ha dato il calcio. Quando ho visto tutta quella gente, inizialmente pensavo fosse l\u00ec per il Milan. E invece&#8230; Qualcuno aveva la maglia della finale di Champions ad Atene, una maglia che \u00e8 rimasta nel cuore di tutti noi. Sicuramente nel mio. Segnare due gol in una finale \u00e8 qualcosa di speciale&#8221;.<\/p>\n<p><b>&#8220;Dopo Istanbul c\u2019\u00e8 sempre Atene&#8221; ha scritto il Milan sul retro della seconda maglia di quest\u2019anno.<\/b><\/p>\n<p>&#8220;Io, tra l\u2019altro, a Istanbul ero infortunato e quindi il destino mi ha davvero dato una seconda possibilit\u00e0. \u00c8 stata una notte indimenticabile&#8221;.\u00a0<\/p>\n<p class=\"text\">Avrei voluto essere al funerale  di Baresi, il pi\u00f9 grande difensore della storia: ho ancora la sua maglia di Parma-Milano del 1996<\/p>\n<p class=\"paragraph\" spellcheck=\"true\"><b>Una notte come quella il Milan in Europa non l\u2019ha pi\u00f9 vissuta e anzi, il 24 maggio, ha fallito per la seconda volta di fila l\u2019ingresso in Champions.<\/b><\/p>\n<p>&#8220;Da milanista speravo che lo scorso anno la squadra riuscisse ad arrivare in Champions. A un certo punto ho anche pensato  che potesse lottare per lo scudetto. Poi il calcio \u00e8 cos\u00ec&#8230;&#8221;.<\/p>\n<p><b>I rossoneri sono ripartiti da  Amorim.<\/b><\/p>\n<p>&#8220;Mi auguro che il Milan, con il nuovo allenatore e i nuovi acquisti importanti che ha fatto, possa competere fino alla fine. La storia  insegna che i rossoneri devono stare a quei livelli&#8221;.<br \/><b><br \/>Che campionato si aspetta?<\/b><\/p>\n<p>&#8220;Molto equilibrato. L\u2019Inter parte davanti a tutti perch\u00e9 ha vinto lo scudetto e ha una squadra molto attrezzata. La Juventus sta completando molto bene la rosa e anche il Napoli ha un organico importante&#8221;.<\/p>\n<p><b>Le piace Gon\u00e7alo Ramos?<\/b><\/p>\n<p>&#8220;Lui e Gila sono bei rinforzi. Il portoghese   si muove bene e ha il gol nel sangue. Speriamo che quest\u2019anno l\u2019attaccante sia quello giusto e che quella maglia numero 9 gli porti fortuna&#8221;.<\/p>\n<p><b>Dopo di lei solo a Giroud ha sconfitto la \u201cmaledizione\u201d della 9 rossonera&#8230;<\/b><\/p>\n<p>&#8220;Su queste cose si scherza anche troppo e spero che Ramos faccia bene, cos\u00ec chiudiamo il discorso&#8221;.<\/p>\n<p class=\"paragraph\" spellcheck=\"true\"><b>La  Juve ha rincorso un anno e mezzo Kolo Muani.<\/b><\/p>\n<p>&#8220;Mi piace. Se la Juventus  ha insistito cos\u00ec tanto per riportarlo a Torino, significa che \u00e8 stato apprezzato sia in campo sia fuori. Il suo arrivo e quello di Alajbegovic sono molto interessanti: soprattutto il bosniaco mi ha impressionato quando l\u2019ho visto in  nazionale. La Juventus, con Spalletti e Carnevali, torner\u00e0 a essere un\u2019avversaria temibile per tutti&#8221;.<\/p>\n<p><b>Vlahovic invece \u00e8 ancora senza squadra.<br \/><\/b><br \/>&#8220;Secondo me le opportunit\u00e0 le ha  avute. Magari star\u00e0 riflettendo e cercando la soluzione migliore. Io penso che possa ancora dire la sua ad alti livelli&#8221;.<\/p>\n<p><b>Lautaro \u00e8 favorito per il trono dei bomber della A?\u00a0<br \/><\/b><br \/>&#8220;Lautaro \u00e8 una garanzia, ma per il prossimo anno mi auguro la definitiva esplosione di un italiano. Dico Scamacca perch\u00e9 credo possa essere la sua stagione. Abbiamo bisogno di riportare un centravanti ai vertici della classifica dei cannonieri per il bene della Nazionale. E di attaccanti bravi ne abbiamo: da Scamacca a Raspadori passando per i giovani Pio Esposito e Camarda. Senza dimenticare Kean, al  quale auguro di trovare continuit\u00e0  anche con l\u2019Italia, e Cutrone, uno che non tradisce mai&#8221;.<\/p>\n<p><b>A proposito di Nazionale, come ha vissuto il terzo Mondiale senza gli azzurri?<\/b><\/p>\n<p>&#8220;L\u2019eliminazione ai playoff \u00e8 stato un grande dispiacere. Adesso si riparte con un nuovo corso e io mi fido perch\u00e9 conosco Malag\u00f2, Mancini e  Ranieri, in quel ruolo una vera garanzia. Scherzando, dico sempre che mi piacerebbe far vedere ai miei figli un Mondiale con l\u2019Italia. Sono ancora piccoli, ma bisogna accelerare perch\u00e9 loro crescono&#8230;&#8221;<br \/><b><br \/>Suo fratello Simone come sta all\u2019Al Hilal?<\/b><\/p>\n<p>&#8220;Lo sento felice e sereno. Secondo me aveva bisogno di staccarsi un po\u2019 dalla Serie A che \u00e8 un ambiente complicato, dove bisogna incassare anche qualche critica. Penso abbia fatto una scelta personale giusta e sono convinto che presto torner\u00e0 in Italia o in Europa perch\u00e9 se lo merita. Quest\u2019anno con i risultati delle nostre squadre  nelle coppe abbiamo capito ancora di pi\u00f9 il valore del percorso che aveva fatto in Champions con l\u2019Inter: quando ha perso due finali forse non ci si rendeva conto fino in fondo quello che voleva dire arrivare a giocarsi il trofeo&#8221;.<\/p>\n<p class=\"paragraph\" spellcheck=\"true\"><b>Lei invece \u00e8 pronto per la seconda avventura sulla panchina del Palermo?<\/b><\/p>\n<p>&#8220;Io sono uno che vuole sempre vincere. I 72 punti conquistati lo scorso anno, abbinati con la cresciuta avuta dal gruppo, rappresentano una solida base di partenza per il 2026-27. Avremmo gi\u00e0 voluto regalare qualcosa di diverso alla nostra gente che ha dimostrato una passione e un\u2019intelligenza fuori dal comune con il lungo applauso dopo la semifinale di ritorno dei playoff persa contro il Catanzaro. Quel gesto mi ha riempito il cuore perch\u00e9 in Italia non era praticamente mai successo. Con i tifosi abbiamo un grande debito&#8221;.<\/p>\n<p><b>Il ruolo di favoriti della Serie B vi pesa?<br \/><\/b><br \/>&#8220;No. \u00c8 un gioco al quale ci prestiamo volentieri e non possiamo nasconderci. Sappiamo di avere alle spalle una societ\u00e0 e un pubblico di un\u2019altra categoria, ma nessuno ci regaler\u00e0 niente. Questo deve essere l\u2019anno giusto e stiamo lavorando con un obiettivo in testa, senza per\u00f2 dimenticare che il campionato sar\u00e0 come sempre pieno di insidie e difficolt\u00e0: non baster\u00e0 chiamarsi Palermo, o avere una rosa forte, per tornare in Serie A&#8221;.<br \/><b><br \/>Intanto siete in Australia con tre grandi come Inter, Milan e Juve a rappresentare il calcio italiano. Il progetto del City Group in rosanero va avanti bene.<\/b><\/p>\n<p>&#8220;S\u00ec, assolutamente. Avere una propriet\u00e0 cos\u00ec importante e allenare in una piazza come Palermo per me \u00e8 un onore e una responsabilit\u00e0. Sta a noi adesso dimostrare di essere all\u2019altezza e riportare questo club dove merita&#8221;.<\/p>\n<p><b>Dopo Istanbul, ovvero&#8230; il Catanzaro, ci sar\u00e0 Atene, ovvero la Serie A, anche per il Palermo?<\/b><\/p>\n<p>&#8220;Me lo auguro. Un anno fa  speravo di centrare subito la promozione, come mi era successo a Benevento e a Pisa. \u00c8 andata male&#8230; Ripartiamo da un bel gruppo e da un mercato importante (Strefezza l\u2019ultimo colpo, ndr). Mi reputo un allenatore fortunato e ora sta a me ripagare il club e la gente di Palermo&#8221;.<\/p>\n<p class=\"is-copyright\">\u00a9 RIPRODUZIONE RISERVATA<\/p>\n","protected":false},"excerpt":{"rendered":"L\u2019ex punta rossonera, oggi allenatore del Palermo: &#8220;Questo deve essere l&#8217;anno giusto per tornare in Serie A: non&hellip;\n","protected":false},"author":3,"featured_media":621652,"comment_status":"","ping_status":"","sticky":false,"template":"","format":"standard","meta":{"footnotes":"","_share_on_mastodon":"0"},"categories":[1452],"tags":[16752,342828,342829,9683,342830,721,1740,6032,1537,90,89,6652,1821,1739,245,244],"class_list":["post-621651","post","type-post","status-publish","format-standard","has-post-thumbnail","category-calcio","tag-acclamato","tag-acclamato-martedi","tag-acclamato-martedi-sera","tag-accolto","tag-accolto-duecento","tag-calcio","tag-football","tag-inzaghi","tag-it","tag-italia","tag-italy","tag-palermo","tag-serie","tag-soccer","tag-sport","tag-sports"],"share_on_mastodon":{"url":"https:\/\/pubeurope.com\/@it\/117052924899093351","error":""},"_links":{"self":[{"href":"https:\/\/www.europesays.com\/it\/wp-json\/wp\/v2\/posts\/621651","targetHints":{"allow":["GET"]}}],"collection":[{"href":"https:\/\/www.europesays.com\/it\/wp-json\/wp\/v2\/posts"}],"about":[{"href":"https:\/\/www.europesays.com\/it\/wp-json\/wp\/v2\/types\/post"}],"author":[{"embeddable":true,"href":"https:\/\/www.europesays.com\/it\/wp-json\/wp\/v2\/users\/3"}],"replies":[{"embeddable":true,"href":"https:\/\/www.europesays.com\/it\/wp-json\/wp\/v2\/comments?post=621651"}],"version-history":[{"count":0,"href":"https:\/\/www.europesays.com\/it\/wp-json\/wp\/v2\/posts\/621651\/revisions"}],"wp:featuredmedia":[{"embeddable":true,"href":"https:\/\/www.europesays.com\/it\/wp-json\/wp\/v2\/media\/621652"}],"wp:attachment":[{"href":"https:\/\/www.europesays.com\/it\/wp-json\/wp\/v2\/media?parent=621651"}],"wp:term":[{"taxonomy":"category","embeddable":true,"href":"https:\/\/www.europesays.com\/it\/wp-json\/wp\/v2\/categories?post=621651"},{"taxonomy":"post_tag","embeddable":true,"href":"https:\/\/www.europesays.com\/it\/wp-json\/wp\/v2\/tags?post=621651"}],"curies":[{"name":"wp","href":"https:\/\/api.w.org\/{rel}","templated":true}]}}