{"id":621821,"date":"2026-08-07T09:05:15","date_gmt":"2026-08-07T09:05:15","guid":{"rendered":"https:\/\/www.europesays.com\/it\/621821\/"},"modified":"2026-08-07T09:05:15","modified_gmt":"2026-08-07T09:05:15","slug":"chiara-they-rispetto-per-me-per-sara-e-anche-per-james-prima-di-essere-atleti-siamo-persone","status":"publish","type":"post","link":"https:\/\/www.europesays.com\/it\/621821\/","title":{"rendered":"Chiara They: &#8220;Rispetto, per me, per Sara e anche per James. Prima di essere atleti siamo persone&#8221;"},"content":{"rendered":"<p>Chiara They interviene su Facebook dopo il \u201ccaso\u201d che l\u2019ha coinvolta: il suo allenatore aveva strattonato lei e soprattutto la sua compagna di squadra durante la finale di Coppa Italia di beach volley. James, il tecnico, era stato accusato di metodi violenti ed inappropriati. Questo dunque il commento di Chiara They sull\u2019episodio e sul rapporto tra squadra e allenatore.<\/p>\n<p>    <a href=\"https:\/\/www.gazzettadiparma.it\/sport-parma\/2026\/08\/04\/news\/l-allenatore-afferra-e-strattona-chiara-they-e-la-compagna-la-fipav-inaccettabile-960014\/?utm_source=VCMS_correlati\" class=\"vc_cont_image\" rel=\"nofollow noopener\" target=\"_blank\"><img decoding=\"async\" class=\"vc_image\" src=\"https:\/\/www.gazzettadiparma.it\/resizer\/150\/-1\/true\/2026_08_04\/Progetto_senza_titolo_-_2026-08-04T173611.177-1785857792167.jpg--l_allenatore_afferra_e_strattona_chiara_they_e_la_compagna__la_fipav___inaccettabile_.jpg?1785857792198\"\/><\/a><\/p>\n<p>Ho deciso di dire la mia in merito a quanto accaduto durante la Coppa Italia di beach volley.<br \/>Il rapporto che abbiamo io, Sara e James non sar\u00e0 messo in discussione da questo episodio, perch\u00e9 sappiamo bene il contesto in cui \u00e8 avvenuto: durante un momento di grande tensione, confusione e poca lucidit\u00e0 da parte di tutti.<br \/>La mia reazione \u00e8 stata spontanea, perch\u00e9 non mi aspettavo quel gesto che voleva essere esclusivamente di sprono.<\/p>\n<p>A fine partita James si \u00e8 scusato immediatamente con entrambe e si \u00e8 assunto la responsabilit\u00e0 di quanto accaduto. Le sue scuse sono state sincere e le ho accettate, perch\u00e9 conosco la persona che ho davanti.<br \/>Mi allena da cinque anni.<br \/>Mi ha accolta in un momento di crisi in cui non ero sicura di voler continuare a giocare a beach volley e mi ha fatto riscoprire l\u2019amore per questo sport, aiutandomi a raggiungere traguardi che non avrei mai immaginato.<br \/>Chi lo conosce davvero sa quanto sia attento al benessere dei suoi atleti e quanto sia sensibile su temi come il rispetto della persona.<br \/>Con questo, non intendo giustificare ci\u00f2 che \u00e8 successo, ma credo anche che un singolo episodio non debba etichettare per sempre una persona.<br \/>James \u00e8 pienamente consapevole di quanto accaduto e delle conseguenze che ne sono derivate.<br \/>Da parte mia posso dire che \u00e8 un episodio dal quale tutti abbiamo tratto un insegnamento e che non vogliamo si ripeta.<\/p>\n<p>\n    <a href=\"https:\/\/www.gazzettadiparma.it\/home\/2026\/08\/05\/news\/chiara-they-e-la-sua-compagna-strattonate-dal-loro-tecnico--ma-e-gia-tornata-la-pace-960069\/?utm_source=VCMS_correlati\" class=\"vc_cont_image\" rel=\"nofollow noopener\" target=\"_blank\"><img decoding=\"async\" class=\"vc_image\" src=\"https:\/\/www.gazzettadiparma.it\/resizer\/150\/-1\/true\/gn4\/52065\/GN4_DAT_52065840.jpg--chiara_they_e_la_sua_compagna_strattonate_dal_loro_tecnico__ma_e_gia_tornata_la_pace.jpg\"\/><\/a><\/p>\n<p>Vorrei chiedere rispetto, per me, per Sara e anche per James. Ritrovarsi improvvisamente al centro di un\u2019ondata mediatica di questo tipo non \u00e8 semplice da affrontare. Prima di essere atleti siamo persone.<\/p>\n<p>Mi auguro che, da questa vicenda, possa nascere anche un\u2019occasione per parlare di pi\u00f9 del beach volley per ci\u00f2 che \u00e8 davvero: uno sport fatto di passione, sacrificio, fair play, amicizia e grande rispetto reciproco.<\/p>\n<p>Grazie a chi legger\u00e0 queste parole con la volont\u00e0 di comprendere il mio punto di vista, anche senza necessariamente condividerlo.<\/p>\n<p>Io continuer\u00f2 a sostenere la mia squadra e il mio allenatore, perch\u00e9 conosco le persone con cui condivido questo percorso ogni giorno.<\/p>\n<p role=\"heading\" aria-level=\"2\" class=\"text \">\u00a9 Riproduzione riservata<\/p>\n","protected":false},"excerpt":{"rendered":"Chiara They interviene su Facebook dopo il \u201ccaso\u201d che l\u2019ha coinvolta: il suo allenatore aveva strattonato lei e&hellip;\n","protected":false},"author":3,"featured_media":621822,"comment_status":"","ping_status":"","sticky":false,"template":"","format":"standard","meta":{"footnotes":"","_share_on_mastodon":"0"},"categories":[1474],"tags":[2212,67842,5006,342970,10538,9454,249347,1537,90,89,3190,6301,8283,245,244,1869],"class_list":["post-621821","post","type-post","status-publish","format-standard","has-post-thumbnail","category-volley","tag-beach-volley","tag-chiara-they","tag-coppa-italia","tag-coppa-italia-di-beach-volley","tag-facebook","tag-fipav","tag-gazzetta-di-parma","tag-it","tag-italia","tag-italy","tag-james","tag-parma","tag-sara","tag-sport","tag-sports","tag-volley"],"share_on_mastodon":{"url":"https:\/\/pubeurope.com\/@it\/117053432754539128","error":""},"_links":{"self":[{"href":"https:\/\/www.europesays.com\/it\/wp-json\/wp\/v2\/posts\/621821","targetHints":{"allow":["GET"]}}],"collection":[{"href":"https:\/\/www.europesays.com\/it\/wp-json\/wp\/v2\/posts"}],"about":[{"href":"https:\/\/www.europesays.com\/it\/wp-json\/wp\/v2\/types\/post"}],"author":[{"embeddable":true,"href":"https:\/\/www.europesays.com\/it\/wp-json\/wp\/v2\/users\/3"}],"replies":[{"embeddable":true,"href":"https:\/\/www.europesays.com\/it\/wp-json\/wp\/v2\/comments?post=621821"}],"version-history":[{"count":0,"href":"https:\/\/www.europesays.com\/it\/wp-json\/wp\/v2\/posts\/621821\/revisions"}],"wp:featuredmedia":[{"embeddable":true,"href":"https:\/\/www.europesays.com\/it\/wp-json\/wp\/v2\/media\/621822"}],"wp:attachment":[{"href":"https:\/\/www.europesays.com\/it\/wp-json\/wp\/v2\/media?parent=621821"}],"wp:term":[{"taxonomy":"category","embeddable":true,"href":"https:\/\/www.europesays.com\/it\/wp-json\/wp\/v2\/categories?post=621821"},{"taxonomy":"post_tag","embeddable":true,"href":"https:\/\/www.europesays.com\/it\/wp-json\/wp\/v2\/tags?post=621821"}],"curies":[{"name":"wp","href":"https:\/\/api.w.org\/{rel}","templated":true}]}}