{"id":622088,"date":"2026-08-07T12:45:15","date_gmt":"2026-08-07T12:45:15","guid":{"rendered":"https:\/\/www.europesays.com\/it\/622088\/"},"modified":"2026-08-07T12:45:15","modified_gmt":"2026-08-07T12:45:15","slug":"polonia-nessuna-frattura-ma-la-uae-perde-almeida-molano-e-cosnefroy","status":"publish","type":"post","link":"https:\/\/www.europesays.com\/it\/622088\/","title":{"rendered":"POLONIA. NESSUNA FRATTURA, MA LA UAE PERDE ALMEIDA, MOLANO E COSNEFROY"},"content":{"rendered":"<p>            <a class=\"category\" href=\"https:\/\/www.tuttobiciweb.it\/articles\/category\/PROFESSIONISTI\" itemprop=\"about\" rel=\"nofollow noopener\" target=\"_blank\">PROFESSIONISTI<\/a> | 07\/08\/2026 | 08:32<br \/>\n            <a class=\"author\" href=\"https:\/\/www.tuttobiciweb.it\/articles\/author\/Carlo%20Malvestio\" rel=\"nofollow noopener\" target=\"_blank\">di Carlo Malvestio<\/a><\/p>\n<p>La <strong>UAE Team Emirates-XRG<\/strong> ricorder\u00e0 il suo 2026 per le vittorie, senz&#8217;altro, ma anche per le tante, tantissime, cadute. Il <strong>Giro di Polonia 2026<\/strong> non ha fatto eccezione: alla prima vera caduta della settimana, seppur grossa, la squadra emiratina ha perso tre corridori, <strong>Jo\u00e3o Almeida<\/strong>, dolorante a ginocchio e caviglia, <strong>Juan Sebastian Molano<\/strong> e <strong>Beno\u00eet Cosnefroy<\/strong>. Il portoghese non \u00e8 ripartito questa mattina da Opole, mentre gli altri due non sono riusciti a terminare la tappa di ieri con arrivo a Karpacz.\n            <\/p>\n<p>I primi esami, per fortuna, hanno escluso fratture, soprattutto per il colombiano che sembrava il pi\u00f9 malconcio, ma in gara sono rimasti ora solo 4 corridori, con Jan Christen chiamato a portare a casa il miglior piazzamento possibile in classifica generale.\n            <\/p>\n<p>Nella prima parte della tappa di ieri erano stati proprio gli emiratini a tenere chiusa la corsa e la squadra ci ha confermato che erano pronti a fare la tappa con Almeida, segnalato in buonissime condizioni. Per lui si conferma una stagione abbastanza stregata fino ad ora, anche se la speranza \u00e8 quella di rivederlo al top alla Vuelta a Espa\u00f1a, dove potrebbe avere un ruolo &#8220;simil Del Toro&#8221; in appoggio a capitan Tadej Poga\u010dar.<\/p>\n<p>Copyright &amp;copy TBW<\/p>\n","protected":false},"excerpt":{"rendered":"PROFESSIONISTI | 07\/08\/2026 | 08:32 di Carlo Malvestio La UAE Team Emirates-XRG ricorder\u00e0 il suo 2026 per le&hellip;\n","protected":false},"author":3,"featured_media":622089,"comment_status":"","ping_status":"","sticky":false,"template":"","format":"standard","meta":{"footnotes":"","_share_on_mastodon":"0"},"categories":[1456],"tags":[1824,112377,1825,339925,1537,90,89,343117,343116,245,244],"class_list":["post-622088","post","type-post","status-publish","format-standard","has-post-thumbnail","category-ciclismo","tag-ciclismo","tag-cosnefroy","tag-cycling","tag-giro-polonia-2026","tag-it","tag-italia","tag-italy","tag-molano","tag-ritiro-almeida","tag-sport","tag-sports"],"share_on_mastodon":{"url":"https:\/\/pubeurope.com\/@it\/117054297041693661","error":""},"_links":{"self":[{"href":"https:\/\/www.europesays.com\/it\/wp-json\/wp\/v2\/posts\/622088","targetHints":{"allow":["GET"]}}],"collection":[{"href":"https:\/\/www.europesays.com\/it\/wp-json\/wp\/v2\/posts"}],"about":[{"href":"https:\/\/www.europesays.com\/it\/wp-json\/wp\/v2\/types\/post"}],"author":[{"embeddable":true,"href":"https:\/\/www.europesays.com\/it\/wp-json\/wp\/v2\/users\/3"}],"replies":[{"embeddable":true,"href":"https:\/\/www.europesays.com\/it\/wp-json\/wp\/v2\/comments?post=622088"}],"version-history":[{"count":0,"href":"https:\/\/www.europesays.com\/it\/wp-json\/wp\/v2\/posts\/622088\/revisions"}],"wp:featuredmedia":[{"embeddable":true,"href":"https:\/\/www.europesays.com\/it\/wp-json\/wp\/v2\/media\/622089"}],"wp:attachment":[{"href":"https:\/\/www.europesays.com\/it\/wp-json\/wp\/v2\/media?parent=622088"}],"wp:term":[{"taxonomy":"category","embeddable":true,"href":"https:\/\/www.europesays.com\/it\/wp-json\/wp\/v2\/categories?post=622088"},{"taxonomy":"post_tag","embeddable":true,"href":"https:\/\/www.europesays.com\/it\/wp-json\/wp\/v2\/tags?post=622088"}],"curies":[{"name":"wp","href":"https:\/\/api.w.org\/{rel}","templated":true}]}}