{"id":622512,"date":"2026-08-07T18:45:18","date_gmt":"2026-08-07T18:45:18","guid":{"rendered":"https:\/\/www.europesays.com\/it\/622512\/"},"modified":"2026-08-07T18:45:18","modified_gmt":"2026-08-07T18:45:18","slug":"dua-lipa-con-il-maglione-giallo-anticipa-le-tendenze-dellautunno-e-una-certa-voglia-di-ottimismo","status":"publish","type":"post","link":"https:\/\/www.europesays.com\/it\/622512\/","title":{"rendered":"Dua Lipa con il maglione giallo anticipa le tendenze dell&#8217;autunno\u2026 e una certa voglia di ottimismo"},"content":{"rendered":"<p>Dua Lipa con il maglione giallo di Polo Ralph Lauren ci regala un assaggio delle tendenze autunno 2026. Interpretando la nostra voglia di tornare a indossare i colori \u201cdell&#8217;ottimismo\u201d<\/p>\n<p>L&#8217;estate \u00e8 al suo culmine, e gi\u00e0 Dua Lipa ci regala un\u2019idea da copiare per i look dell\u2019autunno. Sull&#8217;account Instagram di <strong>Polo Ralph Lauren<\/strong>, infatti, \u00e8 apparso uno scatto in cui la popstar indossa quello che si direbbe essere diventato il suo nuovo maglione preferito: un <strong>modello giallo in maglia<\/strong> con <strong>lavorazione a trecce<\/strong> e <strong>scollo a V<\/strong> firmato dalla label statunitense. A completare il look, un paio di <strong>jeans blu \u201cBoyfriend\u201d di Celine<\/strong>, una <strong>borsa in pelle color lampone di Chanel<\/strong> e <strong>gioielli dorati Bvlgari<\/strong>.<\/p>\n<p>Una combinazione semplice, ma tutt\u2019altro che scontata, che suggerisce una delle direzioni pi\u00f9 interessanti per il guardaroba della prossima stagione: <strong>il ritorno del maglione giallo<\/strong>. Dopo mesi dominati da tonalit\u00e0 neutre e profonde, dalla palette marrone al nero fino al bordeaux, l\u2019<strong>autunno 2026<\/strong> potrebbe infatti riportare un po\u2019 di luce nel guardaroba, proprio a partire dalla maglieria.<\/p>\n<p>Il maglione giallo sulle passerelle autunno inverno 2026 2027<\/p>\n<p>La scelta di Dua Lipa di indossare un maglione giallo arriva tutt\u2019altro che per caso. Il giallo \u00e8 infatti una delle tonalit\u00e0 che si sono fatte notare sulle <strong>passerelle autunno inverno 2026 2027<\/strong>, dove il classico pullover viene reinterpretato in una variet\u00e0 di sfumature e silhouette. Da quelle pi\u00f9 intense e solari alle declinazioni senape, la tonalit\u00e0 si presta a diventare il dettaglio cromatico capace di ravvivare anche i look pi\u00f9 sobri.<\/p>\n<p>Da <strong>Marc Jacobs<\/strong>, per esempio, il maglione color senape \u00e8 abbinato a una gonna dritta rosa cipria e a stivali alti in pelle nera. Da <a href=\"https:\/\/www.vogue.it\/article\/sfilata-chloe-autunno-inverno-2026-2027-paris-fashion-week\" target=\"_blank\" rel=\"nofollow noopener\"><strong>Chlo\u00e9<\/strong><\/a>, il maglione si allunga fino a trasformarsi in un miniabito, da indossare con collant grigi di lana e ruches color bianco panna.<\/p>\n<p><img decoding=\"async\" alt=\"Marc Jacobs autunno inverno 2026 2027.\" loading=\"lazy\" class=\"ResponsiveImageContainer-dkeESL cQPiWi responsive-image__image\"   src=\"https:\/\/www.europesays.com\/it\/wp-content\/uploads\/2026\/08\/00035-marc-jacobs-spring-2026-ready-to-wear-credit-brand.png\"\/><\/p>\n<p>Marc Jacobs autunno inverno 2026 2027.<\/p>\n<p><img decoding=\"async\" alt=\"Chlo autunno inverno 2026 2027.\" loading=\"lazy\" class=\"ResponsiveImageContainer-dkeESL cQPiWi responsive-image__image\"   src=\"https:\/\/www.europesays.com\/it\/wp-content\/uploads\/2026\/08\/00021-chloe-fall-2026-ready-to-wear-credit-brand.png\"\/><\/p>\n<p>Chlo\u00e9 autunno inverno 2026 2027.<\/p>\n","protected":false},"excerpt":{"rendered":"Dua Lipa con il maglione giallo di Polo Ralph Lauren ci regala un assaggio delle tendenze autunno 2026.&hellip;\n","protected":false},"author":3,"featured_media":622513,"comment_status":"","ping_status":"","sticky":false,"template":"","format":"standard","meta":{"footnotes":"","_share_on_mastodon":"0"},"categories":[1443],"tags":[6651,203,3225,204,1537,90,89,343376,1538,1539,343377],"class_list":["post-622512","post","type-post","status-publish","format-standard","has-post-thumbnail","category-musica","tag-dua-lipa","tag-entertainment","tag-giallo","tag-intrattenimento","tag-it","tag-italia","tag-italy","tag-maglione","tag-music","tag-musica","tag-polo-ralph-lauren"],"share_on_mastodon":{"url":"https:\/\/pubeurope.com\/@it\/117055713595774278","error":""},"_links":{"self":[{"href":"https:\/\/www.europesays.com\/it\/wp-json\/wp\/v2\/posts\/622512","targetHints":{"allow":["GET"]}}],"collection":[{"href":"https:\/\/www.europesays.com\/it\/wp-json\/wp\/v2\/posts"}],"about":[{"href":"https:\/\/www.europesays.com\/it\/wp-json\/wp\/v2\/types\/post"}],"author":[{"embeddable":true,"href":"https:\/\/www.europesays.com\/it\/wp-json\/wp\/v2\/users\/3"}],"replies":[{"embeddable":true,"href":"https:\/\/www.europesays.com\/it\/wp-json\/wp\/v2\/comments?post=622512"}],"version-history":[{"count":0,"href":"https:\/\/www.europesays.com\/it\/wp-json\/wp\/v2\/posts\/622512\/revisions"}],"wp:featuredmedia":[{"embeddable":true,"href":"https:\/\/www.europesays.com\/it\/wp-json\/wp\/v2\/media\/622513"}],"wp:attachment":[{"href":"https:\/\/www.europesays.com\/it\/wp-json\/wp\/v2\/media?parent=622512"}],"wp:term":[{"taxonomy":"category","embeddable":true,"href":"https:\/\/www.europesays.com\/it\/wp-json\/wp\/v2\/categories?post=622512"},{"taxonomy":"post_tag","embeddable":true,"href":"https:\/\/www.europesays.com\/it\/wp-json\/wp\/v2\/tags?post=622512"}],"curies":[{"name":"wp","href":"https:\/\/api.w.org\/{rel}","templated":true}]}}