{"id":622711,"date":"2026-08-07T21:33:20","date_gmt":"2026-08-07T21:33:20","guid":{"rendered":"https:\/\/www.europesays.com\/it\/622711\/"},"modified":"2026-08-07T21:33:20","modified_gmt":"2026-08-07T21:33:20","slug":"agenzia-delle-entrate-comunicazioni-che-potrebbero-arrivare-ad-agosto","status":"publish","type":"post","link":"https:\/\/www.europesays.com\/it\/622711\/","title":{"rendered":"Agenzia delle Entrate, comunicazioni che potrebbero arrivare ad agosto"},"content":{"rendered":"<p>Ad agosto l\u2019<strong>Agenzia delle Entrate<\/strong> sospende gran parte delle <strong>comunicazioni<\/strong> ai contribuenti. La pausa estiva, prevista anche nel mese di dicembre, serve a evitare che cittadini, imprese e professionisti debbano gestire <strong>scadenze fiscali<\/strong> in un periodo in cui molti uffici sono chiusi o lavorano a ritmo ridotto. La <strong>sospensione<\/strong>, per\u00f2, non \u00e8 totale. Anche nel mese di agosto il Fisco pu\u00f2 inviare atti, inviti e comunicazioni quando ricorrono casi di indifferibilit\u00e0 e urgenza. Il principio \u00e8 stato confermato dal nuovo decreto legislativo varato il 5 agosto, pubblicato in Gazzetta ufficiale ed entrato in vigore. Il testo contiene il Testo unico delle disposizioni legislative in materia di adempimenti e accertamento. Formalmente il testo unico sar\u00e0 applicato dal 1\u00b0 gennaio 2027, ma le norme sulla pausa estiva riprendono disposizioni gi\u00e0 operative.\n<\/p>\n<p>Quando il Fisco pu\u00f2 scrivere anche ad agosto<\/p>\n<p>La regola generale \u00e8 la sospensione dell\u2019invio di comunicazioni e inviti. <strong>L\u2019eccezione<\/strong> \u00e8 indicata all\u2019inizio dell\u2019articolo 337, dove si legge: \u201cSalvo casi di <strong>indifferibilit\u00e0<\/strong> e <strong>urgenza<\/strong>\u201d. Questo significa che, se l\u2019atto non pu\u00f2 essere rimandato, l\u2019Agenzia delle Entrate pu\u00f2 comunque muoversi anche nel mese di agosto.<\/p>\n<p>Una circolare del Fisco ha gi\u00e0 indicato alcuni esempi di situazioni in cui la sospensione non si applica. Tra queste ci sono i casi in cui esiste un pericolo per la <strong>riscossione<\/strong>. Il caso tipico \u00e8 quello in cui il mancato invio dell\u2019atto nel mese di agosto farebbe scattare la prescrizione del debito. In una situazione del genere, lo Stato rischierebbe di perdere la possibilit\u00e0 di recuperare le somme dovute.<\/p>\n<p>Atti legati a reati e procedure concorsuali<\/p>\n<p>Un\u2019altra eccezione riguarda gli atti con cui deve essere inoltrata una notizia di <strong>reato<\/strong>. Il Codice di procedura penale prevede che gli incaricati di un pubblico servizio, quando vengono a conoscenza di una notizia di reato, debbano denunciarla subito per <strong>iscritto<\/strong>. In questi casi non si pu\u00f2 attendere la fine della pausa estiva. La sospensione non vale nemmeno per alcune comunicazioni destinate a soggetti sottoposti a procedure concorsuali, come la liquidazione giudiziale.<\/p>\n<p>Il motivo \u00e8 legato alla tutela del credito pubblico. Se una societ\u00e0 con debiti fiscali viene liquidata, l\u2019amministrazione deve intervenire tempestivamente per far valere le proprie ragioni e provare a recuperare le somme spettanti. L\u2019elenco non copre ogni singolo caso possibile, ma indica le principali situazioni in cui il contribuente pu\u00f2 ricevere atti anche nel mese di agosto.<\/p>\n<p>Un\u2019altra eccezione riguarda le procedure di <strong>rimborso Iva<\/strong>. I documenti collegati a queste pratiche non rientrano nella sospensione estiva, perch\u00e9 le <strong>procedure<\/strong> seguono tempi pi\u00f9 stretti e richiedono una gestione pi\u00f9 rapida. La differenza principale \u00e8 quindi tra controlli ordinari, che possono attendere settembre, e attivit\u00e0 considerate pi\u00f9 urgenti o tecnicamente delicate.<\/p>\n<p>Agenzia delle Entrate, i documenti e i termini di pagamenti ad agosto<\/p>\n<p>Dal 1\u00b0 agosto al 4 settembre sono sospesi anche alcuni termini di <strong>pagamento<\/strong>. La sospensione riguarda le <strong>imposte<\/strong> soggette a tassazione separata e le somme dovute a seguito di controlli automatici e controlli formali. Questo significa che, se un avviso bonario arriva ad agosto perch\u00e9 considerato urgente o indifferibile, i termini per pagare non decorrono subito. Ripartono dal 5 settembre. La pausa, quindi, non impedisce sempre l\u2019arrivo dell\u2019atto, ma pu\u00f2 spostare in avanti il momento in cui il contribuente deve versare le somme richieste.<\/p>\n<p>Fino al 4 settembre \u00e8 possibile rinviare anche l\u2019invio di alcuni <strong>documenti<\/strong> richiesti dall\u2019Agenzia delle Entrate. Si tratta, ad esempio, di informazioni o chiarimenti richiesti nell\u2019ambito di controlli ordinari. In questi casi la scadenza viene sospesa e riprende dopo la pausa estiva. Anche qui, per\u00f2, esistono eccezioni. Il nuovo testo unico esclude dalla sospensione i documenti relativi alle richieste effettuate durante attivit\u00e0 di accesso, ispezione e verifica. In pratica, se sono in corso controlli pi\u00f9 approfonditi, come verifiche sui<strong> libri contabil<\/strong>i, riscontri dettagliati o richieste legate a ispezioni, la pausa di agosto non si applica.<\/p>\n","protected":false},"excerpt":{"rendered":"Ad agosto l\u2019Agenzia delle Entrate sospende gran parte delle comunicazioni ai contribuenti. La pausa estiva, prevista anche nel&hellip;\n","protected":false},"author":3,"featured_media":622712,"comment_status":"","ping_status":"","sticky":false,"template":"","format":"standard","meta":{"footnotes":"","_share_on_mastodon":"0"},"categories":[172],"tags":[178,17,177,16,1537,90,89],"class_list":["post-622711","post","type-post","status-publish","format-standard","has-post-thumbnail","category-affari","tag-affari","tag-agenzia-delle-entrate","tag-business","tag-fisco-e-tasse","tag-it","tag-italia","tag-italy"],"share_on_mastodon":{"url":"https:\/\/pubeurope.com\/@it\/117056373222532294","error":""},"_links":{"self":[{"href":"https:\/\/www.europesays.com\/it\/wp-json\/wp\/v2\/posts\/622711","targetHints":{"allow":["GET"]}}],"collection":[{"href":"https:\/\/www.europesays.com\/it\/wp-json\/wp\/v2\/posts"}],"about":[{"href":"https:\/\/www.europesays.com\/it\/wp-json\/wp\/v2\/types\/post"}],"author":[{"embeddable":true,"href":"https:\/\/www.europesays.com\/it\/wp-json\/wp\/v2\/users\/3"}],"replies":[{"embeddable":true,"href":"https:\/\/www.europesays.com\/it\/wp-json\/wp\/v2\/comments?post=622711"}],"version-history":[{"count":0,"href":"https:\/\/www.europesays.com\/it\/wp-json\/wp\/v2\/posts\/622711\/revisions"}],"wp:featuredmedia":[{"embeddable":true,"href":"https:\/\/www.europesays.com\/it\/wp-json\/wp\/v2\/media\/622712"}],"wp:attachment":[{"href":"https:\/\/www.europesays.com\/it\/wp-json\/wp\/v2\/media?parent=622711"}],"wp:term":[{"taxonomy":"category","embeddable":true,"href":"https:\/\/www.europesays.com\/it\/wp-json\/wp\/v2\/categories?post=622711"},{"taxonomy":"post_tag","embeddable":true,"href":"https:\/\/www.europesays.com\/it\/wp-json\/wp\/v2\/tags?post=622711"}],"curies":[{"name":"wp","href":"https:\/\/api.w.org\/{rel}","templated":true}]}}