{"id":623053,"date":"2026-08-08T03:02:19","date_gmt":"2026-08-08T03:02:19","guid":{"rendered":"https:\/\/www.europesays.com\/it\/623053\/"},"modified":"2026-08-08T03:02:19","modified_gmt":"2026-08-08T03:02:19","slug":"scuole-paritarie-proroga-assunzione-docenti-anche-senza-abilitazione-ma-con-servizio-bozza-decreto-pa-2026","status":"publish","type":"post","link":"https:\/\/www.europesays.com\/it\/623053\/","title":{"rendered":"Scuole paritarie, proroga assunzione docenti anche senza abilitazione ma con servizio. BOZZA decreto PA 2026\u00a0"},"content":{"rendered":"<p>\t\t<img width=\"720\" height=\"480\" src=\"https:\/\/www.europesays.com\/it\/wp-content\/uploads\/2026\/08\/shutterstock_1819849748-720x480.jpg\" class=\"skip-lazy wp-post-image\" alt=\"\" decoding=\"async\" fetchpriority=\"high\"  \/>\t<\/p>\n<p>La BOZZA del Decreto PA approvato dal Consiglio dei Ministri lo scorso 24 agosto proroga ancora fino all\u2019a.s. 2027\/28 la modifica alla legge 10 marzo 2000 n. 62 in merito al requisito di abilitazione per l\u2019assunzione dei docenti al fine del mantenimento dello status di scuola paritaria.<\/p>\n<p>Proroga assunzione docente scuole paritarie senza abilitazione<\/p>\n<p>La BOZZA afferma all\u2019art. 5 comma 1 (ma il testo definitivo potrebbe avere una differente numerazione)<\/p>\n<p>\u201c1. All\u2019articolo 1, comma 4-ter, primo periodo, della legge 10 marzo 2000, n. 62, le parole: \u00abper gli anni scolastici 2023\/2024, 2024\/2025 e 2025\/2026\u00bb sono sostituite dalle seguenti: \u00abfino all\u2019anno scolastico 2027\/2028\u00bb.\u201d<\/p>\n<p>Il riferimento \u00e8 alla modifica gi\u00e0 introdotta nel <a href=\"https:\/\/www.orizzontescuola.it\/fino-al-2026-scuole-paritarie-manterranno-parita-con-assunzione-docenti-con-tre-anni-di-servizio-in-attesa-di-abilitazione-emendamento-fdi\/\" rel=\"nofollow noopener\" target=\"_blank\">Decreto PAbis<\/a><\/p>\n<p>\u201cIn via straordinaria, per gli anni scolastici 2023\/2024, 2024\/2025 e 2025\/2026, con riferimento ai soggetti la cui iscrizione ai percorsi di formazione iniziale e abilitazione all\u2019insegnamento di cui agli articoli 2-bis e 2-ter del decreto legislativo 13 aprile 2017, n. 59, non sia stata accolta per mancanza dell\u2019offerta formativa di tali percorsi, \u00e8 considerato valido requisito, ai soli fini di cui all\u2019articolo 1, comma 4, della legge 10 marzo 2000, n. 62, in luogo del titolo di abilitazione di cui al comma 4-bis della medesima legge, l\u2019aver svolto servizio presso le scuole paritarie, per almeno tre anni, anche non continuativi, nei dieci anni precedenti, valutati ai sensi dell\u2019articolo 11, comma 14, della legge 3 maggio 1999 n. 124.\u201d<\/p>\n<p>Pertanto viene prorogata la possibilit\u00e0 di derogare al possesso dell\u2019abilitazione, in presenza comunque del requisito di tre anni di servizio nei dieci precedenti, anche non consecutivi.<\/p>\n<p>Assicurata la continuit\u00e0 didattica<\/p>\n<p>Suor Anna Monia Alfieri, cavaliere al Merito della Repubblica ed esperta di politiche scolatiche ha cos\u00ec commentato la misura all\u2019Adnkronos<\/p>\n<p>\u201cCon grande gioia ho appreso dell\u2019approvazione da parte del Governo della proroga, sino all\u2019anno scolastico 2027\/2028, per consentire ai docenti in servizio presso le scuole paritarie di conseguire l\u2019abilitazione, titolo indispensabile alla scuola paritaria per il mantenimento della parit\u00e0. Si tratta di una misura che ritengo vitale per la scuola tutta, non solo per la paritaria, perch\u00e8 garantisce la possibilit\u00e0 di dare continuit\u00e0 didattica agli studenti potendo prorogare i contratti dei docenti, assunti a tempo determinato proprio per la mancanza del titolo abilitante: questi docenti potranno, cos\u00ec, continuare a lavorare presso le scuole paritarie che pensavano di aver salutato definitivamente a giugno\u201c.<\/p>\n<p><a href=\"https:\/\/www.orizzontescuola.it\/decreto-pa-graduatorie-dei-docenti-paritarie-nidi-comunali-e-videosorveglianza-quattro-novita-per-la-scuola-cosa-cambia\/\" rel=\"nofollow noopener\" target=\"_blank\">Decreto PA 2026: graduatorie dei docenti, paritarie, nidi comunali e videosorveglianza. Quattro novit\u00e0 per la scuola, cosa cambia<\/a><\/p>\n","protected":false},"excerpt":{"rendered":"La BOZZA del Decreto PA approvato dal Consiglio dei Ministri lo scorso 24 agosto proroga ancora fino all\u2019a.s.&hellip;\n","protected":false},"author":3,"featured_media":623054,"comment_status":"","ping_status":"","sticky":false,"template":"","format":"standard","meta":{"footnotes":"","_share_on_mastodon":"0"},"categories":[6],"tags":[14,343674,8,1537,90,89,7,15,82,9,83,10,52064,13,11,80,84,12,81,85],"class_list":["post-623053","post","type-post","status-publish","format-standard","has-post-thumbnail","category-ultime-notizie","tag-cronaca","tag-decreto-pa","tag-headlines","tag-it","tag-italia","tag-italy","tag-news","tag-notizie","tag-notizie-di-cronaca","tag-notizie-principali","tag-notiziedicronaca","tag-notizieprincipali","tag-precariato","tag-titoli","tag-ultime-notizie","tag-ultime-notizie-di-cronaca","tag-ultime-notizie-e-news-di-oggi","tag-ultimenotizie","tag-ultimenotiziedicronaca","tag-ultimenotizieenewsdioggi"],"share_on_mastodon":{"url":"https:\/\/pubeurope.com\/@it\/117057666959092061","error":""},"_links":{"self":[{"href":"https:\/\/www.europesays.com\/it\/wp-json\/wp\/v2\/posts\/623053","targetHints":{"allow":["GET"]}}],"collection":[{"href":"https:\/\/www.europesays.com\/it\/wp-json\/wp\/v2\/posts"}],"about":[{"href":"https:\/\/www.europesays.com\/it\/wp-json\/wp\/v2\/types\/post"}],"author":[{"embeddable":true,"href":"https:\/\/www.europesays.com\/it\/wp-json\/wp\/v2\/users\/3"}],"replies":[{"embeddable":true,"href":"https:\/\/www.europesays.com\/it\/wp-json\/wp\/v2\/comments?post=623053"}],"version-history":[{"count":0,"href":"https:\/\/www.europesays.com\/it\/wp-json\/wp\/v2\/posts\/623053\/revisions"}],"wp:featuredmedia":[{"embeddable":true,"href":"https:\/\/www.europesays.com\/it\/wp-json\/wp\/v2\/media\/623054"}],"wp:attachment":[{"href":"https:\/\/www.europesays.com\/it\/wp-json\/wp\/v2\/media?parent=623053"}],"wp:term":[{"taxonomy":"category","embeddable":true,"href":"https:\/\/www.europesays.com\/it\/wp-json\/wp\/v2\/categories?post=623053"},{"taxonomy":"post_tag","embeddable":true,"href":"https:\/\/www.europesays.com\/it\/wp-json\/wp\/v2\/tags?post=623053"}],"curies":[{"name":"wp","href":"https:\/\/api.w.org\/{rel}","templated":true}]}}