{"id":623105,"date":"2026-08-08T04:10:25","date_gmt":"2026-08-08T04:10:25","guid":{"rendered":"https:\/\/www.europesays.com\/it\/623105\/"},"modified":"2026-08-08T04:10:25","modified_gmt":"2026-08-08T04:10:25","slug":"addio-a-abbe-lane-morta-a-93-anni-lattrice-e-cantante-statunitense","status":"publish","type":"post","link":"https:\/\/www.europesays.com\/it\/623105\/","title":{"rendered":"Addio a Abbe Lane, morta a 93 anni l\u2019attrice e cantante statunitense"},"content":{"rendered":"<p>Abbe Lane \u00e8 morta a 93 anni. L\u2019attrice, cantante e showgirl americana si \u00e8 spenta per cause naturali nella sua casa di Los Angeles il 25 aprile scorso, ma la notizia della sua scomparsa \u00e8 stata rivelata dal figlio Steven Leff al <a data-intcmp-qp=\"skytg24_foglia articolo_interlink_text\" rel=\"nofollow noopener\" href=\"https:\/\/www.hollywoodreporter.com\/movies\/movie-news\/abbe-lane-dead-singer-actress-xavier-cugat-1236665937\/\" target=\"_blank\">The Hollywood Reporter<\/a> nelle scorse ore. Interprete, cantante, ballerina e showgirl, Abbe Lane negli anni Cinquanta e Sessanta era una delle artiste pi\u00f9 conosciute a livello internazionale e il suo successo spaziava da Hollywood a Broadway all\u2019Italia.<\/p>\n<p>\t\t \tChi era<\/p>\n<p>Abbe Lane ha rappresentato uno dei volti pi\u00f9 noti dell&#8217;intrattenimento del secondo dopoguerra: \u00e8 stata la regina del cha cha cha accanto a Xavier Cugat, ma anche la protagonista di film con Tot\u00f2, Vittorio De Sica e Alberto Sordi. Grazie alla sua voce versatile, alla sua presenza scenica e al suo talento trasversale, ha saputo costruire una carriera internazionale che l\u2019ha vista protagonista al cinema, in teatro e in tv come attrice, cantante, ballerina e personaggio televisivo.<\/p>\n<p>Gli inizi e l\u2019incontro con Cugat<\/p>\n<p>Abigail Francine Lassman, questo il suo vero nome, era nata il 14 dicembre 1932 a Brooklyn e cresciuta a Manhattan. Da bambina ha esordito nel mondo dello spettacolo come interprete radiofonica, poi nella sua New York ha studiato musica e arte e si \u00e8 presto fatta notare come cantante e ballerina a Broadway. Qui, durante un\u2019esibizione, l\u2019ha notata anche il celebre musicista Xavier Cugat e l\u2019ha scelta come cantante della sua orchestra: i due si sono sposati nel 1952, diventando all\u2019apparenza una delle coppie vip pi\u00f9 famose e glamour dell\u2019epoca. Il matrimonio \u00e8 finito nel 1964 e molti anni dopo la cantante ha raccontato di aver subito \u201cviolenze psicologiche\u201d. Abbe Lane ha poi sposato l&#8217;agente artistico Perry Leff, che \u00e8 morto nel 2020.<\/p>\n<p>\t\t\t<a class=\"c-inline-card j-inline-card c-inline-card--with-image\" href=\"https:\/\/tg24.sky.it\/spettacolo\/musica\/2026\/08\/06\/francesco-guccini-canzoni-famose\" rel=\"follow nofollow noopener\" data-intcmp=\"skytg24_articolo_approfondimenti_inline\" target=\"_blank\"><\/p>\n<p>\t\t\t         <img decoding=\"async\" crossorigin=\"anonymous\" alt=\"\"  loading=\"lazy\"  src=\"https:\/\/www.europesays.com\/it\/wp-content\/uploads\/2026\/08\/Francesco-Guccini-Paolo-De-Francesco.jpg\"\/><\/p>\n<p>\n\t\t\t         Vedi anche<br \/>\n\t\t\t         \u00c8 morto Francesco Guccini, il ricordo attraverso 10 sue canzoni\n\t\t\t      <\/p>\n<p>\t\t\t<\/a><\/p>\n<p>\t\t \tMusica e cinema<\/p>\n<p>Abbe Lane \u00e8 stata la voce dell&#8217;orchestra di Cugat per pi\u00f9 di un decennio e si \u00e8 esibita in giro per il mondo, contribuendo a far conoscere mambo, cha cha cha e rumba al grande pubblico. Oltre alla carriera musicale, \u00e8 stata protagonista anche al cinema: ha recitato con artisti come Glenn Ford, Cornel Wilde, Van Heflin, Audie Murphy, Julie Adams e Dennis O&#8217;Keefe. Tra i film pi\u00f9 famosi rimangono Le ali del falco (1953), La mano vendicatrice (1954), Il sindacato di Chicago (1955), L&#8217;americano (1955), Maracaibo (1958).<\/p>\n<p>L\u2019Italia<\/p>\n<p>A contribuire al suo successo internazionale \u00e8 stata anche la partecipazione a produzioni italiane, come Lo scapolo di Antonio Pietrangeli accanto ad Alberto Sordi. Ha lavorato sul set anche con Tot\u00f2, Vittorio De Sica, Walter Chiari, Ugo Tognazzi, Louis de Fun\u00e8s e Mario Carotenuto. Tra i film pi\u00f9 celebri ci sono Tot\u00f2, Vittorio e la dottoressa (1957), Parola di ladro (1957), Marinai, donne e guai (1958), Tot\u00f2, Eva e il pennello proibito (1959), Roulotte e roulette (1959), Il mio amico Jekyll (1960), I baccanali di Tiberio (1960), Giulio Cesare contro i pirati (1962).<\/p>\n<p>Ancora Tv, teatro e non solo<\/p>\n<p>Sia in Italia sia negli Usa \u00e8 arrivata al grande pubblico anche grazie alle sue apparizioni in tv e in programmi del piccolo schermo diventati cult. Ha continuato a esibirsi a Broadway (da ricordare la commedia musicale Oh, Captain!, diretta da Jos\u00e9 Ferrer, con protagonista anche Tony Randall). E ha inciso degli album che l\u2019hanno consacrata come una delle interpreti pi\u00f9 apprezzate della musica leggera americana. Ha continuato a esibirsi a Las Vegas e nei principali teatri. E ha lasciato un segno nel mondo dello spettacolo, come testimonia la stella col suo nome sulla Hollywood Walk of Fame.<\/p>\n<p>\t\t\t<a class=\"c-inline-card j-inline-card c-inline-card--with-image\" href=\"https:\/\/tg24.sky.it\/spettacolo\/cinema\/2026\/06\/15\/casa-alberto-sordi-cinema\" rel=\"follow nofollow noopener\" data-intcmp=\"skytg24_articolo_approfondimenti_inline\" target=\"_blank\"><\/p>\n<p>\t\t\t         <img decoding=\"async\" crossorigin=\"anonymous\" alt=\"\"  loading=\"lazy\"  src=\"https:\/\/www.europesays.com\/it\/wp-content\/uploads\/2026\/08\/Webphoto_Venezia_la_luna.jpg\"\/><\/p>\n<p>\n\t\t\t         Vedi anche<br \/>\n\t\t\t         Alberto Sordi, 106 anni dalla nascita: alla Casa Museo il suo cinema\n\t\t\t      <\/p>\n<p>\t\t\t<\/a><\/p>\n","protected":false},"excerpt":{"rendered":"Abbe Lane \u00e8 morta a 93 anni. L\u2019attrice, cantante e showgirl americana si \u00e8 spenta per cause naturali&hellip;\n","protected":false},"author":3,"featured_media":623106,"comment_status":"","ping_status":"","sticky":false,"template":"","format":"standard","meta":{"footnotes":"","_share_on_mastodon":"0"},"categories":[1451],"tags":[2922,28119,1621,1620,369,203,204,1537,90,89],"class_list":["post-623105","post","type-post","status-publish","format-standard","has-post-thumbnail","category-celebrita","tag-addii","tag-attrici","tag-celebrita","tag-celebrities","tag-digitall","tag-entertainment","tag-intrattenimento","tag-it","tag-italia","tag-italy"],"share_on_mastodon":{"url":"https:\/\/pubeurope.com\/@it\/117057934306872201","error":""},"_links":{"self":[{"href":"https:\/\/www.europesays.com\/it\/wp-json\/wp\/v2\/posts\/623105","targetHints":{"allow":["GET"]}}],"collection":[{"href":"https:\/\/www.europesays.com\/it\/wp-json\/wp\/v2\/posts"}],"about":[{"href":"https:\/\/www.europesays.com\/it\/wp-json\/wp\/v2\/types\/post"}],"author":[{"embeddable":true,"href":"https:\/\/www.europesays.com\/it\/wp-json\/wp\/v2\/users\/3"}],"replies":[{"embeddable":true,"href":"https:\/\/www.europesays.com\/it\/wp-json\/wp\/v2\/comments?post=623105"}],"version-history":[{"count":0,"href":"https:\/\/www.europesays.com\/it\/wp-json\/wp\/v2\/posts\/623105\/revisions"}],"wp:featuredmedia":[{"embeddable":true,"href":"https:\/\/www.europesays.com\/it\/wp-json\/wp\/v2\/media\/623106"}],"wp:attachment":[{"href":"https:\/\/www.europesays.com\/it\/wp-json\/wp\/v2\/media?parent=623105"}],"wp:term":[{"taxonomy":"category","embeddable":true,"href":"https:\/\/www.europesays.com\/it\/wp-json\/wp\/v2\/categories?post=623105"},{"taxonomy":"post_tag","embeddable":true,"href":"https:\/\/www.europesays.com\/it\/wp-json\/wp\/v2\/tags?post=623105"}],"curies":[{"name":"wp","href":"https:\/\/api.w.org\/{rel}","templated":true}]}}