{"id":623442,"date":"2026-08-08T09:46:16","date_gmt":"2026-08-08T09:46:16","guid":{"rendered":"https:\/\/www.europesays.com\/it\/623442\/"},"modified":"2026-08-08T09:46:16","modified_gmt":"2026-08-08T09:46:16","slug":"secondo-weekend-da-bollino-nero-traffico-intenso-sulle-autostrade-palermo-catania-e-palermo-mazara","status":"publish","type":"post","link":"https:\/\/www.europesays.com\/it\/623442\/","title":{"rendered":"Secondo weekend da bollino nero, traffico intenso sulle autostrade Palermo-Catania e Palermo-Mazara"},"content":{"rendered":"<p>Secondo weekend da bollino nero sulle autostrade palermitane. Tra oggi, venerd\u00ec 7 agosto, e domenica 9 agosto \u00e8 atteso un forte aumento del traffico anche lungo la A19 Palermo-Catania e la A29 Palermo-Mazara del Vallo, interessate entrambe dalle partenze verso le localit\u00e0 di villeggiatura. La giornata pi\u00f9 critica sar\u00e0 quella di domani, sabato 8 agosto, con bollino nero in mattinata, mentre \u00e8 previsto bollino rosso nei pomeriggi di oggi, domani e domenica.\u00a0<\/p>\n<p>Entra cos\u00ec nel vivo l\u2019esodo estivo nella settimana che precede Ferragosto e coincide con la chiusura di gran parte delle attivit\u00e0 economiche. Secondo le stime nazionali dell\u2019Osservatorio mobilit\u00e0 stradale di Anas, da oggi a domenica sulle strade e autostrade gestite dalla societ\u00e0 del Gruppo Fs sono previsti oltre 25 milioni di spostamenti di autoveicoli. A incidere sui flussi saranno soprattutto le partenze dai grandi centri urbani e gli spostamenti verso le localit\u00e0 turistiche e balneari. Domenica pomeriggio, invece, il traffico sar\u00e0 alimentato anche dai rientri verso le citt\u00e0 al termine del fine settimana. Per agevolare la circolazione Anas ha ridotto la presenza dei cantieri lungo la propria rete: fino al 7 settembre saranno chiusi o sospesi 1.175 cantieri, pari all\u201983% dei 1.414 attivi. Circa 2.500 tra tecnici, personale di esercizio e operatori delle sale operative territoriali e della sala situazioni nazionale saranno impegnati nel presidio della rete.\u00a0<\/p>\n<p>Scattano anche le limitazioni per i mezzi pesanti. Il divieto di transito \u00e8 in vigore oggi, venerd\u00ec 7 agosto, dalle 16 alle 22, domani dalle 8 alle 22 e domenica dalle 7 alle 22. Dal 4 agosto sono inoltre entrati in funzione, in collaborazione con la polizia stradale, i nuovi sistemi Vergilius plus per il controllo della velocit\u00e0 su 36 tratte della rete Anas.<\/p>\n<p>\u201cLa sicurezza &#8211; dice l\u2019amministratore delegato di Anas, Claudio Andrea Gemme &#8211; deve guidare ogni spostamento. Il rispetto dei limiti di velocit\u00e0, il mantenimento della distanza di sicurezza, l\u2019assenza di distrazioni alla guida e soste periodiche durante i tragitti pi\u00f9 lunghi rappresentano comportamenti indispensabili per prevenire incidenti e contribuire a una circolazione pi\u00f9 fluida e sicura. Le giornate contrassegnate dal bollino nero coincidono con il picco degli spostamenti estivi e richiedono un\u2019attenzione ancora maggiore da parte di tutti gli utenti della strada. Per questo rivolgiamo un appello ai viaggiatori affinch\u00e9 pianifichino il viaggio con anticipo\u201d.\u00a0<\/p>\n<p>Le raccomandazioni di Anas per viaggiare in sicurezza\u00a0<\/p>\n<p>Anas invita chi si mette in viaggio a controllare preventivamente le condizioni del veicolo, in particolare pressione degli pneumatici, luci e livelli di olio e acqua, e a consultare le previsioni meteorologiche e la situazione del traffico prima della partenza. Nei giorni caratterizzati da temperature elevate \u00e8 inoltre consigliato portare con s\u00e9 una scorta d\u2019acqua. Tra le raccomandazioni figurano il rispetto dei limiti di velocit\u00e0 e della distanza di sicurezza, l\u2019utilizzo delle cinture da parte di tutti i passeggeri e dei dispositivi previsti per i bambini e il divieto assoluto di mettersi alla guida dopo avere assunto alcol o droghe. In caso di stanchezza o sonnolenza \u00e8 necessario fermarsi in un\u2019area di servizio e riposare prima di riprendere il viaggio.\u00a0<\/p>\n<p>Particolare attenzione anche sulle distrazioni al volante. Anas ricorda che guidare senza guardare la strada, distogliere l\u2019attenzione dalla guida o impegnare le mani in altre attivit\u00e0 aumenta sensibilmente il rischio di incidenti. Prima della partenza \u00e8 possibile verificare la situazione della circolazione attraverso i servizi di infomobilit\u00e0 Anas, l\u2019app &#8220;Vai&#8221;, il Cciss Viaggiare informati e il numero verde Pronto Anas 800.841.148, attivo 24 ore su 24.<\/p>\n","protected":false},"excerpt":{"rendered":"Secondo weekend da bollino nero sulle autostrade palermitane. Tra oggi, venerd\u00ec 7 agosto, e domenica 9 agosto \u00e8&hellip;\n","protected":false},"author":3,"featured_media":623443,"comment_status":"","ping_status":"","sticky":false,"template":"","format":"standard","meta":{"footnotes":"","_share_on_mastodon":"0"},"categories":[79],"tags":[4101,14,93,94,1537,90,89,7,15,1780,11,84,91,12,85,92],"class_list":["post-623442","post","type-post","status-publish","format-standard","has-post-thumbnail","category-italia","tag-autostrade","tag-cronaca","tag-cronaca-italiana","tag-cronacaitaliana","tag-it","tag-italia","tag-italy","tag-news","tag-notizie","tag-traffico","tag-ultime-notizie","tag-ultime-notizie-e-news-di-oggi","tag-ultime-notizie-italia","tag-ultimenotizie","tag-ultimenotizieenewsdioggi","tag-ultimenotizieitalia"],"share_on_mastodon":{"url":"https:\/\/pubeurope.com\/@it\/117059255431007602","error":""},"_links":{"self":[{"href":"https:\/\/www.europesays.com\/it\/wp-json\/wp\/v2\/posts\/623442","targetHints":{"allow":["GET"]}}],"collection":[{"href":"https:\/\/www.europesays.com\/it\/wp-json\/wp\/v2\/posts"}],"about":[{"href":"https:\/\/www.europesays.com\/it\/wp-json\/wp\/v2\/types\/post"}],"author":[{"embeddable":true,"href":"https:\/\/www.europesays.com\/it\/wp-json\/wp\/v2\/users\/3"}],"replies":[{"embeddable":true,"href":"https:\/\/www.europesays.com\/it\/wp-json\/wp\/v2\/comments?post=623442"}],"version-history":[{"count":0,"href":"https:\/\/www.europesays.com\/it\/wp-json\/wp\/v2\/posts\/623442\/revisions"}],"wp:featuredmedia":[{"embeddable":true,"href":"https:\/\/www.europesays.com\/it\/wp-json\/wp\/v2\/media\/623443"}],"wp:attachment":[{"href":"https:\/\/www.europesays.com\/it\/wp-json\/wp\/v2\/media?parent=623442"}],"wp:term":[{"taxonomy":"category","embeddable":true,"href":"https:\/\/www.europesays.com\/it\/wp-json\/wp\/v2\/categories?post=623442"},{"taxonomy":"post_tag","embeddable":true,"href":"https:\/\/www.europesays.com\/it\/wp-json\/wp\/v2\/tags?post=623442"}],"curies":[{"name":"wp","href":"https:\/\/api.w.org\/{rel}","templated":true}]}}